{"id":80495,"date":"2019-05-25T14:17:33","date_gmt":"2019-05-25T10:17:33","guid":{"rendered":""},"modified":"-0001-11-30T00:00:00","modified_gmt":"-0001-11-29T20:00:00","slug":"","status":"publish","type":"post","link":"https:\/\/ucnoqta.az\/?p=80495","title":{"rendered":"K\u0259nd T\u0259s\u0259rr\u00fcfat\u0131 naziri L\u0259nk\u0259randa v\u0259t\u0259nda\u015flar\u0131 q\u0259bul ed\u0259c\u0259k"},"content":{"rendered":"<p><strong>K\u0259nd T\u0259s\u0259rr&uuml;fat\u0131 naziri&nbsp;\u0130nam K\u0259rimov&nbsp;may\u0131n 30-u saat 11:00-da L\u0259nk\u0259ran D&ouml;vl\u0259t Aqrar \u0130nki\u015faf M\u0259rk\u0259zinin inzibati binas\u0131nda L\u0259nk\u0259ran v\u0259 Astara rayonlar\u0131n\u0131n sakinl\u0259ri il\u0259 g&ouml;r&uuml;\u015f\u0259c\u0259k.<\/strong><\/p>\n<p>K\u0259nd T\u0259s\u0259rr&uuml;fat\u0131 Nazirliyind\u0259n&nbsp;veril\u0259n m\u0259lumata g&ouml;r\u0259, may\u0131n 30-u saat 11:00-da K\u0259nd T\u0259s\u0259rr&uuml;fat\u0131 nazirinin m&uuml;avini \u0130lham Quliyev Masall\u0131 D&ouml;vl\u0259t Aqrar \u0130nki\u015faf M\u0259rk\u0259zind\u0259 Masall\u0131 v\u0259 Yard\u0131ml\u0131 rayonlar\u0131ndan olan v\u0259t\u0259nda\u015flar\u0131, K\u0259nd t\u0259s\u0259rr&uuml;fat\u0131 nazirinin m&uuml;avini Seyf\u0259ddin Tal\u0131bov is\u0259 C\u0259lilabad D&ouml;vl\u0259t Aqrar \u0130nki\u015faf M\u0259rk\u0259zind\u0259 bu rayondan olan v\u0259t\u0259nda\u015flar\u0131 q\u0259bul ed\u0259c\u0259kl\u0259r.<\/p>\n<p>V\u0259t\u0259nda\u015f q\u0259bulunda i\u015ftirak etm\u0259k ist\u0259y\u0259nl\u0259r L\u0259nk\u0259ran D&ouml;vl\u0259t Aqrar \u0130nki\u015faf M\u0259rk\u0259zin\u0259 (050-205-44-24), Masall\u0131 D&ouml;vl\u0259t Aqrar \u0130nki\u015faf M\u0259rk\u0259zin\u0259 (050-287-12-12) v\u0259 C\u0259lilabad D&ouml;vl\u0259t Aqrar \u0130nki\u015faf M\u0259rk\u0259zin\u0259 (050-40852-62) m&uuml;raci\u0259t ed\u0259 bil\u0259rl\u0259r.<\/p>\n<p>Q\u0259bula yaz\u0131lmaq &uuml;&ccedil;&uuml;n h\u0259m&ccedil;inin K\u0259nd T\u0259s\u0259rr&uuml;fat\u0131 Nazirliyinin &ldquo;&Ccedil;a\u011fr\u0131 m\u0259rk\u0259zi&rdquo; (1652) v\u0259 elektron po&ccedil;tu (web@agro.gov.az) vasit\u0259si il\u0259 d\u0259 qeydiyyatdan ke&ccedil;m\u0259k olar.<\/p>\n","protected":false},"excerpt":{"rendered":"<p>K\u0259nd T\u0259s\u0259rr&uuml;fat\u0131 naziri&nbsp;\u0130nam K\u0259rimov&nbsp;may\u0131n 30-u saat 11:00-da L\u0259nk\u0259ran D&ouml;vl\u0259t Aqrar \u0130nki\u015faf M\u0259rk\u0259zinin inzibati binas\u0131nda L\u0259nk\u0259ran v\u0259 Astara rayonlar\u0131n\u0131n sakinl\u0259ri il\u0259 g&ouml;r&uuml;\u015f\u0259c\u0259k. K\u0259nd T\u0259s\u0259rr&uuml;fat\u0131 Nazirliyind\u0259n&nbsp;veril\u0259n m\u0259lumata g&ouml;r\u0259, may\u0131n 30-u saat 11:00-da&hellip;<\/p>\n","protected":false},"author":1,"featured_media":251278,"comment_status":"open","ping_status":"open","sticky":false,"template":"","format":"standard","meta":{"_lmt_disableupdate":"","_lmt_disable":"","footnotes":""},"categories":[],"tags":[],"class_list":["post-80495","post","type-post","status-publish","format-standard","has-post-thumbnail","hentry"],"_links":{"self":[{"href":"https:\/\/ucnoqta.az\/index.php?rest_route=\/wp\/v2\/posts\/80495","targetHints":{"allow":["GET"]}}],"collection":[{"href":"https:\/\/ucnoqta.az\/index.php?rest_route=\/wp\/v2\/posts"}],"about":[{"href":"https:\/\/ucnoqta.az\/index.php?rest_route=\/wp\/v2\/types\/post"}],"author":[{"embeddable":true,"href":"https:\/\/ucnoqta.az\/index.php?rest_route=\/wp\/v2\/users\/1"}],"replies":[{"embeddable":true,"href":"https:\/\/ucnoqta.az\/index.php?rest_route=%2Fwp%2Fv2%2Fcomments&post=80495"}],"version-history":[{"count":0,"href":"https:\/\/ucnoqta.az\/index.php?rest_route=\/wp\/v2\/posts\/80495\/revisions"}],"wp:featuredmedia":[{"embeddable":true,"href":"https:\/\/ucnoqta.az\/index.php?rest_route=\/wp\/v2\/media\/251278"}],"wp:attachment":[{"href":"https:\/\/ucnoqta.az\/index.php?rest_route=%2Fwp%2Fv2%2Fmedia&parent=80495"}],"wp:term":[{"taxonomy":"category","embeddable":true,"href":"https:\/\/ucnoqta.az\/index.php?rest_route=%2Fwp%2Fv2%2Fcategories&post=80495"},{"taxonomy":"post_tag","embeddable":true,"href":"https:\/\/ucnoqta.az\/index.php?rest_route=%2Fwp%2Fv2%2Ftags&post=80495"}],"curies":[{"name":"wp","href":"https:\/\/api.w.org\/{rel}","templated":true}]}}