{"id":80492,"date":"2019-05-25T13:11:57","date_gmt":"2019-05-25T09:11:57","guid":{"rendered":""},"modified":"-0001-11-30T00:00:00","modified_gmt":"-0001-11-29T20:00:00","slug":"","status":"publish","type":"post","link":"https:\/\/ucnoqta.az\/?p=80492","title":{"rendered":"Azad R\u0259himov: <font color=red><b>&#8220;Mxitaryana g\u00f6r\u0259 F-16 q\u0131r\u0131c\u0131lar\u0131n\u0131 g\u00f6nd\u0259r\u0259k?&#8221; <\/b><\/font>"},"content":{"rendered":"<p><strong>Az\u0259rbaycan Bak\u0131da olaca\u011f\u0131 m&uuml;dd\u0259td\u0259 &ldquo;Arsenal&rdquo; klubunun futbol&ccedil;usu Henrix Mxitaryan\u0131n t\u0259hl&uuml;k\u0259sizliyin\u0259 tam z\u0259man\u0259t verir.<\/strong><\/p>\n<p>Bu haqda Az\u0259rbaycan\u0131n G\u0259ncl\u0259r v\u0259 \u0130dman naziri Azad R\u0259himov&nbsp;CNN-\u0259 verdiyi m&uuml;sahib\u0259d\u0259 dan\u0131\u015f\u0131b. Amerika telekanal\u0131n\u0131n jurnalisti Az\u0259rbaycan\u0131n&nbsp;Mxitaryan\u0131n t\u0259hl&uuml;k\u0259sizliyin\u0259 daha &ccedil;ox z\u0259man\u0259t&nbsp;verm\u0259y\u0259 haz\u0131r olub-olmad\u0131\u011f\u0131n\u0131 soru\u015fub. Nazir Az\u0259rbaycan\u0131n b&uuml;t&uuml;n m&uuml;mk&uuml;n z\u0259man\u0259tl\u0259ri verdiyini vur\u011fulay\u0131b.<\/p>\n<p>&ldquo;Ba\u015fqa n\u0259 etm\u0259liyik ki? Dal\u0131nca F-16 q\u0131r\u0131c\u0131lar\u0131n\u0131n m&uuml;\u015fayi\u0259ti il\u0259 \u015f\u0259xsi t\u0259yyar\u0259 g&ouml;nd\u0259rm\u0259liyik? Bundan ba\u015fqa n\u0259 ed\u0259 bil\u0259rik ax\u0131?&rdquo;, &#8211; dey\u0259 nazir bildirib.<br \/>\nA.R\u0259himov&nbsp; Mxitaryan\u0131n Bak\u0131ya g\u0259l\u0259c\u0259yi t\u0259qdird\u0259 t\u0259hl&uuml;k\u0259sizliyinin tam t\u0259min olunaca\u011f\u0131 il\u0259 ba\u011fl\u0131 b&uuml;t&uuml;n s\u0259n\u0259dl\u0259rin h\u0259m UEFA, h\u0259m d\u0259 futbol&ccedil;unun &ccedil;\u0131x\u0131\u015f etdiyi &ldquo;Arsenal&rdquo; futbol klubuna g&ouml;nd\u0259rildiyini diqq\u0259t\u0259 &ccedil;atd\u0131r\u0131b.<\/p>\n<p>&ldquo;Az\u0259rbaycan h&ouml;kum\u0259tinin, h\u0259m&ccedil;inin, Az\u0259rbaycan Futbol Federasiyalar\u0131 Assosasiyas\u0131 v\u0259 t\u0259hl&uuml;k\u0259sizliy\u0259 cavab ver\u0259n b&uuml;t&uuml;n d&ouml;vl\u0259t orqanlar\u0131n\u0131n ad\u0131ndan z\u0259man\u0259t m\u0259ktubu g&ouml;nd\u0259rmi\u015f\u0259m&rdquo;, &#8211; dey\u0259 nazir \u0259lav\u0259 edib.<\/p>\n<p>O, h\u0259m&ccedil;inin, qeyd edib ki, Mxitaryana \u015f\u0259xs\u0259n t\u0259hl&uuml;k\u0259sizlikl\u0259 ba\u011fl\u0131 z\u0259man\u0259tl\u0259rin &ccedil;atd\u0131r\u0131lmas\u0131 &uuml;&ccedil;&uuml;n&nbsp;onun Az\u0259rbaycan s\u0259firliyi il\u0259 \u0259laq\u0259 yaratmas\u0131 t\u0259klif edils\u0259 d\u0259, futbol&ccedil;u m&uuml;raci\u0259t etm\u0259yib.<br \/>\nBak\u0131ya g\u0259lm\u0259k ist\u0259y\u0259n dig\u0259r erm\u0259ni \u0259silli futbol azarke\u015fl\u0259rin\u0259 g\u0259linc\u0259, nazir Az\u0259rbaycan\u0131n he&ccedil; vaxt azarke\u015fl\u0259rin &ouml;lk\u0259d\u0259 ke&ccedil;iril\u0259n beyn\u0259lxalq miqyasl\u0131 idman t\u0259dbirl\u0259rind\u0259 i\u015ftirak\u0131na \u0259ng\u0259l yaratmad\u0131\u011f\u0131n\u0131 dil\u0259 g\u0259tirib.<\/p>\n<p>&ldquo;Erm\u0259ni \u0259silli ist\u0259nil\u0259n \u015f\u0259xs Az\u0259rbaycana viza almaq &uuml;&ccedil;&uuml;n sor\u011fu g&ouml;nd\u0259r\u0259 bil\u0259r&rdquo;, &#8211; dey\u0259 o \u0259lav\u0259 edib.<\/p>\n<p>Xat\u0131rladaq ki, UEFA Avropa Liqas\u0131n\u0131n final\u0131 may\u0131n 29-da Bak\u0131 Olimpiya Stadionunda ke&ccedil;iril\u0259c\u0259k.<\/p>\n<p>Bundan \u0259vv\u0259l &ldquo;Arsenal&rdquo; klubu erm\u0259ni futbol&ccedil;u Henrix Mxitaryan\u0131 &ldquo;&Ccedil;elsi&rdquo;y\u0259 qar\u015f\u0131 mat&ccedil;a Bak\u0131ya g\u0259tirm\u0259y\u0259c\u0259yini b\u0259yan edib.&nbsp;<\/p>\n<p>&ldquo;Biz Mxitaryanla ba\u011fl\u0131 b&uuml;t&uuml;n variantlar\u0131 n\u0259z\u0259rd\u0259n ke&ccedil;irmi\u015fik, onunla v\u0259 ail\u0259si il\u0259 dan\u0131\u015f\u0131qlar aparm\u0131\u015f\u0131q. Ke&ccedil;iril\u0259n g&ouml;r&uuml;\u015fd\u0259n sonra q\u0259rar ald\u0131q ki, o, final oyununda oynamayacaq. Biz art\u0131q bu bar\u0259d\u0259 UEFA-n\u0131 da m\u0259lumatland\u0131rm\u0131\u015f\u0131q&rdquo;, &#8211; dey\u0259 saytda d\u0259rc olunan b\u0259yanatda deyilib.\/oxu.az<\/p>\n","protected":false},"excerpt":{"rendered":"<p>Az\u0259rbaycan Bak\u0131da olaca\u011f\u0131 m&uuml;dd\u0259td\u0259 &ldquo;Arsenal&rdquo; klubunun futbol&ccedil;usu Henrix Mxitaryan\u0131n t\u0259hl&uuml;k\u0259sizliyin\u0259 tam z\u0259man\u0259t verir. Bu haqda Az\u0259rbaycan\u0131n G\u0259ncl\u0259r v\u0259 \u0130dman naziri Azad R\u0259himov&nbsp;CNN-\u0259 verdiyi m&uuml;sahib\u0259d\u0259 dan\u0131\u015f\u0131b. Amerika telekanal\u0131n\u0131n jurnalisti Az\u0259rbaycan\u0131n&nbsp;Mxitaryan\u0131n t\u0259hl&uuml;k\u0259sizliyin\u0259&hellip;<\/p>\n","protected":false},"author":1,"featured_media":251278,"comment_status":"open","ping_status":"open","sticky":false,"template":"","format":"standard","meta":{"_lmt_disableupdate":"","_lmt_disable":"","footnotes":""},"categories":[],"tags":[],"class_list":["post-80492","post","type-post","status-publish","format-standard","has-post-thumbnail","hentry"],"_links":{"self":[{"href":"https:\/\/ucnoqta.az\/index.php?rest_route=\/wp\/v2\/posts\/80492","targetHints":{"allow":["GET"]}}],"collection":[{"href":"https:\/\/ucnoqta.az\/index.php?rest_route=\/wp\/v2\/posts"}],"about":[{"href":"https:\/\/ucnoqta.az\/index.php?rest_route=\/wp\/v2\/types\/post"}],"author":[{"embeddable":true,"href":"https:\/\/ucnoqta.az\/index.php?rest_route=\/wp\/v2\/users\/1"}],"replies":[{"embeddable":true,"href":"https:\/\/ucnoqta.az\/index.php?rest_route=%2Fwp%2Fv2%2Fcomments&post=80492"}],"version-history":[{"count":0,"href":"https:\/\/ucnoqta.az\/index.php?rest_route=\/wp\/v2\/posts\/80492\/revisions"}],"wp:featuredmedia":[{"embeddable":true,"href":"https:\/\/ucnoqta.az\/index.php?rest_route=\/wp\/v2\/media\/251278"}],"wp:attachment":[{"href":"https:\/\/ucnoqta.az\/index.php?rest_route=%2Fwp%2Fv2%2Fmedia&parent=80492"}],"wp:term":[{"taxonomy":"category","embeddable":true,"href":"https:\/\/ucnoqta.az\/index.php?rest_route=%2Fwp%2Fv2%2Fcategories&post=80492"},{"taxonomy":"post_tag","embeddable":true,"href":"https:\/\/ucnoqta.az\/index.php?rest_route=%2Fwp%2Fv2%2Ftags&post=80492"}],"curies":[{"name":"wp","href":"https:\/\/api.w.org\/{rel}","templated":true}]}}