{"id":80487,"date":"2019-05-25T11:30:35","date_gmt":"2019-05-25T07:30:35","guid":{"rendered":""},"modified":"-0001-11-30T00:00:00","modified_gmt":"-0001-11-29T20:00:00","slug":"","status":"publish","type":"post","link":"https:\/\/ucnoqta.az\/?p=80487","title":{"rendered":"Bak\u0131da kafe sahibi q\u0259tl\u0259 yetirildi"},"content":{"rendered":"<p><strong>Bak\u0131da kafed\u0259 q\u0259tl hadis\u0259si t&ouml;r\u0259dilib.<\/strong><\/p>\n<p>Hadis\u0259 paytaxt\u0131n Bin\u0259q\u0259di rayonundak\u0131 9 sayl\u0131 yataqxanan\u0131n qar\u015f\u0131s\u0131ndak\u0131 kafed\u0259 ba\u015f verib. H\u0259min kafenin icar\u0259dar\u0131, Nax&ccedil;\u0131van Muxtar Respublikas\u0131n\u0131n \u015e\u0259rur rayonunun Danzik k\u0259ndind\u0259 anadan olmu\u015f, 1972-ci il t\u0259v\u0259ll&uuml;dl&uuml; Sad\u0131qov Zahid Yaqub o\u011flunun &uuml;z\u0259rind\u0259 x\u0259sar\u0259tl\u0259r olan meyiti kafed\u0259 a\u015fkar edilib.<\/p>\n<p>Faktla ba\u011fl\u0131 Bin\u0259q\u0259di rayon Prokurorlu\u011funda Cinay\u0259t M\u0259c\u0259ll\u0259sinin 120.1-ci (q\u0259sd\u0259n adam &ouml;ld&uuml;rm\u0259) madd\u0259sil\u0259 cinay\u0259t i\u015fi ba\u015flan\u0131b.<\/p>\n<p>Ke&ccedil;iril\u0259n \u0259m\u0259liyyat-axtar\u0131\u015f t\u0259dbirl\u0259ri n\u0259tic\u0259sind\u0259 q\u0259tl hadis\u0259sini t&ouml;r\u0259tm\u0259kd\u0259 \u015f&uuml;bh\u0259li bilin\u0259n 1998-ci il t\u0259v\u0259ll&uuml;dl&uuml; H&uuml;seynov \u018fmrah X\u0259yal o\u011flu \u015f&uuml;bh\u0259li \u015f\u0259xs qismind\u0259 tutularaq istintaqa c\u0259lb edilib.<\/p>\n<p>M\u0259lumata g&ouml;r\u0259, \u018f. H&uuml;seynov hadis\u0259d\u0259n \u0259vv\u0259l kafed\u0259 Z.Sad\u0131qovla yem\u0259k yeyib. S\u0259rxo\u015f v\u0259ziyy\u0259td\u0259 olan tan\u0131\u015flar aras\u0131nda m&uuml;bahis\u0259 yaran\u0131b v\u0259 n\u0259tic\u0259d\u0259 \u018f.H&uuml;seynov kafenin icar\u0259dar\u0131n\u0131 q\u0259tl\u0259 yetirib.\/trend<\/p>\n","protected":false},"excerpt":{"rendered":"<p>Bak\u0131da kafed\u0259 q\u0259tl hadis\u0259si t&ouml;r\u0259dilib. Hadis\u0259 paytaxt\u0131n Bin\u0259q\u0259di rayonundak\u0131 9 sayl\u0131 yataqxanan\u0131n qar\u015f\u0131s\u0131ndak\u0131 kafed\u0259 ba\u015f verib. H\u0259min kafenin icar\u0259dar\u0131, Nax&ccedil;\u0131van Muxtar Respublikas\u0131n\u0131n \u015e\u0259rur rayonunun Danzik k\u0259ndind\u0259 anadan olmu\u015f, 1972-ci il&hellip;<\/p>\n","protected":false},"author":1,"featured_media":251278,"comment_status":"open","ping_status":"open","sticky":false,"template":"","format":"standard","meta":{"_lmt_disableupdate":"","_lmt_disable":"","footnotes":""},"categories":[],"tags":[],"class_list":["post-80487","post","type-post","status-publish","format-standard","has-post-thumbnail","hentry"],"_links":{"self":[{"href":"https:\/\/ucnoqta.az\/index.php?rest_route=\/wp\/v2\/posts\/80487","targetHints":{"allow":["GET"]}}],"collection":[{"href":"https:\/\/ucnoqta.az\/index.php?rest_route=\/wp\/v2\/posts"}],"about":[{"href":"https:\/\/ucnoqta.az\/index.php?rest_route=\/wp\/v2\/types\/post"}],"author":[{"embeddable":true,"href":"https:\/\/ucnoqta.az\/index.php?rest_route=\/wp\/v2\/users\/1"}],"replies":[{"embeddable":true,"href":"https:\/\/ucnoqta.az\/index.php?rest_route=%2Fwp%2Fv2%2Fcomments&post=80487"}],"version-history":[{"count":0,"href":"https:\/\/ucnoqta.az\/index.php?rest_route=\/wp\/v2\/posts\/80487\/revisions"}],"wp:featuredmedia":[{"embeddable":true,"href":"https:\/\/ucnoqta.az\/index.php?rest_route=\/wp\/v2\/media\/251278"}],"wp:attachment":[{"href":"https:\/\/ucnoqta.az\/index.php?rest_route=%2Fwp%2Fv2%2Fmedia&parent=80487"}],"wp:term":[{"taxonomy":"category","embeddable":true,"href":"https:\/\/ucnoqta.az\/index.php?rest_route=%2Fwp%2Fv2%2Fcategories&post=80487"},{"taxonomy":"post_tag","embeddable":true,"href":"https:\/\/ucnoqta.az\/index.php?rest_route=%2Fwp%2Fv2%2Ftags&post=80487"}],"curies":[{"name":"wp","href":"https:\/\/api.w.org\/{rel}","templated":true}]}}