{"id":80484,"date":"2019-05-25T10:38:37","date_gmt":"2019-05-25T06:38:37","guid":{"rendered":""},"modified":"-0001-11-30T00:00:00","modified_gmt":"-0001-11-29T20:00:00","slug":"","status":"publish","type":"post","link":"https:\/\/ucnoqta.az\/?p=80484","title":{"rendered":"Heyd\u0259r \u018fliyev Fondu n\u00f6vb\u0259ti iftar s\u00fcfr\u0259sini A\u011fsuda a\u00e7\u0131b <font color=red><b>-FOTO<\/b><\/font>"},"content":{"rendered":"<p><strong>Heyd\u0259r \u018fliyev Fondu may\u0131n 24-d\u0259 m&uuml;q\u0259dd\u0259s Ramazan ay\u0131nda A\u011fsu rayonunda iftar s&uuml;fr\u0259si a&ccedil;\u0131b. Qeyd ed\u0259k ki, Heyd\u0259r \u018fliyev Fondu t\u0259r\u0259find\u0259n Ramazan ay\u0131 \u0259rzind\u0259 bir s\u0131ra rayonlarda iftar s&uuml;fr\u0259l\u0259ri t\u0259\u015fkil olunur.<\/strong><\/p>\n<p>A\u011fsuda a&ccedil;\u0131lan iftar s&uuml;fr\u0259sind\u0259 400-\u0259 yax\u0131n rayon sakini i\u015ftirak edib. Bildirilib ki, respublikam\u0131zda d&ouml;vl\u0259t v\u0259 din bir-birind\u0259n ayr\u0131 olsa da, Az\u0259rbaycan \u0130slam dinin\u0259, \u0130slam m\u0259d\u0259niyy\u0259tin\u0259 m\u0259nsub &ouml;lk\u0259dir.<\/p>\n<p>Ruzi-b\u0259r\u0259k\u0259t, h\u0259mr\u0259ylik, dostluq-qarda\u015fl\u0131q, sevgi v\u0259 m\u0259rh\u0259m\u0259t ay\u0131 hesab olunan Ramazan dig\u0259r m&uuml;s\u0259lman &ouml;lk\u0259l\u0259rind\u0259 oldu\u011fu kimi, Az\u0259rbaycanda da qeyd edilir. Bu g&uuml;n Az\u0259rbaycan d&uuml;nya &ouml;lk\u0259l\u0259ri &uuml;&ccedil;&uuml;n tolerantl\u0131q n&uuml;mun\u0259sidir. &Ouml;lk\u0259mizd\u0259 birlik v\u0259 sabitlik h&ouml;km s&uuml;r&uuml;r, dini m\u0259b\u0259dl\u0259r t\u0259mir v\u0259 b\u0259rpa olunur, islami v\u0259 milli m\u0259n\u0259vi d\u0259y\u0259rl\u0259r qorunur.<\/p>\n<p>H\u0259m&ccedil;inin Ali Ba\u015f Komandan\u0131n r\u0259hb\u0259rliyi il\u0259 b&uuml;t&uuml;n torpaqlar\u0131m\u0131z\u0131n tezlikl\u0259 i\u015f\u011faldan azad olunaca\u011f\u0131na, o torpaqlarda da dini ayinl\u0259rin icra edil\u0259c\u0259yin\u0259 v\u0259 iftar s&uuml;fr\u0259l\u0259rinin a&ccedil;\u0131laca\u011f\u0131na \u0259minlik ifad\u0259 olunub.<\/p>\n<p>\u0130ftar s&uuml;fr\u0259si \u0259traf\u0131nda on bir ay\u0131n sultan\u0131 olan Ramazan\u0131n f\u0259zil\u0259tl\u0259rind\u0259n dan\u0131\u015f\u0131l\u0131b, bu ayda g&ouml;r&uuml;lm\u0259si vacib say\u0131lan xeyirxah \u0259m\u0259ll\u0259rd\u0259n, savab i\u015fl\u0259rd\u0259n s&ouml;z a&ccedil;\u0131l\u0131b. &Ouml;lk\u0259miz\u0259 \u0259min-amanl\u0131q v\u0259 s&uuml;lh arzulan\u0131b, torpaqlar\u0131m\u0131z\u0131n b&uuml;t&ouml;vl&uuml;y&uuml; u\u011frunda \u015f\u0259hid olanlar\u0131n ruhuna dualar oxunub.\/trend<\/p>\n","protected":false},"excerpt":{"rendered":"<p>Heyd\u0259r \u018fliyev Fondu may\u0131n 24-d\u0259 m&uuml;q\u0259dd\u0259s Ramazan ay\u0131nda A\u011fsu rayonunda iftar s&uuml;fr\u0259si a&ccedil;\u0131b. Qeyd ed\u0259k ki, Heyd\u0259r \u018fliyev Fondu t\u0259r\u0259find\u0259n Ramazan ay\u0131 \u0259rzind\u0259 bir s\u0131ra rayonlarda iftar s&uuml;fr\u0259l\u0259ri t\u0259\u015fkil olunur.&hellip;<\/p>\n","protected":false},"author":1,"featured_media":251278,"comment_status":"open","ping_status":"open","sticky":false,"template":"","format":"standard","meta":{"_lmt_disableupdate":"","_lmt_disable":"","footnotes":""},"categories":[],"tags":[],"class_list":["post-80484","post","type-post","status-publish","format-standard","has-post-thumbnail","hentry"],"_links":{"self":[{"href":"https:\/\/ucnoqta.az\/index.php?rest_route=\/wp\/v2\/posts\/80484","targetHints":{"allow":["GET"]}}],"collection":[{"href":"https:\/\/ucnoqta.az\/index.php?rest_route=\/wp\/v2\/posts"}],"about":[{"href":"https:\/\/ucnoqta.az\/index.php?rest_route=\/wp\/v2\/types\/post"}],"author":[{"embeddable":true,"href":"https:\/\/ucnoqta.az\/index.php?rest_route=\/wp\/v2\/users\/1"}],"replies":[{"embeddable":true,"href":"https:\/\/ucnoqta.az\/index.php?rest_route=%2Fwp%2Fv2%2Fcomments&post=80484"}],"version-history":[{"count":0,"href":"https:\/\/ucnoqta.az\/index.php?rest_route=\/wp\/v2\/posts\/80484\/revisions"}],"wp:featuredmedia":[{"embeddable":true,"href":"https:\/\/ucnoqta.az\/index.php?rest_route=\/wp\/v2\/media\/251278"}],"wp:attachment":[{"href":"https:\/\/ucnoqta.az\/index.php?rest_route=%2Fwp%2Fv2%2Fmedia&parent=80484"}],"wp:term":[{"taxonomy":"category","embeddable":true,"href":"https:\/\/ucnoqta.az\/index.php?rest_route=%2Fwp%2Fv2%2Fcategories&post=80484"},{"taxonomy":"post_tag","embeddable":true,"href":"https:\/\/ucnoqta.az\/index.php?rest_route=%2Fwp%2Fv2%2Ftags&post=80484"}],"curies":[{"name":"wp","href":"https:\/\/api.w.org\/{rel}","templated":true}]}}