{"id":80475,"date":"2019-05-24T23:19:26","date_gmt":"2019-05-24T19:19:26","guid":{"rendered":""},"modified":"-0001-11-30T00:00:00","modified_gmt":"-0001-11-29T20:00:00","slug":"","status":"publish","type":"post","link":"https:\/\/ucnoqta.az\/?p=80475","title":{"rendered":"UEFA prezidenti Bak\u0131dak\u0131 oyunla ba\u011fl\u0131 dan\u0131\u015fd\u0131"},"content":{"rendered":"<p><strong>UEFA-n\u0131n prezidenti Aleksander &Ccedil;eferin Almaniyan\u0131n &ldquo;Der Spiegel&rdquo; jurnal\u0131na m&uuml;sahib\u0259sind\u0259 Avroliqan\u0131n final oyununun Bak\u0131da ke&ccedil;irilm\u0259si q\u0259rar\u0131n\u0131 m&uuml;dafi\u0259 edib.<\/strong><\/p>\n<p>&nbsp;&Ccedil;eferin final oyunu fonunda Az\u0259rbaycanda insan haqlar\u0131n\u0131n v\u0259ziyy\u0259ti haqq\u0131nda deyil\u0259nl\u0259r\u0259 m&uuml;nasib\u0259t bildir\u0259rk\u0259n qeyd edib ki, bu, dig\u0259r Avropa &ouml;lk\u0259l\u0259rin\u0259 d\u0259 aiddir.<br \/>\nUEFA prezidenti Mxitaryan\u0131n &ldquo;t\u0259hl&uuml;k\u0259sizlik&rdquo; m\u0259s\u0259l\u0259sin\u0259 g&ouml;r\u0259 Bak\u0131ya g\u0259lm\u0259m\u0259sind\u0259n d\u0259 dan\u0131\u015f\u0131b.<\/p>\n<p>O bildirib ki, Mxitaryan\u0131n fikirl\u0259ri Fransada &ldquo;Avro-2016&rdquo;n\u0131n ke&ccedil;irildiyi zaman dedikl\u0259ri il\u0259 paralellik t\u0259\u015fkil edir. &ldquo;Terror h&uuml;cumlar\u0131n\u0131n h\u0259d\u0259find\u0259 olan Fransada Avropa &ccedil;empionat\u0131n\u0131 t\u0259\u015fkil etm\u0259yi bacard\u0131q.<\/p>\n<p>Futbol bu c&uuml;r g\u0259rginlikl\u0259r\u0259 g&ouml;r\u0259 dayand\u0131r\u0131lsa g\u0259l\u0259c\u0259kd\u0259 he&ccedil; n\u0259 t\u0259\u015fkil ed\u0259 bilm\u0259y\u0259c\u0259yik&rdquo;, &#8211; dey\u0259 UEFA prezidenti qeyd edib.\/qafqazinfo<\/p>\n","protected":false},"excerpt":{"rendered":"<p>UEFA-n\u0131n prezidenti Aleksander &Ccedil;eferin Almaniyan\u0131n &ldquo;Der Spiegel&rdquo; jurnal\u0131na m&uuml;sahib\u0259sind\u0259 Avroliqan\u0131n final oyununun Bak\u0131da ke&ccedil;irilm\u0259si q\u0259rar\u0131n\u0131 m&uuml;dafi\u0259 edib. &nbsp;&Ccedil;eferin final oyunu fonunda Az\u0259rbaycanda insan haqlar\u0131n\u0131n v\u0259ziyy\u0259ti haqq\u0131nda deyil\u0259nl\u0259r\u0259 m&uuml;nasib\u0259t bildir\u0259rk\u0259n qeyd&hellip;<\/p>\n","protected":false},"author":1,"featured_media":251278,"comment_status":"open","ping_status":"open","sticky":false,"template":"","format":"standard","meta":{"_lmt_disableupdate":"","_lmt_disable":"","footnotes":""},"categories":[90],"tags":[],"class_list":["post-80475","post","type-post","status-publish","format-standard","has-post-thumbnail","hentry","category-idman-butun-xeberler"],"_links":{"self":[{"href":"https:\/\/ucnoqta.az\/index.php?rest_route=\/wp\/v2\/posts\/80475","targetHints":{"allow":["GET"]}}],"collection":[{"href":"https:\/\/ucnoqta.az\/index.php?rest_route=\/wp\/v2\/posts"}],"about":[{"href":"https:\/\/ucnoqta.az\/index.php?rest_route=\/wp\/v2\/types\/post"}],"author":[{"embeddable":true,"href":"https:\/\/ucnoqta.az\/index.php?rest_route=\/wp\/v2\/users\/1"}],"replies":[{"embeddable":true,"href":"https:\/\/ucnoqta.az\/index.php?rest_route=%2Fwp%2Fv2%2Fcomments&post=80475"}],"version-history":[{"count":0,"href":"https:\/\/ucnoqta.az\/index.php?rest_route=\/wp\/v2\/posts\/80475\/revisions"}],"wp:featuredmedia":[{"embeddable":true,"href":"https:\/\/ucnoqta.az\/index.php?rest_route=\/wp\/v2\/media\/251278"}],"wp:attachment":[{"href":"https:\/\/ucnoqta.az\/index.php?rest_route=%2Fwp%2Fv2%2Fmedia&parent=80475"}],"wp:term":[{"taxonomy":"category","embeddable":true,"href":"https:\/\/ucnoqta.az\/index.php?rest_route=%2Fwp%2Fv2%2Fcategories&post=80475"},{"taxonomy":"post_tag","embeddable":true,"href":"https:\/\/ucnoqta.az\/index.php?rest_route=%2Fwp%2Fv2%2Ftags&post=80475"}],"curies":[{"name":"wp","href":"https:\/\/api.w.org\/{rel}","templated":true}]}}