{"id":80470,"date":"2019-05-24T21:00:35","date_gmt":"2019-05-24T17:00:35","guid":{"rendered":""},"modified":"-0001-11-30T00:00:00","modified_gmt":"-0001-11-29T20:00:00","slug":"","status":"publish","type":"post","link":"https:\/\/ucnoqta.az\/?p=80470","title":{"rendered":"S\u0259hn\u0259 \u201cBizim Don Kixot\u201dundur"},"content":{"rendered":"<p><strong>Abdulla \u015eaiq ad\u0131na Az\u0259rbaycan D&ouml;vl\u0259t Kukla Teatr\u0131 teatrsev\u0259rl\u0259rin s\u0259birsizlikl\u0259 g&ouml;zl\u0259diyi yeni s\u0259hn\u0259 \u0259s\u0259rini tama&ccedil;\u0131lar\u0131n ixtiyar\u0131na ver\u0259c\u0259k. <\/strong><\/p>\n<p>Teatr\u0131n m\u0259tbuat xidm\u0259tind\u0259n Ucnoqta.az-a veril\u0259n m\u0259lumata g&ouml;r\u0259, bel\u0259 ki, iyunun ortalar\u0131nda m\u0259rhum dramaturq R\u0259hman \u018flizad\u0259nin &ldquo;Don Kixot Ab\u015feronski&rdquo; pyesi \u0259sas\u0131nda haz\u0131rlanan &ldquo;Bizim Don Kixot&rdquo; tama\u015fas\u0131n\u0131n premyeras\u0131 ke&ccedil;iril\u0259c\u0259k.<\/p>\n<p>M&uuml;zkl kimi haz\u0131rlanan tragikomik tama\u015fan\u0131n s\u0259hn\u0259l\u0259\u015fdir\u0259ni R\u0259hman \u018flizad\u0259, qurulu\u015f&ccedil;u rejissoru Qurban M\u0259simov, qurulu\u015f&ccedil;u r\u0259ssam\u0131 \u0130qbal \u018fliyev, b\u0259st\u0259kar\u0131 V&uuml;qar Camalzad\u0259dir. 10-dan art\u0131q mahn\u0131 yaz\u0131lan &ldquo;Bizim Don Kixot&rdquo;da (S&ouml;zl\u0259r R\u0259hman \u018flizad\u0259 ) meyxana janr\u0131na da m&uuml;raci\u0259t olunub.<\/p>\n<p>Tama\u015fada ba\u015f rolu (\u018fhm\u0259da\u011fa, Don Kixot) Az\u0259rbaycan\u0131n Xalq artisti, &ldquo;\u015e&ouml;hr\u0259t&rdquo; ordenli \u0130lham Namiq Kamal oynay\u0131r.<br \/>\nS\u0259n\u0259tkar\u0131n 70 illik yubileyi m&uuml;nasib\u0259til\u0259 \u0259rs\u0259y\u0259 g\u0259l\u0259n s\u0259hn\u0259 i\u015find\u0259 dig\u0259r obrazlar\u0131 Kukla Teatr\u0131n\u0131n apar\u0131c\u0131 aktyorlar\u0131 Cavid Telman, Ayg&uuml;l A\u011fayeva, Araz H\u0259s\u0259nli, Adil D\u0259mirov ifa edirl\u0259r. SSR\u0130-nin da\u011f\u0131ld\u0131\u011f\u0131 d&ouml;n\u0259md\u0259 yaz\u0131lan bu \u0259s\u0259rd\u0259 m&uuml;\u0259llif imperiya insan\u0131n\u0131n probleml\u0259rini &ouml;n\u0259 &ccedil;\u0259kir, h\u0259d\u0259f kimi kommunizm ideologiyas\u0131n\u0131 g&ouml;st\u0259rir.<\/p>\n<p>\u018fs\u0259rd\u0259ki m&ouml;vcud probleml\u0259r\u0259 b\u0259\u015f\u0259ri kontekstd\u0259n yana\u015fma\u011fa &ccedil;al\u0131\u015fan rejissor m&uuml;asir d&ouml;vr&uuml;n bir s\u0131ra narahatl\u0131qlar\u0131n\u0131n da s\u0259hn\u0259 yozumunu verm\u0259y\u0259 &ccedil;al\u0131\u015f\u0131b. \u018fsas faktor kimi insan, onun m\u0259n\u0259vi d&uuml;nyas\u0131, \u0259traf\u0131na m&uuml;nasib\u0259ti v\u0259 t\u0259bii ki, firavan ya\u015famaq, sa\u011flam c\u0259miyy\u0259t arzular\u0131n\u0131 &ouml;n\u0259 &ccedil;\u0259kib.<\/p>\n<p>Qurulu\u015f m&uuml;\u0259llifi \u0259s\u0259rd\u0259n f\u0259rqli olaraq tama\u015fan\u0131 g&ouml;zl\u0259nilm\u0259z sonluq il\u0259 bitirir. Bel\u0259 ki, rejissor satira, fantasmaqoliya, halusinasiya, na\u011f\u0131lvarilik, uydurma kimi hal-v\u0259ziyy\u0259tl\u0259ri musiqinin ifad\u0259sind\u0259 tama\u015fa&ccedil;\u0131ya &ccedil;atd\u0131rmaqla \u018fhm\u0259da\u011fan\u0131n ac\u0131 sonunu &ldquo;Don Kixotlar h\u0259mi\u015f\u0259 var v\u0259 olacaq&rdquo; kimi nikbin, m&uuml;bariz bir sonluqla ifad\u0259 edir.<\/p>\n<p>Birhiss\u0259li m&uuml;zkl\u0131n rejissoru Qurban M\u0259simov \u0259s\u0259ri m&uuml;asir g&uuml;n il\u0259 s\u0259sl\u0259\u015f\u0259n tama\u015fa kimi haz\u0131rlama\u011fa &ccedil;al\u0131\u015fd\u0131\u011f\u0131n\u0131: &ldquo;&Ouml;z&uuml;n&uuml;t\u0259sdiq problemi ya\u015fayan, ger&ccedil;\u0259kliyin burul\u011fan\u0131nda faci\u0259sini d\u0259rk etm\u0259y\u0259 qorxan \u018fhm\u0259da\u011fan\u0131n Don Kixotla\u015fmas\u0131 &ouml;zl&uuml;y&uuml;nd\u0259 maraql\u0131d\u0131r. S\u0259hn\u0259 material\u0131 alt qatdak\u0131 ideyaya inpuls &uuml;&ccedil;&uuml;n \u0259v\u0259zsizdir.<\/p>\n<p>Bununla \u018fhm\u0259da\u011fa h\u0259qiq\u0259ti dem\u0259k, c\u0259miyy\u0259td\u0259ki \u0259yrilikl\u0259r\u0259 &ouml;z m&uuml;nasib\u0259tini bildirm\u0259k ist\u0259yir. Amma \u0259traf\u0131ndak\u0131 xo\u015fag\u0259lm\u0259zlikl\u0259r\u0259 etiraz\u0131n\u0131 &ouml;z&uuml; kimi yox, Don Kixot olaraq bildirir. D&uuml;\u015f&uuml;n&uuml;r ki, \u018fhm\u0259da\u011fa oldu\u011fu halda onu kims\u0259 q\u0259bul etm\u0259z, dinl\u0259m\u0259z. Ona g&ouml;r\u0259 d\u0259 maska taxmaq, obraza girm\u0259k ist\u0259yir v\u0259 Don Kixota &ccedil;evrilir. Ax\u0131 o da yalana, \u0259dal\u0259tsizliy\u0259, haqs\u0131zl\u0131q\u011fa qar\u015f\u0131 vuru\u015furdu. Bu m\u0259nada tama\u015fa \u018fhm\u0259da\u011fan\u0131n m&uuml;bariz\u0259sidir.<\/p>\n<p>T\u0259bii ki, Donkixot maskas\u0131 il\u0259&rdquo;. Onu da qeyd ed\u0259k ki, b&ouml;y&uuml;k ya\u015f qrupu tama\u015fa&ccedil;\u0131lar &uuml;&ccedil;&uuml;n n\u0259z\u0259rd\u0259 tutulan s\u0259hn\u0259 \u0259s\u0259rind\u0259 kukla oyunu il\u0259 canl\u0131 planda aktyor ifas\u0131n\u0131n maraql\u0131 sintezin\u0259 nail olunub.&nbsp;<\/p>\n","protected":false},"excerpt":{"rendered":"<p>Abdulla \u015eaiq ad\u0131na Az\u0259rbaycan D&ouml;vl\u0259t Kukla Teatr\u0131 teatrsev\u0259rl\u0259rin s\u0259birsizlikl\u0259 g&ouml;zl\u0259diyi yeni s\u0259hn\u0259 \u0259s\u0259rini tama&ccedil;\u0131lar\u0131n ixtiyar\u0131na ver\u0259c\u0259k. Teatr\u0131n m\u0259tbuat xidm\u0259tind\u0259n Ucnoqta.az-a veril\u0259n m\u0259lumata g&ouml;r\u0259, bel\u0259 ki, iyunun ortalar\u0131nda m\u0259rhum dramaturq R\u0259hman&hellip;<\/p>\n","protected":false},"author":1,"featured_media":251278,"comment_status":"open","ping_status":"open","sticky":false,"template":"","format":"standard","meta":{"_lmt_disableupdate":"","_lmt_disable":"","footnotes":""},"categories":[102],"tags":[],"class_list":["post-80470","post","type-post","status-publish","format-standard","has-post-thumbnail","hentry","category-medeniyyet-butun-xeberler"],"_links":{"self":[{"href":"https:\/\/ucnoqta.az\/index.php?rest_route=\/wp\/v2\/posts\/80470","targetHints":{"allow":["GET"]}}],"collection":[{"href":"https:\/\/ucnoqta.az\/index.php?rest_route=\/wp\/v2\/posts"}],"about":[{"href":"https:\/\/ucnoqta.az\/index.php?rest_route=\/wp\/v2\/types\/post"}],"author":[{"embeddable":true,"href":"https:\/\/ucnoqta.az\/index.php?rest_route=\/wp\/v2\/users\/1"}],"replies":[{"embeddable":true,"href":"https:\/\/ucnoqta.az\/index.php?rest_route=%2Fwp%2Fv2%2Fcomments&post=80470"}],"version-history":[{"count":0,"href":"https:\/\/ucnoqta.az\/index.php?rest_route=\/wp\/v2\/posts\/80470\/revisions"}],"wp:featuredmedia":[{"embeddable":true,"href":"https:\/\/ucnoqta.az\/index.php?rest_route=\/wp\/v2\/media\/251278"}],"wp:attachment":[{"href":"https:\/\/ucnoqta.az\/index.php?rest_route=%2Fwp%2Fv2%2Fmedia&parent=80470"}],"wp:term":[{"taxonomy":"category","embeddable":true,"href":"https:\/\/ucnoqta.az\/index.php?rest_route=%2Fwp%2Fv2%2Fcategories&post=80470"},{"taxonomy":"post_tag","embeddable":true,"href":"https:\/\/ucnoqta.az\/index.php?rest_route=%2Fwp%2Fv2%2Ftags&post=80470"}],"curies":[{"name":"wp","href":"https:\/\/api.w.org\/{rel}","templated":true}]}}