{"id":80459,"date":"2019-05-24T18:46:17","date_gmt":"2019-05-24T14:46:17","guid":{"rendered":""},"modified":"-0001-11-30T00:00:00","modified_gmt":"-0001-11-29T20:00:00","slug":"","status":"publish","type":"post","link":"https:\/\/ucnoqta.az\/?p=80459","title":{"rendered":"<font color=red><b>Donald Tramp Prezident \u0130lham \u018fliyevi t\u0259brik edib<\/b><\/font>"},"content":{"rendered":"<p><strong>Amerika Birl\u0259\u015fmi\u015f \u015etatlar\u0131n\u0131n Prezidenti Donald Tramp&nbsp;Az\u0259rbaycan Respublikas\u0131n\u0131n Prezidenti&nbsp;\u0130lham \u018fliyev\u0259 t\u0259brik m\u0259ktubu &uuml;nvanlay\u0131b.&nbsp;<\/strong><\/p>\n<p>T\u0259brik m\u0259tnind\u0259 deyilir:<\/p>\n<p>&quot;H&ouml;rm\u0259tli c\u0259nab Prezident,<br \/>\n28 May &#8211; Respublika G&uuml;n&uuml; m&uuml;nasib\u0259til\u0259 Sizi v\u0259 Az\u0259rbaycan xalq\u0131n\u0131 Amerika xalq\u0131 ad\u0131ndan v\u0259 \u015f\u0259xs\u0259n &ouml;z ad\u0131mdan t\u0259brik edir\u0259m. 1918-ci ild\u0259 h\u0259min g&uuml;n Az\u0259rbaycan\u0131n m&uuml;st\u0259qilliyi elan olunub v\u0259 Az\u0259rbaycan Xalq C&uuml;mhuriyy\u0259ti yarad\u0131l\u0131b. Y&uuml;z ild\u0259n art\u0131q bir vaxt ke&ccedil;dikd\u0259n sonra Amerika Birl\u0259\u015fmi\u015f \u015etatlar\u0131 b&uuml;t&uuml;n az\u0259rbaycanl\u0131larla birlikd\u0259 bu nailiyy\u0259tl\u0259ri qeyd etm\u0259kd\u0259n m\u0259mnundur.<\/p>\n<p>D&ouml;vl\u0259tl\u0259rimiz aras\u0131nda bir &ccedil;ox ortaq maraqlar &uuml;z\u0259rind\u0259 qurulmu\u015f g&uuml;cl&uuml; t\u0259r\u0259fda\u015fl\u0131q m&ouml;vcuddur. Az\u0259rbaycan\u0131n beyn\u0259lxalq t\u0259hl&uuml;k\u0259sizliy\u0259 verdiyi t&ouml;hf\u0259l\u0259ri v\u0259 C\u0259nub Qaz D\u0259hlizi t\u0259\u015f\u0259bb&uuml;s&uuml;n&uuml; ir\u0259li s&uuml;rm\u0259kl\u0259 Avropan\u0131n enerji t\u0259hl&uuml;k\u0259sizliyinin g&uuml;cl\u0259ndirilm\u0259sind\u0259 Sizin liderliyinizi d\u0259y\u0259rl\u0259ndirir\u0259m. Az\u0259rbaycanda islahatlar istiqam\u0259tind\u0259, x&uuml;susil\u0259 d\u0259 qanunun aliliyi sah\u0259sind\u0259 Az\u0259rbaycan xalq\u0131n\u0131n m\u0259nafeyin\u0259 xidm\u0259t ed\u0259c\u0259k v\u0259 \u0259m\u0259kda\u015fl\u0131\u011f\u0131m\u0131z\u0131n d\u0259rinl\u0259\u015fm\u0259si &uuml;&ccedil;&uuml;n imkanlar yaradacaq b&uuml;t&uuml;n add\u0131mlar\u0131 alq\u0131\u015flay\u0131r\u0131q. H\u0259m&ccedil;inin,&nbsp;Da\u011fl\u0131q Qaraba\u011f&nbsp;m&uuml;naqi\u015f\u0259sinin s&uuml;lh yolu il\u0259 v\u0259 dayan\u0131ql\u0131 h\u0259lli istiqam\u0259tind\u0259 AT\u018fT-in Minsk qrupu prosesind\u0259 Sizin \u015f\u0259xsi i\u015ftirak\u0131n\u0131z\u0131 t\u0259qdir edirik.<br \/>\nT\u0259r\u0259fda\u015fl\u0131\u011f\u0131m\u0131z\u0131n g\u0259l\u0259c\u0259k ill\u0259rd\u0259 d\u0259 inki\u015faf etm\u0259sini s\u0259mimiyy\u0259tl\u0259 arzulay\u0131ram.<\/p>\n<p>Xahi\u015f edir\u0259m bu \u0259lam\u0259tdar ild&ouml;n&uuml;m&uuml; m&uuml;nasib\u0259til\u0259 bir daha t\u0259brikl\u0259rimi v\u0259 \u0259n xo\u015f arzular\u0131m\u0131 q\u0259bul ed\u0259siniz&quot;.<\/p>\n<p>&nbsp;<\/p>\n","protected":false},"excerpt":{"rendered":"<p>Amerika Birl\u0259\u015fmi\u015f \u015etatlar\u0131n\u0131n Prezidenti Donald Tramp&nbsp;Az\u0259rbaycan Respublikas\u0131n\u0131n Prezidenti&nbsp;\u0130lham \u018fliyev\u0259 t\u0259brik m\u0259ktubu &uuml;nvanlay\u0131b.&nbsp; T\u0259brik m\u0259tnind\u0259 deyilir: &quot;H&ouml;rm\u0259tli c\u0259nab Prezident, 28 May &#8211; Respublika G&uuml;n&uuml; m&uuml;nasib\u0259til\u0259 Sizi v\u0259 Az\u0259rbaycan xalq\u0131n\u0131 Amerika xalq\u0131&hellip;<\/p>\n","protected":false},"author":1,"featured_media":251278,"comment_status":"open","ping_status":"open","sticky":false,"template":"","format":"standard","meta":{"_lmt_disableupdate":"","_lmt_disable":"","footnotes":""},"categories":[],"tags":[],"class_list":["post-80459","post","type-post","status-publish","format-standard","has-post-thumbnail","hentry"],"_links":{"self":[{"href":"https:\/\/ucnoqta.az\/index.php?rest_route=\/wp\/v2\/posts\/80459","targetHints":{"allow":["GET"]}}],"collection":[{"href":"https:\/\/ucnoqta.az\/index.php?rest_route=\/wp\/v2\/posts"}],"about":[{"href":"https:\/\/ucnoqta.az\/index.php?rest_route=\/wp\/v2\/types\/post"}],"author":[{"embeddable":true,"href":"https:\/\/ucnoqta.az\/index.php?rest_route=\/wp\/v2\/users\/1"}],"replies":[{"embeddable":true,"href":"https:\/\/ucnoqta.az\/index.php?rest_route=%2Fwp%2Fv2%2Fcomments&post=80459"}],"version-history":[{"count":0,"href":"https:\/\/ucnoqta.az\/index.php?rest_route=\/wp\/v2\/posts\/80459\/revisions"}],"wp:featuredmedia":[{"embeddable":true,"href":"https:\/\/ucnoqta.az\/index.php?rest_route=\/wp\/v2\/media\/251278"}],"wp:attachment":[{"href":"https:\/\/ucnoqta.az\/index.php?rest_route=%2Fwp%2Fv2%2Fmedia&parent=80459"}],"wp:term":[{"taxonomy":"category","embeddable":true,"href":"https:\/\/ucnoqta.az\/index.php?rest_route=%2Fwp%2Fv2%2Fcategories&post=80459"},{"taxonomy":"post_tag","embeddable":true,"href":"https:\/\/ucnoqta.az\/index.php?rest_route=%2Fwp%2Fv2%2Ftags&post=80459"}],"curies":[{"name":"wp","href":"https:\/\/api.w.org\/{rel}","templated":true}]}}