{"id":80453,"date":"2019-05-24T15:04:22","date_gmt":"2019-05-24T11:04:22","guid":{"rendered":""},"modified":"-0001-11-30T00:00:00","modified_gmt":"-0001-11-29T20:00:00","slug":"","status":"publish","type":"post","link":"https:\/\/ucnoqta.az\/?p=80453","title":{"rendered":"Prezident \u0130lham \u018fliyev: <font color=red><b>&#8220;Da\u011fl\u0131q Qaraba\u011f m\u00fcnaqi\u015f\u0259sinin bir h\u0259ll yolu var&#8221;<\/b><\/font>"},"content":{"rendered":"<p><strong>Az\u0259rbaycan\u0131n u\u011furlu, dayan\u0131ql\u0131 inki\u015faf\u0131 bundan sonra da t\u0259min olunacaq.<\/strong><\/p>\n<p>Bunu Prezident \u0130lham \u018fliyev Qafqaz M&uuml;s\u0259lmanlar\u0131 \u0130dar\u0259sinin s\u0259dri, \u015eeyx&uuml;lislam Allah\u015f&uuml;k&uuml;r Pa\u015fazad\u0259nin a&ccedil;d\u0131\u011f\u0131 iftar m\u0259rasimind\u0259ki &ccedil;\u0131x\u0131\u015f\u0131nda deyib.<br \/>\nD&ouml;vl\u0259t ba\u015f&ccedil;\u0131s\u0131 deyib:<\/p>\n<p>&quot;H\u0259r il oldu\u011fu kimi, m&uuml;bar\u0259k Ramazan ay\u0131nda \u015eeyx h\u0259zr\u0259tl\u0259rinin iftar s&uuml;fr\u0259sind\u0259 g&ouml;r&uuml;\u015f&uuml;r&uuml;k. Bu, g&ouml;z\u0259l \u0259n\u0259n\u0259dir. Bu \u0259n\u0259n\u0259 ya\u015fay\u0131r v\u0259 ya\u015fayacaq. Bu, d&ouml;vl\u0259t-din m&uuml;nasib\u0259tl\u0259rinin bariz n&uuml;mun\u0259sidir. D&ouml;vl\u0259t-din m&uuml;nasib\u0259tl\u0259ri h\u0259r bir &ouml;lk\u0259 &uuml;&ccedil;&uuml;n x&uuml;susi \u0259h\u0259miyy\u0259t\u0259 malikdir v\u0259 Az\u0259rbaycanda bu m&uuml;nasib\u0259tl\u0259r n&uuml;mun\u0259vi xarakter da\u015f\u0131y\u0131r.<\/p>\n<p>Bu m&uuml;nasib\u0259tl\u0259rin t\u0259m\u0259lind\u0259 ulu &ouml;nd\u0259r Heyd\u0259r \u018fliyev v\u0259 \u015eeyx h\u0259zr\u0259tl\u0259ri dayan\u0131rlar. Onlar\u0131n \u015f\u0259xsi dostlu\u011fu, bir-biril\u0259rin\u0259 olan h&ouml;rm\u0259ti d&ouml;vl\u0259t-din m&uuml;nasib\u0259tl\u0259rinin inki\u015faf\u0131na &ccedil;ox b&ouml;y&uuml;k t\u0259sir g&ouml;st\u0259rmi\u015fdir. M\u0259n onun \u015fahidiy\u0259m ki, \u015eeyx h\u0259zr\u0259tl\u0259ri v\u0259 ulu &ouml;nd\u0259r Heyd\u0259r \u018fliyev bir-birin\u0259 &ccedil;ox yax\u0131n insanlar olmu\u015flar v\u0259 onlar\u0131n xalq, V\u0259t\u0259n qar\u015f\u0131s\u0131nda g&ouml;rd&uuml;kl\u0259ri i\u015fl\u0259r bug&uuml;nk&uuml; Az\u0259rbaycan\u0131n u\u011furlu inki\u015faf\u0131na \u015f\u0259rait yaratm\u0131\u015fd\u0131r.<\/p>\n<p>1993-c&uuml; il\u0259 q\u0259d\u0259r d&ouml;vl\u0259t-din m&uuml;nasib\u0259tl\u0259rind\u0259 m&uuml;\u0259yy\u0259n bo\u015fluqlar var idi. 1993-c&uuml; ild\u0259n sonra bu sah\u0259d\u0259 d\u0259 b&uuml;t&uuml;n istiqam\u0259tl\u0259r &uuml;zr\u0259 i\u015fl\u0259r \u0259n y&uuml;ks\u0259k s\u0259viyy\u0259d\u0259 t\u0259nziml\u0259nir. May\u0131n 10-da, Ulu &Ouml;nd\u0259rin anadan olmas\u0131n\u0131n 96-c\u0131 ild&ouml;n&uuml;m&uuml; g&uuml;n&uuml;nd\u0259 onun xalq, d&ouml;vl\u0259t qar\u015f\u0131s\u0131nda g&ouml;rd&uuml;y&uuml; i\u015fl\u0259r haqq\u0131nda dan\u0131\u015fd\u0131q. Heyd\u0259r \u018fliyevin Az\u0259rbaycan xalq\u0131 qar\u015f\u0131s\u0131nda m&uuml;st\u0259sna xidm\u0259tl\u0259ri var. Bug&uuml;nk&uuml; m&uuml;st\u0259qil Az\u0259rbaycan onun \u0259s\u0259ridir. D&ouml;vl\u0259t&ccedil;iliyin \u0259saslar\u0131n\u0131n qurulmas\u0131, Az\u0259rbaycan\u0131n strateji inki\u015faf istiqam\u0259tl\u0259rinin m&uuml;\u0259yy\u0259n edilm\u0259si m\u0259hz Heyd\u0259r \u018fliyevin m&uuml;drikliyi v\u0259 uzaqg&ouml;r\u0259nliyi say\u0259sind\u0259 m&uuml;mk&uuml;n olmu\u015fdur.<\/p>\n<p>H&ouml;rm\u0259tli \u015eeyx h\u0259zr\u0259tl\u0259ri xalq v\u0259 d&ouml;vl\u0259t qar\u015f\u0131s\u0131nda b&ouml;y&uuml;k xidm\u0259tl\u0259r g&ouml;st\u0259rir. \u015eeyx h\u0259zr\u0259tl\u0259ri h\u0259m Az\u0259rbaycanda, h\u0259m Qafqazda, h\u0259m d\u0259 d&uuml;nyada b&ouml;y&uuml;k n&uuml;fuza malik g&ouml;rk\u0259mli din xadimidir v\u0259 Az\u0259rbaycan\u0131 d&uuml;nyada &ouml;z d\u0259y\u0259rl\u0259rin\u0259 sadiq, eyni zamanda, m&uuml;asir, tolerant &ouml;lk\u0259 kimi t\u0259qdim edir. Onun &ccedil;ox\u015fax\u0259li beyn\u0259lxalq f\u0259aliyy\u0259ti Az\u0259rbaycan\u0131 d&uuml;nyaya tan\u0131td\u0131r\u0131r, Az\u0259rbaycan reall\u0131qlar\u0131n\u0131 d&uuml;nya ictimaiyy\u0259tin\u0259 t\u0259qdim edir v\u0259 \u015eeyx h\u0259zr\u0259tl\u0259rinin u\u011furlu f\u0259aliyy\u0259ti &ouml;lk\u0259mizi g&uuml;cl\u0259ndirir&quot;.<\/p>\n<p>Prezident \u0130lham \u018fliyev qeyd edib ki, &ouml;lk\u0259mizd\u0259 milli h\u0259mr\u0259ylik, v\u0259t\u0259nda\u015f h\u0259mr\u0259yliyi var: &quot;Konstitusiyaya g&ouml;r\u0259 din d&ouml;vl\u0259td\u0259n ayr\u0131 olsa da, \u0259slind\u0259 din v\u0259 d&ouml;vl\u0259t bir-birinin yan\u0131ndad\u0131r. Bizim g&uuml;c&uuml;m&uuml;z birliyimizd\u0259dir. Bu g&uuml;n Az\u0259rbaycan\u0131n u\u011furlu inki\u015faf\u0131 d&ouml;vl\u0259t-din m&uuml;nasib\u0259tl\u0259rinin u\u011furlu inki\u015faf\u0131ndan b&ouml;y&uuml;k d\u0259r\u0259c\u0259d\u0259 as\u0131l\u0131d\u0131r.<\/p>\n<p>D&uuml;nyada v\u0259ziyy\u0259t g\u0259rginl\u0259\u015fir. H\u0259m b&ouml;lg\u0259mizd\u0259, h\u0259m d&uuml;nyada yeni toqqu\u015fmalar, yeni m&uuml;naqi\u015f\u0259 ocaqlar\u0131 yaran\u0131r, yeni riskl\u0259r, t\u0259hdidl\u0259r meydana &ccedil;\u0131x\u0131r. D&uuml;nyan\u0131n g\u0259l\u0259c\u0259yi il\u0259 ba\u011fl\u0131, sabitliyin g\u0259l\u0259c\u0259yi il\u0259 ba\u011fl\u0131 m&uuml;xt\u0259lif fikirl\u0259r, f\u0259rziyy\u0259l\u0259r ir\u0259li s&uuml;r&uuml;l&uuml;r. Bizim \u0259sas v\u0259zif\u0259miz Az\u0259rbaycanda sabitliyi qorumaq, Az\u0259rbaycan xalq\u0131n\u0131n rifah hal\u0131n\u0131 yax\u015f\u0131la\u015fd\u0131rmaq v\u0259 &ouml;lk\u0259mizi m&uuml;mk&uuml;n olan riskl\u0259rd\u0259n qorumaqdan ibar\u0259tdir. Son ill\u0259r \u0259rzind\u0259 bu istiqam\u0259td\u0259 b&ouml;y&uuml;k i\u015fl\u0259r g&ouml;r&uuml;l&uuml;b. Az\u0259rbaycan inki\u015faf yolu il\u0259 gedir. \u0130nki\u015faf dinamikam\u0131z &ccedil;ox m&uuml;sb\u0259tdir. \u018fmin\u0259m ki, g\u0259l\u0259c\u0259k ill\u0259rd\u0259 apar\u0131lan d\u0259rin islahatlar say\u0259sind\u0259 &ouml;lk\u0259mizin uzunm&uuml;dd\u0259tli, dayan\u0131ql\u0131 inki\u015faf\u0131 t\u0259min edil\u0259c\u0259kdir.<\/p>\n<p>Biz d\u0259rin milli-m\u0259n\u0259vi t\u0259m\u0259l &uuml;z\u0259rind\u0259 m&uuml;asir d&ouml;vl\u0259t qurmu\u015fuq. \u0130slam d\u0259y\u0259rl\u0259ri milli-m\u0259n\u0259vi d\u0259y\u0259rl\u0259rimizin ayr\u0131lmaz hiss\u0259sidir. Biz &ouml;z dinimiz\u0259 ba\u011fl\u0131y\u0131q. Biz d&uuml;nyada \u0130slam m\u0259d\u0259niyy\u0259tini t\u0259bli\u011f edirik. D&uuml;nyada &ccedil;oxsayl\u0131 konfranslar, s\u0259rgil\u0259r, t\u0259qdimatlar ke&ccedil;irilir, Az\u0259rbaycan h\u0259qiq\u0259tl\u0259ri, \u0130slam m\u0259d\u0259niyy\u0259tinin h\u0259qiq\u0259tl\u0259ri d&uuml;nya ictimaiyy\u0259tin\u0259 t\u0259qdim edilir. Biz \u0130slam\u0131 oldu\u011fu kimi, s&uuml;lh, m\u0259rh\u0259m\u0259t dini kimi d&uuml;nyaya t\u0259qdim edirik v\u0259 bu f\u0259aliyy\u0259ti bundan sonra da davam etdir\u0259c\u0259yik.<\/p>\n<p>M&uuml;s\u0259lman &ouml;lk\u0259l\u0259ri il\u0259 bizim \u0259n\u0259n\u0259vi dostluq-qarda\u015fl\u0131q \u0259laq\u0259l\u0259rimiz vard\u0131r. Bu, xarici siyas\u0259timizd\u0259 prioritet istiqam\u0259tl\u0259rd\u0259n biridir. Az\u0259rbaycan b&uuml;t&uuml;n m&uuml;s\u0259lman &ouml;lk\u0259l\u0259ri il\u0259 s\u0131x \u0259laq\u0259l\u0259r qura bilmi\u015fdir v\u0259 beyn\u0259lxalq m&uuml;st\u0259vid\u0259 biz daim bir-birimizi d\u0259st\u0259kl\u0259yirik. Eyni zamanda, ikit\u0259r\u0259fli formatda &ccedil;ox f\u0259al \u0259m\u0259kda\u015fl\u0131q edirik. Bir ne&ccedil;\u0259 g&uuml;n bundan \u0259vv\u0259l m&uuml;s\u0259lman &ouml;lk\u0259l\u0259rinin s\u0259firl\u0259ri il\u0259 g&ouml;r&uuml;\u015f \u0259snas\u0131nda bu m\u0259s\u0259l\u0259l\u0259rl\u0259 ba\u011fl\u0131 fikir m&uuml;badil\u0259si apard\u0131q.<\/p>\n<p>Az\u0259rbaycan, eyni zamanda, \u0130slam \u018fm\u0259kda\u015fl\u0131q T\u0259\u015fkilat\u0131n\u0131n f\u0259al &uuml;zv&uuml;d&uuml;r v\u0259 bu t\u0259\u015fkilat &ccedil;\u0259r&ccedil;iv\u0259sind\u0259 \u0130slam h\u0259mr\u0259yliyinin m&ouml;hk\u0259ml\u0259nm\u0259sin\u0259 &ouml;z d\u0259y\u0259rli t&ouml;hf\u0259sini verir. &Ouml;lk\u0259mizd\u0259 \u0130slam \u018fm\u0259kda\u015fl\u0131q T\u0259\u015fkilat\u0131n\u0131n x\u0259tti il\u0259 bir &ccedil;ox t\u0259dbirl\u0259r ke&ccedil;irilir. \u0130slam \u018fm\u0259kda\u015fl\u0131q T\u0259\u015fkilat\u0131 Az\u0259rbaycanda \u0130slam d\u0259y\u0259rl\u0259rinin qorunmas\u0131 i\u015find\u0259 apard\u0131\u011f\u0131m\u0131z siyas\u0259t\u0259 &ccedil;ox y&uuml;ks\u0259k qiym\u0259t verir. Biz bundan sonra da t\u0259\u015fkilat &ccedil;\u0259r&ccedil;iv\u0259sind\u0259 \u0130slam h\u0259mr\u0259yliyinin m&ouml;hk\u0259ml\u0259nm\u0259si i\u015find\u0259 &ouml;z s\u0259yl\u0259rimizi davam etdir\u0259c\u0259yik. Onu da bildirm\u0259liy\u0259m ki, 2016-c\u0131 ild\u0259 \u0130slam \u018fm\u0259kda\u015fl\u0131q T\u0259\u015fkilat\u0131 Erm\u0259nistan-Az\u0259rbaycan Da\u011fl\u0131q Qaraba\u011f m&uuml;naqi\u015f\u0259si &uuml;zr\u0259 kontakt qrupu yaratm\u0131\u015fd\u0131r v\u0259 t\u0259\u015fkilat bu m&uuml;naqi\u015f\u0259 il\u0259 ba\u011fl\u0131 bizim haqq i\u015fimizi daim d\u0259st\u0259kl\u0259yir&quot;.<\/p>\n<p>Erm\u0259nistan-Az\u0259rbaycan Da\u011fl\u0131q Qaraba\u011f m&uuml;naqi\u015f\u0259sind\u0259n dan\u0131\u015fan d&ouml;vl\u0259t ba\u015f&ccedil;\u0131s\u0131 vur\u011fulay\u0131b ki, m&uuml;naqi\u015f\u0259nin h\u0259llinin bir yolu var &#8211; Az\u0259rbaycan\u0131n d&uuml;nya birliyi t\u0259r\u0259find\u0259n tan\u0131nm\u0131\u015f \u0259razi b&uuml;t&ouml;vl&uuml;y&uuml; b\u0259rpa edilm\u0259lidir: &quot;Da\u011fl\u0131q Qaraba\u011f bizim tarixi, \u0259z\u0259li torpa\u011f\u0131m\u0131zd\u0131r. Biz bu h\u0259qiq\u0259tl\u0259ri d&uuml;nyaya &ccedil;atd\u0131r\u0131r\u0131q. \u018ffsuslar olsun ki, m&uuml;naqi\u015f\u0259 ba\u015flanan zaman m&uuml;naqi\u015f\u0259 il\u0259 ba\u011fl\u0131 d&uuml;nyada kifay\u0259t q\u0259d\u0259r m\u0259lumat yox idi. 1990-c\u0131 ill\u0259rin \u0259vv\u0259ll\u0259rind\u0259 torpaqlar\u0131m\u0131z i\u015f\u011fal alt\u0131na d&uuml;\u015fm&uuml;\u015fd&uuml;r. &Ouml;lk\u0259mizd\u0259 o vaxt ya\u015fanan b&ouml;hran, h\u0259rc-m\u0259rclik, xaos Erm\u0259nistana imkan verdi ki, bizim tarixi torpaqlar\u0131m\u0131z\u0131 z\u0259bt etsin.<\/p>\n<p>O vaxt biz beyn\u0259lxalq t\u0259cridd\u0259 idik, &ouml;z s\u0259simizi d&uuml;nya ictimaiyy\u0259tin\u0259 &ccedil;atd\u0131ra bilmirdik. Bel\u0259likl\u0259, d&uuml;nyada m&uuml;naqi\u015f\u0259 il\u0259 ba\u011fl\u0131 b&ouml;y&uuml;k d\u0259r\u0259c\u0259d\u0259 t\u0259hrif edilmi\u015f r\u0259y formala\u015fd\u0131r\u0131lm\u0131\u015fd\u0131. Bizim m&uuml;nt\u0259z\u0259m s\u0259yl\u0259rimiz n\u0259tic\u0259sind\u0259 art\u0131q b&uuml;t&uuml;n d&uuml;nya bilir ki, Da\u011fl\u0131q Qaraba\u011f Az\u0259rbaycan\u0131n ayr\u0131lmaz hiss\u0259sidir, tarixi torpa\u011f\u0131m\u0131zd\u0131r. M&uuml;naqi\u015f\u0259y\u0259 dair &ccedil;oxsayl\u0131 kitablar\u0131n &ccedil;ap edilm\u0259si, t\u0259qdimatlar\u0131n, konfranslar\u0131n ke&ccedil;irilm\u0259si d&uuml;nya ictimaiyy\u0259tin\u0259 m&uuml;naqi\u015f\u0259 il\u0259 ba\u011fl\u0131 h\u0259qiq\u0259tl\u0259ri &ccedil;atd\u0131r\u0131r.<\/p>\n<p>H\u0259r k\u0259s g&ouml;r&uuml;r ki, m&uuml;naqi\u015f\u0259 il\u0259 ba\u011fl\u0131 ikili standartlar m&ouml;vcuddur. Nec\u0259 ola bil\u0259r, d&uuml;nyan\u0131n ali orqan\u0131 olan BMT T\u0259hl&uuml;k\u0259sizlik \u015euras\u0131 4 q\u0259tnam\u0259 q\u0259bul edir, bu q\u0259tnam\u0259l\u0259rd\u0259 a&ccedil;\u0131q-ayd\u0131n deyilir ki, erm\u0259ni silahl\u0131 q&uuml;vv\u0259l\u0259ri i\u015f\u011fal edilmi\u015f torpaqlardan &ccedil;\u0131xar\u0131lmal\u0131d\u0131r v\u0259 bu q\u0259tnam\u0259l\u0259r icra olunmur. Ona g&ouml;r\u0259 hesab edir\u0259m ki, d&uuml;nyada m&ouml;vcud olan ikili standartlar \u0259n b&ouml;y&uuml;k probleml\u0259rd\u0259n biridir. M&uuml;naqi\u015f\u0259nin h\u0259lli &uuml;&ccedil;&uuml;n biz s\u0259yl\u0259rimizi davam etdir\u0259c\u0259yik. Biz iqtisadi g&uuml;c&uuml;m&uuml;z&uuml; art\u0131r\u0131r\u0131q, siyasi &ccedil;\u0259kimiz art\u0131r, h\u0259rbi bax\u0131mdan Az\u0259rbaycan bu g&uuml;n g&uuml;cl&uuml; &ouml;lk\u0259l\u0259r s\u0131ras\u0131ndad\u0131r. D&ouml;y&uuml;\u015f meydan\u0131nda &uuml;st&uuml;nl&uuml;y&uuml;m&uuml;z&uuml; t\u0259min etmi\u015fik.<\/p>\n<p>Vaxtil\u0259 i\u015f\u011fal alt\u0131na d&uuml;\u015fm&uuml;\u015f torpaqlar\u0131n bir hiss\u0259sini azad etmi\u015fik. O torpaqlarda bu g&uuml;n Az\u0259rbaycan bayra\u011f\u0131 dal\u011falan\u0131r. \u0130\u015f\u011faldan azad edilmi\u015f torpaqlarda \u015eu\u015fa m\u0259scidinin b\u0259nz\u0259ri olan m\u0259scid tikilmi\u015fdir, q\u0259s\u0259b\u0259 sal\u0131nm\u0131\u015fd\u0131r, oraya h\u0259yat qay\u0131tm\u0131\u015fd\u0131r. Bu, bir daha onu g&ouml;st\u0259rir ki, Az\u0259rbaycan xalq\u0131 bu i\u015f\u011falla he&ccedil; vaxt bar\u0131\u015fmayacaq. Bu g&uuml;n dir&ccedil;\u0259l\u0259n v\u0259 inki\u015faf ed\u0259n Cocuq M\u0259rcanl\u0131 k\u0259ndi Az\u0259rbaycan xalq\u0131n\u0131n \u0259yilm\u0259z ruhunu t\u0259c\u0259ss&uuml;m etdirir. Az\u0259rbaycan\u0131n \u0259razi b&uuml;t&ouml;vl&uuml;y&uuml; he&ccedil; vaxt dan\u0131\u015f\u0131qlar m&ouml;vzusu olmay\u0131b v\u0259 olmayacaq. Bir daha dem\u0259k ist\u0259yir\u0259m ki, bu m&uuml;naqi\u015f\u0259 yaln\u0131z &ouml;lk\u0259mizin \u0259razi b&uuml;t&ouml;vl&uuml;y&uuml; &ccedil;\u0259r&ccedil;iv\u0259sind\u0259 &ouml;z h\u0259llini tapmal\u0131d\u0131r&quot;.<\/p>\n<p>Daha sonra Prezident \u0130lham \u018fliyev bildirib: &quot;Biz tarixi, dini abid\u0259l\u0259rimizi qoruyuruq v\u0259 burada da d&ouml;vl\u0259t v\u0259 din bir yerd\u0259dir. Son ill\u0259rd\u0259 y&uuml;zl\u0259rl\u0259 m\u0259scid tikilmi\u015f v\u0259 ya t\u0259mir edilmi\u015fdir. Onlar\u0131n aras\u0131nda tarixi m\u0259scidl\u0259rimiz x&uuml;susi yer tutur. \u015eeyx h\u0259zr\u0259tl\u0259ri qeyd etdi, T\u0259z\u0259pir m\u0259scidinin \u0259traf\u0131nda sal\u0131nan m&ouml;ht\u0259\u015f\u0259m park h\u0259m \u015f\u0259h\u0259r\u0259 yeni n\u0259f\u0259s ver\u0259c\u0259k, y\u0259ni, 20 hektar \u0259razind\u0259 sal\u0131nan ya\u015f\u0131ll\u0131qlar bu zonada iqlimin yax\u015f\u0131la\u015fmas\u0131na xidm\u0259t g&ouml;st\u0259r\u0259c\u0259k, insanlar\u0131n rahatl\u0131\u011f\u0131 &uuml;&ccedil;&uuml;n imkanlar yaradacaq, eyni zamanda, T\u0259z\u0259pir m\u0259scidinin \u0259z\u0259m\u0259tli g&ouml;rk\u0259mi art\u0131q b&uuml;t&uuml;n v\u0259t\u0259nda\u015flara a&ccedil;\u0131q olacaq.<\/p>\n<p>&Ccedil;&uuml;nki vaxtil\u0259 T\u0259z\u0259pir m\u0259scidinin \u0259traf\u0131nda tikilmi\u015f binalar imkan vermirdi ki, biz onu uzaq m\u0259saf\u0259d\u0259n seyr ed\u0259k. Dig\u0259r m\u0259scidl\u0259rimizin \u0259sasl\u0131 \u015f\u0259kild\u0259 b\u0259rpas\u0131 bizim niyy\u0259timizi, siyas\u0259timizi g&ouml;st\u0259rir. Bibiheyb\u0259t, \u018fjd\u0259rb\u0259y, \u015eamax\u0131 C&uuml;m\u0259 m\u0259scidl\u0259rinin, &ldquo;\u0130mamzad\u0259&rdquo; tarixi-dini kompleksinin \u0259sasl\u0131 \u015f\u0259kild\u0259 t\u0259mir edilm\u0259si d&ouml;vl\u0259t-din m&uuml;nasib\u0259tl\u0259rinin t\u0259zah&uuml;r&uuml;d&uuml;r. Heyd\u0259r m\u0259scidinin tikintisi tarixi hadis\u0259dir.<\/p>\n<p>Bildiyiniz kimi, ke&ccedil;\u0259n il prezident se&ccedil;kil\u0259rind\u0259n sonra i\u015ftirak etdiyim birinci t\u0259dbir Hac\u0131 Cavad m\u0259scidinin yeni binas\u0131n\u0131n a&ccedil;\u0131l\u0131\u015f\u0131 olmu\u015fdur. Bu da t\u0259sad&uuml;fi deyil. M\u0259n se&ccedil;kil\u0259rd\u0259n sonra ist\u0259nil\u0259n yer\u0259 ged\u0259 bil\u0259rdim. M\u0259hz Hac\u0131 Cavad m\u0259scidinin yeni binas\u0131n\u0131n a&ccedil;\u0131l\u0131\u015f\u0131n\u0131 birinci n&ouml;vb\u0259d\u0259 qeyd etm\u0259yimiz d&ouml;vl\u0259t-din m&uuml;nasib\u0259tl\u0259rimiz\u0259, \u0130slam dinin\u0259 g&ouml;st\u0259rdiyimiz h&ouml;rm\u0259tdir.<\/p>\n<p>&Ouml;lk\u0259mizd\u0259 dinl\u0259raras\u0131 m&uuml;nasib\u0259tl\u0259r \u0259n y&uuml;ks\u0259k s\u0259viyy\u0259d\u0259 t\u0259nziml\u0259nir. Bu, art\u0131q reall\u0131qd\u0131r. B&uuml;t&uuml;n d&uuml;nya bu reall\u0131qlar\u0131 bilir v\u0259 q\u0259bul edir. Bu g&uuml;n Az\u0259rbaycan d&uuml;nya miqyas\u0131nda dinl\u0259raras\u0131 dialoqun apar\u0131lmas\u0131 &uuml;&ccedil;&uuml;n bir m\u0259rk\u0259z\u0259 &ccedil;evrilib. T\u0259sad&uuml;fi deyil ki, &ccedil;oxsayl\u0131 beyn\u0259lxalq t\u0259dbirl\u0259r m\u0259hz bizim t\u0259\u015f\u0259bb&uuml;s&uuml;m&uuml;zl\u0259 &ouml;lk\u0259mizd\u0259 ke&ccedil;irilir. \u018fg\u0259r biz bu t\u0259\u015f\u0259bb&uuml;s&uuml; g&ouml;st\u0259rm\u0259s\u0259ydik, bu t\u0259dbirl\u0259r d\u0259 ke&ccedil;irilm\u0259zdi.<\/p>\n<p>H&ouml;rm\u0259tli \u015eeyx h\u0259zr\u0259tl\u0259rinin dediyi kimi, bu il D&uuml;nya Dini Liderl\u0259rinin II Zirv\u0259 G&ouml;r&uuml;\u015f&uuml; ke&ccedil;iril\u0259c\u0259kdir. Bu m\u0259s\u0259l\u0259 il\u0259 ba\u011fl\u0131 q\u0259rar q\u0259bul edildi. \u015eeyx h\u0259zr\u0259tl\u0259rinin yubileyi v\u0259 f\u0259aliyy\u0259tinin 40 illiyi d&ouml;vl\u0259t s\u0259viyy\u0259sind\u0259 t\u0259nt\u0259n\u0259li \u015f\u0259kild\u0259 qeyd edil\u0259c\u0259kdir. \u018fmin\u0259m ki, Az\u0259rbaycan m&uuml;asir, &ouml;z dini, milli k&ouml;kl\u0259rin\u0259 ba\u011fl\u0131 olan &ouml;lk\u0259, eyni zamanda, tolerant v\u0259 multikultural d\u0259y\u0259rl\u0259ri t\u0259bli\u011f ed\u0259n d&ouml;vl\u0259t kimi &ouml;z reall\u0131qlar\u0131n\u0131 d&uuml;nyaya bir daha t\u0259qdim ed\u0259c\u0259k.<\/p>\n<p>Az\u0259rbaycanda ke&ccedil;iril\u0259n &ccedil;oxsayl\u0131 beyn\u0259lxalq t\u0259dbirl\u0259r h\u0259m &ouml;lk\u0259miz, h\u0259m daxild\u0259 ged\u0259n prosesl\u0259r, h\u0259m d\u0259 d&uuml;nya &uuml;&ccedil;&uuml;n b&ouml;y&uuml;k m\u0259na da\u015f\u0131y\u0131r. &Ccedil;&uuml;nki Az\u0259rbaycan &ccedil;oxmill\u0259tli, &ccedil;oxkonfessiyal\u0131 &ouml;lk\u0259dir. Bu, bizim b&ouml;y&uuml;k s\u0259rv\u0259timizdir. Az\u0259rbaycanda b&uuml;t&uuml;n xalqlar\u0131n, b&uuml;t&uuml;n dinl\u0259rin n&uuml;may\u0259nd\u0259l\u0259ri mehribanl\u0131q, \u0259min-amanl\u0131q \u015f\u0259raitind\u0259 ya\u015fay\u0131r. Biz bir ail\u0259 kimi ya\u015fay\u0131r\u0131q v\u0259 bizim g&uuml;c&uuml;m&uuml;z birliyimizd\u0259dir. Bu t\u0259dbirl\u0259rin d&uuml;nya &uuml;&ccedil;&uuml;n d\u0259 b&ouml;y&uuml;k \u0259h\u0259miyy\u0259ti var.<\/p>\n<p>&Ccedil;&uuml;nki bu g&uuml;n d&uuml;nyada dinl\u0259raras\u0131 m&uuml;nasib\u0259tl\u0259rl\u0259 ba\u011fl\u0131 f\u0259rqli fikirl\u0259r var, y\u0259ni, birm\u0259nal\u0131 yana\u015fma yoxdur. B\u0259zi hallarda &ccedil;ox t\u0259hl&uuml;k\u0259li fikirl\u0259r s\u0259sl\u0259nir, &ccedil;ox b&ouml;y&uuml;k f\u0259sadlara g\u0259tirib &ccedil;\u0131xara bil\u0259c\u0259k add\u0131mlar at\u0131l\u0131r. Ona g&ouml;r\u0259 bizim t\u0259\u015f\u0259bb&uuml;sl\u0259rimiz d&uuml;nya &uuml;&ccedil;&uuml;n b&ouml;y&uuml;k \u0259h\u0259miyy\u0259t da\u015f\u0131y\u0131r. Sonuncu b&ouml;y&uuml;k t\u0259dbir M\u0259d\u0259niyy\u0259tl\u0259raras\u0131 Dialoq Forumu idi. Bu Forum &ccedil;\u0259r&ccedil;iv\u0259sind\u0259 &ccedil;ox &ouml;n\u0259mli m\u0259s\u0259l\u0259l\u0259r m&uuml;zakir\u0259 edilmi\u015fdir v\u0259 Az\u0259rbaycan\u0131n bu sah\u0259d\u0259ki m&uuml;sb\u0259t rolu bir daha qeyd olunmu\u015fdur. Biz bu sah\u0259d\u0259 &ouml;z s\u0259yl\u0259rimizi davam etdir\u0259c\u0259yik. Bir daha dem\u0259k ist\u0259yir\u0259m ki, bu, bizim &uuml;&ccedil;&uuml;n laz\u0131md\u0131r v\u0259 bu, d&uuml;nya &uuml;&ccedil;&uuml;n laz\u0131md\u0131r.<\/p>\n<p>&Ccedil;&uuml;nki biz ist\u0259yirik ki, d&uuml;nyada prosesl\u0259r m&uuml;sb\u0259t m\u0259crada getsin, dini, milli z\u0259mind\u0259 qar\u015f\u0131durma, anla\u015f\u0131lmazl\u0131q olmas\u0131n, s&uuml;lh olsun, b\u0259rab\u0259rlik olsun, \u0259dal\u0259t olsun. M&uuml;q\u0259dd\u0259s \u0130slam dinimiz bunu t\u0259l\u0259b edir v\u0259 biz d&ouml;vl\u0259t olaraq bu istiqam\u0259td\u0259 &ouml;z s\u0259yl\u0259rimizi davam etdir\u0259c\u0259yik. &Ouml;lk\u0259mizin u\u011furlu, dayan\u0131ql\u0131 inki\u015faf\u0131 t\u0259min olunacaq, &ouml;lk\u0259 qar\u015f\u0131s\u0131nda duran v\u0259zif\u0259l\u0259r icra edilir v\u0259 edil\u0259c\u0259kdir, m&ouml;vcud probleml\u0259rin h\u0259lli &uuml;&ccedil;&uuml;n &ccedil;ox ayd\u0131n bax\u0131\u015flar, konkret proqramlar var v\u0259 onlar icra edilir. Bu g&uuml;n Az\u0259rbaycan reall\u0131qlar\u0131 bel\u0259dir ki, &ouml;lk\u0259miz inamla, nikbinlikl\u0259 ir\u0259liy\u0259 gedir, nikbinlikl\u0259 ya\u015fay\u0131r. &Ouml;lk\u0259 qar\u015f\u0131s\u0131nda duran b&uuml;t&uuml;n probleml\u0259rin h\u0259lli &uuml;&ccedil;&uuml;n bizd\u0259 h\u0259m g&uuml;cl&uuml; siyasi irad\u0259, h\u0259m d\u0259 c\u0259miyy\u0259t t\u0259r\u0259find\u0259n b&ouml;y&uuml;k d\u0259st\u0259k var&quot;.<br \/>\n\/trend<\/p>\n","protected":false},"excerpt":{"rendered":"<p>Az\u0259rbaycan\u0131n u\u011furlu, dayan\u0131ql\u0131 inki\u015faf\u0131 bundan sonra da t\u0259min olunacaq. Bunu Prezident \u0130lham \u018fliyev Qafqaz M&uuml;s\u0259lmanlar\u0131 \u0130dar\u0259sinin s\u0259dri, \u015eeyx&uuml;lislam Allah\u015f&uuml;k&uuml;r Pa\u015fazad\u0259nin a&ccedil;d\u0131\u011f\u0131 iftar m\u0259rasimind\u0259ki &ccedil;\u0131x\u0131\u015f\u0131nda deyib. D&ouml;vl\u0259t ba\u015f&ccedil;\u0131s\u0131 deyib: &quot;H\u0259r il&hellip;<\/p>\n","protected":false},"author":1,"featured_media":251278,"comment_status":"open","ping_status":"open","sticky":false,"template":"","format":"standard","meta":{"_lmt_disableupdate":"","_lmt_disable":"","footnotes":""},"categories":[],"tags":[],"class_list":["post-80453","post","type-post","status-publish","format-standard","has-post-thumbnail","hentry"],"_links":{"self":[{"href":"https:\/\/ucnoqta.az\/index.php?rest_route=\/wp\/v2\/posts\/80453","targetHints":{"allow":["GET"]}}],"collection":[{"href":"https:\/\/ucnoqta.az\/index.php?rest_route=\/wp\/v2\/posts"}],"about":[{"href":"https:\/\/ucnoqta.az\/index.php?rest_route=\/wp\/v2\/types\/post"}],"author":[{"embeddable":true,"href":"https:\/\/ucnoqta.az\/index.php?rest_route=\/wp\/v2\/users\/1"}],"replies":[{"embeddable":true,"href":"https:\/\/ucnoqta.az\/index.php?rest_route=%2Fwp%2Fv2%2Fcomments&post=80453"}],"version-history":[{"count":0,"href":"https:\/\/ucnoqta.az\/index.php?rest_route=\/wp\/v2\/posts\/80453\/revisions"}],"wp:featuredmedia":[{"embeddable":true,"href":"https:\/\/ucnoqta.az\/index.php?rest_route=\/wp\/v2\/media\/251278"}],"wp:attachment":[{"href":"https:\/\/ucnoqta.az\/index.php?rest_route=%2Fwp%2Fv2%2Fmedia&parent=80453"}],"wp:term":[{"taxonomy":"category","embeddable":true,"href":"https:\/\/ucnoqta.az\/index.php?rest_route=%2Fwp%2Fv2%2Fcategories&post=80453"},{"taxonomy":"post_tag","embeddable":true,"href":"https:\/\/ucnoqta.az\/index.php?rest_route=%2Fwp%2Fv2%2Ftags&post=80453"}],"curies":[{"name":"wp","href":"https:\/\/api.w.org\/{rel}","templated":true}]}}