{"id":80449,"date":"2019-05-24T17:48:37","date_gmt":"2019-05-24T13:48:37","guid":{"rendered":""},"modified":"-0001-11-30T00:00:00","modified_gmt":"-0001-11-29T20:00:00","slug":"","status":"publish","type":"post","link":"https:\/\/ucnoqta.az\/?p=80449","title":{"rendered":"\u00c7in X\u0130N: &#8220;AB\u015e siyas\u0259t\u00e7il\u0259ri \u201cHuawei\u201d il\u0259 ba\u011fl\u0131 \u015fayi\u0259l\u0259r uydururlar&#8221;"},"content":{"rendered":"<p><strong>&Ccedil;in AB\u015e d&ouml;vl\u0259t katibi Mayk&nbsp;Pompeonun &ldquo;Huawei&rdquo; \u015firk\u0259ti l\u0259 ba\u011fl\u0131 iddialar\u0131na m&uuml;nasib\u0259t bildirib.<\/strong><\/p>\n<p>ONA-n\u0131n &ldquo;Reuters&rdquo;\u0259 istinad\u0259n verdiyi x\u0259b\u0259r\u0259 g&ouml;r\u0259, &Ccedil;in Xarici \u0130\u015fl\u0259r Nazirliyi AB\u015e d&ouml;vl\u0259t katibi Mayk Pompeonun &ldquo;Huawei&rdquo;&nbsp;\u015firk\u0259tinin &Ccedil;in&nbsp;h&ouml;kum\u0259ti il\u0259 \u0259laq\u0259l\u0259ri haqq\u0131nda s\u0259sl\u0259ndirdiyi fikirl\u0259rin&nbsp;h\u0259qiq\u0259ti \u0259ks etdirm\u0259diyini bildirib.<\/p>\n<p>&quot;Son zamanlar b\u0259zi AB\u015e siyas\u0259t&ccedil;il\u0259ri &ldquo;Huawei&rdquo; il\u0259 ba\u011fl\u0131&nbsp;\u015fayi\u0259l\u0259r uydururlar, lakin t\u0259l\u0259b olundu\u011fu halda he&ccedil; bir s&uuml;but&nbsp;t\u0259qdim ed\u0259 bilmirl\u0259r&quot;, dey\u0259 &Ccedil;in X\u0130N-in s&ouml;z&ccedil;&uuml;s&uuml; Lu Kang deyib.<\/p>\n<p>Xat\u0131rladaq ki,&nbsp;bir m&uuml;dd\u0259t &ouml;nc\u0259 Tramp\u0131n imzalad\u0131\u011f\u0131 s\u0259r\u0259ncamla &quot;qara siyah\u0131&quot;dak\u0131 xarici \u015firk\u0259tl\u0259rin h&ouml;kum\u0259tin icaz\u0259si olmadan Amerika \u015firk\u0259tl\u0259rin\u0259 m\u0259xsus texnologiyalardan istifad\u0259 ed\u0259 bilm\u0259y\u0259c\u0259yi&nbsp;a&ccedil;\u0131qlan\u0131b.<\/p>\n<p>D&uuml;nyan\u0131n ikinci \u0259n b&ouml;y&uuml;k smartfon istehsal&ccedil;\u0131s\u0131 olan &ldquo;Huawei&rdquo; d\u0259 bu siyah\u0131ya daxil edilib.<\/p>\n<p>\u0130ngilt\u0259r\u0259 d\u0259 daxil olmaqla, son aylarda b\u0259zi Q\u0259rb &ouml;lk\u0259l\u0259ri t\u0259hl&uuml;k\u0259sizlik m\u0259s\u0259l\u0259l\u0259riyl\u0259 ba\u011fl\u0131 &ldquo;Huawei&rdquo;in m\u0259hsullar\u0131ndan narahat olduqlar\u0131n\u0131 bildiribl\u0259r.<\/p>\n<p>\u015eirk\u0259tin ad\u0131&nbsp;AB\u015e t\u0259r\u0259find\u0259n &quot;qara siyah\u0131&quot;ya sal\u0131nd\u0131qdan sonra &quot;Google&quot; \u015firk\u0259ti &quot;Huawei&quot;in istehsal etdiyi mobil qur\u011fularda &quot;Android&quot; \u0259m\u0259liyyat sisteml\u0259rinin yenil\u0259nm\u0259l\u0259rini dayand\u0131raca\u011f\u0131n\u0131 b\u0259yan edib.&nbsp;Yaponiyan\u0131n &ldquo;Panasonic&rdquo; \u015firk\u0259ti AB\u015e qada\u011falar\u0131na g&ouml;r\u0259 &quot;Huawei&quot; il\u0259 \u0259m\u0259kda\u015fl\u0131\u011f\u0131 dayand\u0131r\u0131b.&nbsp;<\/p>\n","protected":false},"excerpt":{"rendered":"<p>&Ccedil;in AB\u015e d&ouml;vl\u0259t katibi Mayk&nbsp;Pompeonun &ldquo;Huawei&rdquo; \u015firk\u0259ti l\u0259 ba\u011fl\u0131 iddialar\u0131na m&uuml;nasib\u0259t bildirib. ONA-n\u0131n &ldquo;Reuters&rdquo;\u0259 istinad\u0259n verdiyi x\u0259b\u0259r\u0259 g&ouml;r\u0259, &Ccedil;in Xarici \u0130\u015fl\u0259r Nazirliyi AB\u015e d&ouml;vl\u0259t katibi Mayk Pompeonun &ldquo;Huawei&rdquo;&nbsp;\u015firk\u0259tinin &Ccedil;in&nbsp;h&ouml;kum\u0259ti il\u0259&hellip;<\/p>\n","protected":false},"author":1,"featured_media":251278,"comment_status":"open","ping_status":"open","sticky":false,"template":"","format":"standard","meta":{"_lmt_disableupdate":"","_lmt_disable":"","footnotes":""},"categories":[89],"tags":[],"class_list":["post-80449","post","type-post","status-publish","format-standard","has-post-thumbnail","hentry","category-dunya-butun-xeberler"],"_links":{"self":[{"href":"https:\/\/ucnoqta.az\/index.php?rest_route=\/wp\/v2\/posts\/80449","targetHints":{"allow":["GET"]}}],"collection":[{"href":"https:\/\/ucnoqta.az\/index.php?rest_route=\/wp\/v2\/posts"}],"about":[{"href":"https:\/\/ucnoqta.az\/index.php?rest_route=\/wp\/v2\/types\/post"}],"author":[{"embeddable":true,"href":"https:\/\/ucnoqta.az\/index.php?rest_route=\/wp\/v2\/users\/1"}],"replies":[{"embeddable":true,"href":"https:\/\/ucnoqta.az\/index.php?rest_route=%2Fwp%2Fv2%2Fcomments&post=80449"}],"version-history":[{"count":0,"href":"https:\/\/ucnoqta.az\/index.php?rest_route=\/wp\/v2\/posts\/80449\/revisions"}],"wp:featuredmedia":[{"embeddable":true,"href":"https:\/\/ucnoqta.az\/index.php?rest_route=\/wp\/v2\/media\/251278"}],"wp:attachment":[{"href":"https:\/\/ucnoqta.az\/index.php?rest_route=%2Fwp%2Fv2%2Fmedia&parent=80449"}],"wp:term":[{"taxonomy":"category","embeddable":true,"href":"https:\/\/ucnoqta.az\/index.php?rest_route=%2Fwp%2Fv2%2Fcategories&post=80449"},{"taxonomy":"post_tag","embeddable":true,"href":"https:\/\/ucnoqta.az\/index.php?rest_route=%2Fwp%2Fv2%2Ftags&post=80449"}],"curies":[{"name":"wp","href":"https:\/\/api.w.org\/{rel}","templated":true}]}}