{"id":80446,"date":"2019-05-24T13:59:23","date_gmt":"2019-05-24T09:59:23","guid":{"rendered":""},"modified":"-0001-11-30T00:00:00","modified_gmt":"-0001-11-29T20:00:00","slug":"","status":"publish","type":"post","link":"https:\/\/ucnoqta.az\/?p=80446","title":{"rendered":"Pa\u015finyan o\u011flunu Az\u0259rbaycandan apard\u0131 &#8211; <font color=red><b>Sava\u015f d\u0259rinl\u0259\u015fir<\/b><\/font>"},"content":{"rendered":"<p><strong>Erm\u0259nistan Ba\u015f naziri Nikol Pa\u015finyan\u0131n o\u011flu A\u015fotun xidm\u0259ti yeri d\u0259yi\u015fdirilib.<\/strong><\/p>\n<p>Ucnoqta.az Axar.az-a istinad\u0259n x\u0259b\u0259r verir ki, bu bar\u0259d\u0259 m\u0259lumat sosial \u015f\u0259b\u0259k\u0259l\u0259rd\u0259ki erm\u0259ni s\u0259hif\u0259l\u0259rind\u0259 yay\u0131l\u0131b. M\u0259lumata g&ouml;r\u0259, A\u015fot Pa\u015finyan Qaraba\u011fdan \u0130r\u0259vandak\u0131 Nubara\u015fen rayonunda olan h\u0259rbi hiss\u0259y\u0259 yerl\u0259\u015fdirilib.<\/p>\n<p>M\u0259s\u0259l\u0259y\u0259 Erm\u0259nistan M&uuml;dafi\u0259 Nazirliyi d\u0259 m&uuml;nasib\u0259t bildirib. Nazirliyin M\u0259tbuat katibi Artsrun Ovannisyan Feysbuk s\u0259hif\u0259sind\u0259 yayd\u0131\u011f\u0131 a&ccedil;\u0131qlamada yen\u0259 Az\u0259rbaycan\u0131 ittiham ed\u0259r\u0259k, dolay\u0131s\u0131 yolla h\u0259m Bak\u0131n\u0131 yay\u0131lan x\u0259b\u0259rl\u0259rin arxas\u0131nda dayanmaqda ittiham edib, h\u0259m d\u0259 &ouml;z&uuml; d\u0259 bilm\u0259d\u0259n yay\u0131lan \u015fayi\u0259l\u0259ri t\u0259sdiql\u0259yib:<\/p>\n<p>&ldquo;M\u0259n Az\u0259rbaycan stilind\u0259ki m\u0259qal\u0259 ba\u015fl\u0131qlar\u0131n\u0131 \u015f\u0259rh etm\u0259y\u0259c\u0259y\u0259m. Erm\u0259nistan Silahl\u0131 Q&uuml;vv\u0259l\u0259rinin ist\u0259nil\u0259n h\u0259rb&ccedil;isi m&uuml;xt\u0259lif vaxtlarda v\u0259 m&uuml;xt\u0259lif yerl\u0259rd\u0259 m&uuml;xt\u0259lif toplan\u0131\u015f, imtahan v\u0259 h\u0259rbi t\u0259liml\u0259rd\u0259 i\u015ftirak ed\u0259 bil\u0259r&rdquo;.<\/p>\n","protected":false},"excerpt":{"rendered":"<p>Erm\u0259nistan Ba\u015f naziri Nikol Pa\u015finyan\u0131n o\u011flu A\u015fotun xidm\u0259ti yeri d\u0259yi\u015fdirilib. Ucnoqta.az Axar.az-a istinad\u0259n x\u0259b\u0259r verir ki, bu bar\u0259d\u0259 m\u0259lumat sosial \u015f\u0259b\u0259k\u0259l\u0259rd\u0259ki erm\u0259ni s\u0259hif\u0259l\u0259rind\u0259 yay\u0131l\u0131b. M\u0259lumata g&ouml;r\u0259, A\u015fot Pa\u015finyan Qaraba\u011fdan \u0130r\u0259vandak\u0131&hellip;<\/p>\n","protected":false},"author":1,"featured_media":251278,"comment_status":"open","ping_status":"open","sticky":false,"template":"","format":"standard","meta":{"_lmt_disableupdate":"","_lmt_disable":"","footnotes":""},"categories":[],"tags":[],"class_list":["post-80446","post","type-post","status-publish","format-standard","has-post-thumbnail","hentry"],"_links":{"self":[{"href":"https:\/\/ucnoqta.az\/index.php?rest_route=\/wp\/v2\/posts\/80446","targetHints":{"allow":["GET"]}}],"collection":[{"href":"https:\/\/ucnoqta.az\/index.php?rest_route=\/wp\/v2\/posts"}],"about":[{"href":"https:\/\/ucnoqta.az\/index.php?rest_route=\/wp\/v2\/types\/post"}],"author":[{"embeddable":true,"href":"https:\/\/ucnoqta.az\/index.php?rest_route=\/wp\/v2\/users\/1"}],"replies":[{"embeddable":true,"href":"https:\/\/ucnoqta.az\/index.php?rest_route=%2Fwp%2Fv2%2Fcomments&post=80446"}],"version-history":[{"count":0,"href":"https:\/\/ucnoqta.az\/index.php?rest_route=\/wp\/v2\/posts\/80446\/revisions"}],"wp:featuredmedia":[{"embeddable":true,"href":"https:\/\/ucnoqta.az\/index.php?rest_route=\/wp\/v2\/media\/251278"}],"wp:attachment":[{"href":"https:\/\/ucnoqta.az\/index.php?rest_route=%2Fwp%2Fv2%2Fmedia&parent=80446"}],"wp:term":[{"taxonomy":"category","embeddable":true,"href":"https:\/\/ucnoqta.az\/index.php?rest_route=%2Fwp%2Fv2%2Fcategories&post=80446"},{"taxonomy":"post_tag","embeddable":true,"href":"https:\/\/ucnoqta.az\/index.php?rest_route=%2Fwp%2Fv2%2Ftags&post=80446"}],"curies":[{"name":"wp","href":"https:\/\/api.w.org\/{rel}","templated":true}]}}