{"id":80435,"date":"2019-05-24T12:58:07","date_gmt":"2019-05-24T08:58:07","guid":{"rendered":""},"modified":"-0001-11-30T00:00:00","modified_gmt":"-0001-11-29T20:00:00","slug":"","status":"publish","type":"post","link":"https:\/\/ucnoqta.az\/?p=80435","title":{"rendered":"Prezident s\u0259r\u0259ncam imzalad\u0131"},"content":{"rendered":"<p><strong>Az\u0259rbaycan Respublikas\u0131 Prezidenti \u0130lham \u018fliyev &ldquo;Az\u0259rbaycan Respublikas\u0131n\u0131n M&uuml;lki M\u0259c\u0259ll\u0259sind\u0259, Az\u0259rbaycan Respublikas\u0131n\u0131n Vergi M\u0259c\u0259ll\u0259sind\u0259, Az\u0259rbaycan Respublikas\u0131n\u0131n M\u0259nzil M\u0259c\u0259ll\u0259sind\u0259 v\u0259 Az\u0259rbaycan Respublikas\u0131n\u0131n G&ouml;mr&uuml;k M\u0259c\u0259ll\u0259sind\u0259 d\u0259yi\u015fiklik edilm\u0259si haqq\u0131nda&rdquo; Az\u0259rbaycan Respublikas\u0131n\u0131n 2019-cu il 3 may tarixli 1584-VQD n&ouml;mr\u0259li Qanununun t\u0259tbiqi bar\u0259d\u0259 s\u0259r\u0259ncam imzalay\u0131b.<\/strong><\/p>\n<p>S\u0259r\u0259ncamda deyilir:<\/p>\n<p>1. Az\u0259rbaycan Respublikas\u0131n\u0131n Nazirl\u0259r Kabineti:<\/p>\n<p>1.1. Az\u0259rbaycan Respublikas\u0131 qanunlar\u0131n\u0131n v\u0259 Az\u0259rbaycan Respublikas\u0131 Prezidentinin aktlar\u0131n\u0131n &ldquo;Az\u0259rbaycan Respublikas\u0131n\u0131n M&uuml;lki M\u0259c\u0259ll\u0259sind\u0259, Az\u0259rbaycan Respublikas\u0131n\u0131n Vergi M\u0259c\u0259ll\u0259sind\u0259, Az\u0259rbaycan Respublikas\u0131n\u0131n M\u0259nzil M\u0259c\u0259ll\u0259sind\u0259 v\u0259 Az\u0259rbaycan Respublikas\u0131n\u0131n G&ouml;mr&uuml;k M\u0259c\u0259ll\u0259sind\u0259 d\u0259yi\u015fiklik edilm\u0259si haqq\u0131nda&rdquo; Az\u0259rbaycan Respublikas\u0131n\u0131n Qanununa uy\u011funla\u015fd\u0131r\u0131lmas\u0131 il\u0259 ba\u011fl\u0131 t\u0259klifl\u0259rini &uuml;&ccedil; ay m&uuml;dd\u0259tind\u0259 haz\u0131rlay\u0131b Az\u0259rbaycan Respublikas\u0131n\u0131n Prezidentin\u0259 t\u0259qdim etsin;<\/p>\n<p>1.2. Az\u0259rbaycan Respublikas\u0131 Nazirl\u0259r Kabinetinin normativ h&uuml;quqi aktlar\u0131n\u0131n h\u0259min Qanuna uy\u011funla\u015fd\u0131r\u0131lmas\u0131n\u0131 &uuml;&ccedil; ay m&uuml;dd\u0259tind\u0259 t\u0259min edib Az\u0259rbaycan Respublikas\u0131n\u0131n Prezidentin\u0259 m\u0259lumat versin;<br \/>\n1.3. m\u0259rk\u0259zi icra hakimiyy\u0259ti orqanlar\u0131n\u0131n normativ h&uuml;quqi aktlar\u0131n\u0131n h\u0259min Qanuna uy\u011funla\u015fd\u0131r\u0131lmas\u0131n\u0131 n\u0259zar\u0259td\u0259 saxlas\u0131n v\u0259 bunun icras\u0131 bar\u0259d\u0259 be\u015f ay m&uuml;dd\u0259tind\u0259 Az\u0259rbaycan Respublikas\u0131n\u0131n Prezidentin\u0259 m\u0259lumat versin;<\/p>\n<p>1.4. h\u0259min Qanundan ir\u0259li g\u0259l\u0259n dig\u0259r m\u0259s\u0259l\u0259l\u0259ri h\u0259ll etsin.<\/p>\n<p>2. Az\u0259rbaycan Respublikas\u0131n\u0131n \u018fdliyy\u0259 Nazirliyi m\u0259rk\u0259zi icra hakimiyy\u0259ti orqanlar\u0131n\u0131n normativ h&uuml;quqi aktlar\u0131n\u0131n v\u0259 normativ xarakterli aktlar\u0131n &ldquo;Az\u0259rbaycan Respublikas\u0131n\u0131n M&uuml;lki M\u0259c\u0259ll\u0259sind\u0259, Az\u0259rbaycan Respublikas\u0131n\u0131n Vergi M\u0259c\u0259ll\u0259sind\u0259, Az\u0259rbaycan Respublikas\u0131n\u0131n M\u0259nzil M\u0259c\u0259ll\u0259sind\u0259 v\u0259 Az\u0259rbaycan Respublikas\u0131n\u0131n G&ouml;mr&uuml;k M\u0259c\u0259ll\u0259sind\u0259 d\u0259yi\u015fiklik edilm\u0259si haqq\u0131nda&rdquo; Az\u0259rbaycan Respublikas\u0131n\u0131n Qanununa uy\u011funla\u015fd\u0131r\u0131lmas\u0131n\u0131 t\u0259min edib Az\u0259rbaycan Respublikas\u0131n\u0131n Nazirl\u0259r Kabinetin\u0259 m\u0259lumat versin.<\/p>\n<p><strong>***<\/strong><\/p>\n<p>Az\u0259rbaycan Respublikas\u0131 Prezidenti \u0130lham \u018fliyev &ldquo;S\u0131\u011forta f\u0259aliyy\u0259ti haqq\u0131nda&rdquo;, &ldquo;Bank olmayan kredit t\u0259\u015fkilatlar\u0131 haqq\u0131nda&rdquo;, &ldquo;\u0130nvestisiya fondlar\u0131 haqq\u0131nda&rdquo;, &ldquo;Qiym\u0259tli ka\u011f\u0131zlar bazar\u0131 haqq\u0131nda&rdquo; v\u0259 &ldquo;Antidempinq, kompensasiya v\u0259 m&uuml;hafiz\u0259 t\u0259dbirl\u0259ri haqq\u0131nda&rdquo; Az\u0259rbaycan Respublikas\u0131n\u0131n qanunlar\u0131nda d\u0259yi\u015fiklik edilm\u0259si bar\u0259d\u0259&rdquo; Az\u0259rbaycan Respublikas\u0131n\u0131n 2019-cu il 3 may tarixli 1586-VQD n&ouml;mr\u0259li Qanununun t\u0259tbiqi haqq\u0131nda s\u0259r\u0259ncam imzalay\u0131b.<\/p>\n<p>S\u0259r\u0259ncamda deyilir:<\/p>\n<p>Az\u0259rbaycan Respublikas\u0131 Konstitusiyas\u0131n\u0131n 109-cu madd\u0259sinin 19-cu b\u0259ndini r\u0259hb\u0259r tutaraq, &ldquo;S\u0131\u011forta f\u0259aliyy\u0259ti haqq\u0131nda&rdquo;, &ldquo;Bank olmayan kredit t\u0259\u015fkilatlar\u0131 haqq\u0131nda&rdquo;, &ldquo;\u0130nvestisiya fondlar\u0131 haqq\u0131nda&rdquo;, &ldquo;Qiym\u0259tli ka\u011f\u0131zlar bazar\u0131 haqq\u0131nda&rdquo; v\u0259 &ldquo;Antidempinq, kompensasiya v\u0259 m&uuml;hafiz\u0259 t\u0259dbirl\u0259ri haqq\u0131nda&rdquo; Az\u0259rbaycan Respublikas\u0131n\u0131n qanunlar\u0131nda d\u0259yi\u015fiklik edilm\u0259si bar\u0259d\u0259&rdquo; Az\u0259rbaycan Respublikas\u0131n\u0131n 2019-cu il 3 may tarixli 1586-VQD n&ouml;mr\u0259li Qanununun q&uuml;vv\u0259y\u0259 minm\u0259si il\u0259 \u0259laq\u0259dar h\u0259min Qanunun t\u0259tbiqini t\u0259min etm\u0259k m\u0259qs\u0259dil\u0259 q\u0259rara al\u0131ram:<\/p>\n<p>1. Az\u0259rbaycan Respublikas\u0131n\u0131n Nazirl\u0259r Kabineti:<\/p>\n<p>1.1. Az\u0259rbaycan Respublikas\u0131 qanunlar\u0131n\u0131n v\u0259 Az\u0259rbaycan Respublikas\u0131 Prezidentinin aktlar\u0131n\u0131n &ldquo;S\u0131\u011forta f\u0259aliyy\u0259ti haqq\u0131nda&rdquo;, &ldquo;Bank olmayan kredit t\u0259\u015fkilatlar\u0131 haqq\u0131nda&rdquo;, &ldquo;\u0130nvestisiya fondlar\u0131 haqq\u0131nda&rdquo;, &ldquo;Qiym\u0259tli ka\u011f\u0131zlar bazar\u0131 haqq\u0131nda&rdquo; v\u0259 &ldquo;Antidempinq, kompensasiya v\u0259 m&uuml;hafiz\u0259 t\u0259dbirl\u0259ri haqq\u0131nda&rdquo; Az\u0259rbaycan Respublikas\u0131n\u0131n qanunlar\u0131nda d\u0259yi\u015fiklik edilm\u0259si bar\u0259d\u0259&rdquo; Az\u0259rbaycan Respublikas\u0131n\u0131n Qanununa uy\u011funla\u015fd\u0131r\u0131lmas\u0131 il\u0259 ba\u011fl\u0131 t\u0259klifl\u0259rini &uuml;&ccedil; ay m&uuml;dd\u0259tind\u0259 haz\u0131rlay\u0131b Az\u0259rbaycan Respublikas\u0131n\u0131n Prezidentin\u0259 t\u0259qdim etsin;<\/p>\n<p>1.2. Az\u0259rbaycan Respublikas\u0131 Nazirl\u0259r Kabinetinin normativ h&uuml;quqi aktlar\u0131n\u0131n h\u0259min Qanuna uy\u011funla\u015fd\u0131r\u0131lmas\u0131n\u0131 &uuml;&ccedil; ay m&uuml;dd\u0259tind\u0259 t\u0259min edib Az\u0259rbaycan Respublikas\u0131n\u0131n Prezidentin\u0259 m\u0259lumat versin;<\/p>\n<p>1.3. m\u0259rk\u0259zi icra hakimiyy\u0259ti orqanlar\u0131n\u0131n normativ h&uuml;quqi aktlar\u0131n\u0131n h\u0259min Qanuna uy\u011funla\u015fd\u0131r\u0131lmas\u0131n\u0131 n\u0259zar\u0259td\u0259 saxlas\u0131n v\u0259 bunun icras\u0131 bar\u0259d\u0259 be\u015f ay m&uuml;dd\u0259tind\u0259 Az\u0259rbaycan Respublikas\u0131n\u0131n Prezidentin\u0259 m\u0259lumat versin;<\/p>\n<p>1.4. h\u0259min Qanundan ir\u0259li g\u0259l\u0259n dig\u0259r m\u0259s\u0259l\u0259l\u0259ri h\u0259ll etsin.<\/p>\n<p>2. Az\u0259rbaycan Respublikas\u0131n\u0131n \u018fdliyy\u0259 Nazirliyi m\u0259rk\u0259zi icra hakimiyy\u0259ti orqanlar\u0131n\u0131n normativ h&uuml;quqi aktlar\u0131n\u0131n v\u0259 normativ xarakterli aktlar\u0131n &ldquo;S\u0131\u011forta f\u0259aliyy\u0259ti haqq\u0131nda&rdquo;, &ldquo;Bank olmayan kredit t\u0259\u015fkilatlar\u0131 haqq\u0131nda&rdquo;, &ldquo;\u0130nvestisiya fondlar\u0131 haqq\u0131nda&rdquo;, &ldquo;Qiym\u0259tli ka\u011f\u0131zlar bazar\u0131 haqq\u0131nda&rdquo; v\u0259 &ldquo;Antidempinq, kompensasiya v\u0259 m&uuml;hafiz\u0259 t\u0259dbirl\u0259ri haqq\u0131nda&rdquo; Az\u0259rbaycan Respublikas\u0131n\u0131n qanunlar\u0131nda d\u0259yi\u015fiklik edilm\u0259si bar\u0259d\u0259&rdquo; Az\u0259rbaycan Respublikas\u0131n\u0131n Qanununa uy\u011funla\u015fd\u0131r\u0131lmas\u0131n\u0131 t\u0259min edib Az\u0259rbaycan Respublikas\u0131n\u0131n Nazirl\u0259r Kabinetin\u0259 m\u0259lumat versin.<\/p>\n","protected":false},"excerpt":{"rendered":"<p>Az\u0259rbaycan Respublikas\u0131 Prezidenti \u0130lham \u018fliyev &ldquo;Az\u0259rbaycan Respublikas\u0131n\u0131n M&uuml;lki M\u0259c\u0259ll\u0259sind\u0259, Az\u0259rbaycan Respublikas\u0131n\u0131n Vergi M\u0259c\u0259ll\u0259sind\u0259, Az\u0259rbaycan Respublikas\u0131n\u0131n M\u0259nzil M\u0259c\u0259ll\u0259sind\u0259 v\u0259 Az\u0259rbaycan Respublikas\u0131n\u0131n G&ouml;mr&uuml;k M\u0259c\u0259ll\u0259sind\u0259 d\u0259yi\u015fiklik edilm\u0259si haqq\u0131nda&rdquo; Az\u0259rbaycan Respublikas\u0131n\u0131n 2019-cu il 3&hellip;<\/p>\n","protected":false},"author":1,"featured_media":251278,"comment_status":"open","ping_status":"open","sticky":false,"template":"","format":"standard","meta":{"_lmt_disableupdate":"","_lmt_disable":"","footnotes":""},"categories":[],"tags":[],"class_list":["post-80435","post","type-post","status-publish","format-standard","has-post-thumbnail","hentry"],"_links":{"self":[{"href":"https:\/\/ucnoqta.az\/index.php?rest_route=\/wp\/v2\/posts\/80435","targetHints":{"allow":["GET"]}}],"collection":[{"href":"https:\/\/ucnoqta.az\/index.php?rest_route=\/wp\/v2\/posts"}],"about":[{"href":"https:\/\/ucnoqta.az\/index.php?rest_route=\/wp\/v2\/types\/post"}],"author":[{"embeddable":true,"href":"https:\/\/ucnoqta.az\/index.php?rest_route=\/wp\/v2\/users\/1"}],"replies":[{"embeddable":true,"href":"https:\/\/ucnoqta.az\/index.php?rest_route=%2Fwp%2Fv2%2Fcomments&post=80435"}],"version-history":[{"count":0,"href":"https:\/\/ucnoqta.az\/index.php?rest_route=\/wp\/v2\/posts\/80435\/revisions"}],"wp:featuredmedia":[{"embeddable":true,"href":"https:\/\/ucnoqta.az\/index.php?rest_route=\/wp\/v2\/media\/251278"}],"wp:attachment":[{"href":"https:\/\/ucnoqta.az\/index.php?rest_route=%2Fwp%2Fv2%2Fmedia&parent=80435"}],"wp:term":[{"taxonomy":"category","embeddable":true,"href":"https:\/\/ucnoqta.az\/index.php?rest_route=%2Fwp%2Fv2%2Fcategories&post=80435"},{"taxonomy":"post_tag","embeddable":true,"href":"https:\/\/ucnoqta.az\/index.php?rest_route=%2Fwp%2Fv2%2Ftags&post=80435"}],"curies":[{"name":"wp","href":"https:\/\/api.w.org\/{rel}","templated":true}]}}