{"id":80431,"date":"2019-05-24T11:54:38","date_gmt":"2019-05-24T07:54:38","guid":{"rendered":""},"modified":"-0001-11-30T00:00:00","modified_gmt":"-0001-11-29T20:00:00","slug":"","status":"publish","type":"post","link":"https:\/\/ucnoqta.az\/?p=80431","title":{"rendered":"&#8220;B\u0259zi insanlar 24 il i\u015fl\u0259yib haz\u0131rda pensiya ala bilmir&#8221;- <font color=red><b>Ekspert<\/b><\/font>"},"content":{"rendered":"<p><strong>Bu ild\u0259n &ldquo;\u018fm\u0259k pensiyalar\u0131 haqq\u0131nda&rdquo; Qanuna edil\u0259n d\u0259yi\u015fiklil\u0259r\u0259 g&ouml;r\u0259, 2006-c\u0131 ilin \u0259vv\u0259lind\u0259n, y\u0259ni f\u0259rdi u&ccedil;ot sistemi t\u0259tbiq olunandan sonra 2018-ci il iyulun 1-d\u0259k f\u0259rdi hesab\u0131nda toplanan m\u0259bl\u0259\u011fd\u0259n as\u0131l\u0131 olmayaraq pensiya kapital\u0131 qeyd\u0259 al\u0131n\u0131bsa, 2006-c\u0131 il\u0259d\u0259k 25 il sosial s\u0131\u011forta staj\u0131 hesablan\u0131r. <\/strong><\/p>\n<p>Ucnoqta.az x\u0259b\u0259r verir ki, bu bar\u0259d\u0259 iqtisad&ccedil;\u0131 ekspert V&uuml;qar Bayramov &quot;facebook&quot; sosial \u015f\u0259b\u0259k\u0259sind\u0259 yaz\u0131b. Ekspertin s&ouml;zl\u0259rin\u0259 g&ouml;r\u0259, y\u0259ni, \u0259g\u0259r v\u0259t\u0259nda\u015f\u0131n &ouml;t\u0259n ilin ikinci yar\u0131s\u0131nad\u0259k f\u0259rdi hesab\u0131nda h\u0259r hans\u0131 bir v\u0259sait olubsa, o 25 illik pensiya staj\u0131 il\u0259 pensiyaya &ccedil;\u0131x\u0131r:<\/p>\n<p>&quot;Qanuna bu kimi d\u0259yi\u015fikliyin edilm\u0259si yax\u015f\u0131 hal olsa da, b&uuml;t&uuml;n ya\u015fl\u0131 insanlar\u0131n pensiya almas\u0131na imkan vermir. M\u0259s\u0259l\u0259 ondad\u0131r ki, el\u0259 v\u0259t\u0259nda\u015flar\u0131m\u0131z var, onlar\u0131n 2006-c\u0131 il\u0259d\u0259k 25 deyil, daha az, m\u0259s\u0259l\u0259n 22 il i\u015f staj\u0131 olub v\u0259 2006-c\u0131 ild\u0259n sonra y\u0131\u011f\u0131m\u0131 da olmay\u0131b.<\/p>\n<p>Qaydalara \u0259sas\u0259n, bel\u0259 v\u0259t\u0259nda\u015flar\u0131m\u0131z\u0131n \u0259m\u0259k pensiyas\u0131 almaq h&uuml;quqlar\u0131 yoxdur. Qeyd edim ki, son zamanlar bu m\u0259s\u0259l\u0259 il\u0259 ba\u011fl\u0131 biz\u0259 &ccedil;oxlu sayda m&uuml;raci\u0259tl\u0259r olunur. V\u0259t\u0259nda\u015f 2006-c\u0131 il\u0259d\u0259k h\u0259tta 24 il i\u015fl\u0259yib amma sonradan \u0259m\u0259k m&uuml;qavil\u0259si olmad\u0131\u011f\u0131 &uuml;&ccedil;&uuml;n y\u0131\u011f\u0131m ed\u0259 bilm\u0259yib v\u0259 indi pensiya ya\u015f\u0131 &ccedil;atsa da pensiya ala bilmir.<\/p>\n<p>Yaln\u0131z 67 ya\u015f\u0131 tamam olan zaman sosial m&uuml;avin\u0259t alacaq. O is\u0259 minimum \u0259m\u0259k pensiyas\u0131 il\u0259 m&uuml;qayis\u0259d\u0259 ki&ccedil;ik m\u0259bl\u0259\u011fdir. B&uuml;t&uuml;n bu m&uuml;raci\u0259tl\u0259ri n\u0259z\u0259r\u0259 alaraq biz &ldquo;Pensiya Amnistiyas\u0131&rdquo;n\u0131n verilm\u0259sini t\u0259klif edirik. Y\u0259ni, \u0259g\u0259r v\u0259t\u0259nda\u015f\u0131n 2006-c\u0131 il\u0259d\u0259k m&uuml;\u0259yy\u0259n i\u015f \u015ftaj\u0131 olubsa v\u0259 h\u0259tta 2006-c\u0131 ild\u0259n sonra onun f\u0259rdi hesab\u0131nda he&ccedil; bir y\u0131\u011f\u0131m olmay\u0131bsa onun pensiya ya\u015f\u0131 &ccedil;atan zaman minimum pensiya m\u0259bl\u0259\u011fi il\u0259 t\u0259min olunmas\u0131na ehtiyac var.<\/p>\n<p>Bu ya\u015f qrupunda olan insanlar\u0131n sosial t\u0259minata daha &ccedil;ox ehtiyac\u0131n\u0131n oldu\u011funu n\u0259z\u0259r\u0259 ald\u0131qda bel\u0259 amnistiyan\u0131n verilm\u0259si &ccedil;ox vacibdir&rdquo;.<\/p>\n","protected":false},"excerpt":{"rendered":"<p>Bu ild\u0259n &ldquo;\u018fm\u0259k pensiyalar\u0131 haqq\u0131nda&rdquo; Qanuna edil\u0259n d\u0259yi\u015fiklil\u0259r\u0259 g&ouml;r\u0259, 2006-c\u0131 ilin \u0259vv\u0259lind\u0259n, y\u0259ni f\u0259rdi u&ccedil;ot sistemi t\u0259tbiq olunandan sonra 2018-ci il iyulun 1-d\u0259k f\u0259rdi hesab\u0131nda toplanan m\u0259bl\u0259\u011fd\u0259n as\u0131l\u0131 olmayaraq pensiya&hellip;<\/p>\n","protected":false},"author":1,"featured_media":251278,"comment_status":"open","ping_status":"open","sticky":false,"template":"","format":"standard","meta":{"_lmt_disableupdate":"","_lmt_disable":"","footnotes":""},"categories":[101],"tags":[],"class_list":["post-80431","post","type-post","status-publish","format-standard","has-post-thumbnail","hentry","category-cemiyyet"],"_links":{"self":[{"href":"https:\/\/ucnoqta.az\/index.php?rest_route=\/wp\/v2\/posts\/80431","targetHints":{"allow":["GET"]}}],"collection":[{"href":"https:\/\/ucnoqta.az\/index.php?rest_route=\/wp\/v2\/posts"}],"about":[{"href":"https:\/\/ucnoqta.az\/index.php?rest_route=\/wp\/v2\/types\/post"}],"author":[{"embeddable":true,"href":"https:\/\/ucnoqta.az\/index.php?rest_route=\/wp\/v2\/users\/1"}],"replies":[{"embeddable":true,"href":"https:\/\/ucnoqta.az\/index.php?rest_route=%2Fwp%2Fv2%2Fcomments&post=80431"}],"version-history":[{"count":0,"href":"https:\/\/ucnoqta.az\/index.php?rest_route=\/wp\/v2\/posts\/80431\/revisions"}],"wp:featuredmedia":[{"embeddable":true,"href":"https:\/\/ucnoqta.az\/index.php?rest_route=\/wp\/v2\/media\/251278"}],"wp:attachment":[{"href":"https:\/\/ucnoqta.az\/index.php?rest_route=%2Fwp%2Fv2%2Fmedia&parent=80431"}],"wp:term":[{"taxonomy":"category","embeddable":true,"href":"https:\/\/ucnoqta.az\/index.php?rest_route=%2Fwp%2Fv2%2Fcategories&post=80431"},{"taxonomy":"post_tag","embeddable":true,"href":"https:\/\/ucnoqta.az\/index.php?rest_route=%2Fwp%2Fv2%2Ftags&post=80431"}],"curies":[{"name":"wp","href":"https:\/\/api.w.org\/{rel}","templated":true}]}}