{"id":80430,"date":"2019-05-24T11:49:57","date_gmt":"2019-05-24T07:49:57","guid":{"rendered":""},"modified":"-0001-11-30T00:00:00","modified_gmt":"-0001-11-29T20:00:00","slug":"","status":"publish","type":"post","link":"https:\/\/ucnoqta.az\/?p=80430","title":{"rendered":"Bahar Muradova: <font color=red><b>&#8220;Erm\u0259nistan daim Az\u0259rbaycan \u0259razil\u0259rini \u0259l\u0259 ke\u00e7irm\u0259y\u0259 \u00e7al\u0131\u015f\u0131b&#8221;<\/b><\/font>"},"content":{"rendered":"<p><strong>Erm\u0259nistan daim Az\u0259rbaycan \u0259razil\u0259rini \u0259l\u0259 ke&ccedil;irm\u0259y\u0259 &ccedil;al\u0131\u015f\u0131b. H\u0259m C&uuml;mhuriyy\u0259t d&ouml;vr&uuml;nd\u0259, h\u0259m d\u0259 sonralar Az\u0259rbaycan \u0259razil\u0259rin\u0259 iddia il\u0259 &ccedil;\u0131x\u0131\u015f edibl\u0259r.<\/strong><\/p>\n<p>Bunu Milli M\u0259clisin vitse-spikeri Bahar Muradova parlamentd\u0259 Yeni Az\u0259rbaycan Partiyas\u0131n\u0131n (YAP) G\u0259ncl\u0259r Birliyinin &uuml;zvl\u0259ri il\u0259 g&ouml;r&uuml;\u015f&uuml;nd\u0259 deyib.<\/p>\n<p>B.Muradova bildirib ki, o zaman Milli \u015euran\u0131n \u0130r\u0259van\u0131 Erm\u0259nistana paytaxt kimi verilm\u0259si bar\u0259d\u0259 q\u0259rar\u0131n\u0131n a\u011fr\u0131-ac\u0131lar\u0131n\u0131 bu g&uuml;n d\u0259 hiss edirik: &ldquo;Ancaq buna baxmayaraq, Milli \u015eura tariximizd\u0259 b&ouml;y&uuml;k rol oynay\u0131b. Milli \u015euran\u0131n \u0259sas xidm\u0259ti m&uuml;dafi\u0259 qabiliyy\u0259tini m&ouml;hk\u0259ml\u0259ndirm\u0259k, Bak\u0131ni i\u015f\u011faldan azad etm\u0259k olub. Bak\u0131 erm\u0259nil\u0259rin i\u015f\u011fal\u0131ndan qurtularaq Az\u0259rbaycan\u0131n paytaxt\u0131na &ccedil;evrilib&rdquo;.<\/p>\n<p>Vitse-spiker qeyd edib ki, Milli \u015eura Zaqafqaziya Seymi \u0259sas\u0131nda t\u0259\u015fkil edilmi\u015fdi: &quot;Parlament se&ccedil;kil\u0259ri ke&ccedil;irm\u0259k m&uuml;mk&uuml;n olmasa da, Milli \u015eura geni\u015fl\u0259ndirildi, n\u0259tic\u0259d\u0259 1918-ci ilin dekabr\u0131n 7-d\u0259 parlament ilk i\u015fin\u0259 ba\u015flad\u0131 v\u0259 Az\u0259baycan d&ouml;vl\u0259t&ccedil;iliyi &uuml;&ccedil;&uuml;n m&uuml;h&uuml;m q\u0259rarlar q\u0259bul etdi&rdquo;.<\/p>\n<p>B.Muradova \u0259lav\u0259 edib ki, Birinci D&uuml;nya m&uuml;harib\u0259sinin n\u0259tic\u0259l\u0259ri, Osmanl\u0131 imperiyas\u0131n\u0131n m\u0259\u011flubiyy\u0259ti Xalq C&uuml;mhuriyy\u0259tinin s&uuml;qutuna yol a&ccedil;d\u0131: &ldquo;Sovetl\u0259r d&ouml;vr&uuml;nd\u0259 C&uuml;mhuriyy\u0259t atributlar\u0131n\u0131n l\u0259\u011fvi bar\u0259d\u0259 q\u0259rarlar q\u0259bul edildi. C&uuml;mhuriyy\u0259t qurucular\u0131n\u0131n bir qismi repressiya qurban\u0131 oldu, bir qismi is\u0259 m&uuml;hacir\u0259t\u0259 getdi&rdquo;.\/trend<\/p>\n","protected":false},"excerpt":{"rendered":"<p>Erm\u0259nistan daim Az\u0259rbaycan \u0259razil\u0259rini \u0259l\u0259 ke&ccedil;irm\u0259y\u0259 &ccedil;al\u0131\u015f\u0131b. H\u0259m C&uuml;mhuriyy\u0259t d&ouml;vr&uuml;nd\u0259, h\u0259m d\u0259 sonralar Az\u0259rbaycan \u0259razil\u0259rin\u0259 iddia il\u0259 &ccedil;\u0131x\u0131\u015f edibl\u0259r. Bunu Milli M\u0259clisin vitse-spikeri Bahar Muradova parlamentd\u0259 Yeni Az\u0259rbaycan Partiyas\u0131n\u0131n (YAP)&hellip;<\/p>\n","protected":false},"author":1,"featured_media":251278,"comment_status":"open","ping_status":"open","sticky":false,"template":"","format":"standard","meta":{"_lmt_disableupdate":"","_lmt_disable":"","footnotes":""},"categories":[],"tags":[],"class_list":["post-80430","post","type-post","status-publish","format-standard","has-post-thumbnail","hentry"],"_links":{"self":[{"href":"https:\/\/ucnoqta.az\/index.php?rest_route=\/wp\/v2\/posts\/80430","targetHints":{"allow":["GET"]}}],"collection":[{"href":"https:\/\/ucnoqta.az\/index.php?rest_route=\/wp\/v2\/posts"}],"about":[{"href":"https:\/\/ucnoqta.az\/index.php?rest_route=\/wp\/v2\/types\/post"}],"author":[{"embeddable":true,"href":"https:\/\/ucnoqta.az\/index.php?rest_route=\/wp\/v2\/users\/1"}],"replies":[{"embeddable":true,"href":"https:\/\/ucnoqta.az\/index.php?rest_route=%2Fwp%2Fv2%2Fcomments&post=80430"}],"version-history":[{"count":0,"href":"https:\/\/ucnoqta.az\/index.php?rest_route=\/wp\/v2\/posts\/80430\/revisions"}],"wp:featuredmedia":[{"embeddable":true,"href":"https:\/\/ucnoqta.az\/index.php?rest_route=\/wp\/v2\/media\/251278"}],"wp:attachment":[{"href":"https:\/\/ucnoqta.az\/index.php?rest_route=%2Fwp%2Fv2%2Fmedia&parent=80430"}],"wp:term":[{"taxonomy":"category","embeddable":true,"href":"https:\/\/ucnoqta.az\/index.php?rest_route=%2Fwp%2Fv2%2Fcategories&post=80430"},{"taxonomy":"post_tag","embeddable":true,"href":"https:\/\/ucnoqta.az\/index.php?rest_route=%2Fwp%2Fv2%2Ftags&post=80430"}],"curies":[{"name":"wp","href":"https:\/\/api.w.org\/{rel}","templated":true}]}}