{"id":80426,"date":"2019-05-24T11:15:36","date_gmt":"2019-05-24T07:15:36","guid":{"rendered":""},"modified":"-0001-11-30T00:00:00","modified_gmt":"-0001-11-29T20:00:00","slug":"","status":"publish","type":"post","link":"https:\/\/ucnoqta.az\/?p=80426","title":{"rendered":"Siyavu\u015f Novruzov:<font color=red><b> \u201cErm\u0259nistan ba\u015fqa d\u00f6vl\u0259tin yed\u0259yind\u0259 gedir\u201d<\/b><\/font>"},"content":{"rendered":"<p><strong>&ldquo;Erm\u0259nistan &ouml;z&uuml;n&uuml; m&uuml;st\u0259qil d&ouml;vl\u0259t elan ets\u0259 d\u0259 el\u0259 deyil. Onlar&nbsp;hans\u0131sa d&ouml;vl\u0259tin yed\u0259yind\u0259 gedir&rdquo;.<\/strong><\/p>\n<p>Bunu jurnalistl\u0259r\u0259 a&ccedil;\u0131qlamas\u0131nda&nbsp;Milli M\u0259clisin \u0130ctimai birlikl\u0259r v\u0259 dini qurumlar komit\u0259sinin s\u0259dri, YAP-\u0131n icra katibinin m&uuml;avini&nbsp;Siyavu\u015f Novruzov&nbsp;deyib. Deputat\u0131n s&ouml;zl\u0259rin\u0259 g&ouml;r\u0259, bu g&uuml;n C\u0259nubi Qafqazda, el\u0259c\u0259 d\u0259 postsovet m\u0259kan\u0131nda v\u0259 Avropada az-az m&uuml;st\u0259qil d&ouml;vl\u0259t var, onlardan&nbsp;biri d\u0259 m\u0259hz Az\u0259rbaycand\u0131r: &ldquo;Erm\u0259nistan n\u0259 xarici, n\u0259 d\u0259 daxili siyas\u0259tind\u0259, n\u0259 iqtisadi-sosial siyas\u0259tind\u0259 m&uuml;st\u0259qil h\u0259r hans\u0131 add\u0131m ata bilmir.<\/p>\n<p>Ona g&ouml;r\u0259 d\u0259 orada ke&ccedil;iril\u0259n se&ccedil;kil\u0259r zaman\u0131 v\u0259 ondan \u0259vv\u0259lki d&ouml;vrl\u0259rd\u0259 Erm\u0259nistan\u0131n v\u0259ziyy\u0259tinin g&uuml;n&uuml;-g&uuml;nd\u0259n a\u011f\u0131rla\u015fd\u0131\u011f\u0131 d\u0259f\u0259l\u0259rl\u0259 proqnozlarda qeyd olunurdu. Apar\u0131lan t\u0259dqiqatlar g&ouml;st\u0259rir ki, ild\u0259 100 mind\u0259n art\u0131q insan Erm\u0259nistan\u0131 t\u0259rk edir, he&ccedil; bir m&uuml;\u0259ssis\u0259 v\u0259 t\u0259\u015fkilat orada f\u0259aliyy\u0259tini davam etdirmir&rdquo;.<\/p>\n<p>S.Novruzov qeyd edib ki, orada sosial v\u0259ziyy\u0259t ac\u0131nacaql\u0131d\u0131r: &ldquo;Orduda qar\u015f\u0131durma var v\u0259 bu daha da d\u0259rinl\u0259\u015fib. Eyni zamanda siyasi r\u0259hb\u0259rlikd\u0259 d\u0259 qar\u015f\u0131durma var. Regionlararas\u0131 m&uuml;nasib\u0259tl\u0259r d\u0259 bir-birin\u0259 qar\u0131\u015f\u0131b. Bu bax\u0131mdan Erm\u0259nistanda se&ccedil;ki &ouml;nc\u0259si veril\u0259n v\u0259dl\u0259rin he&ccedil; 1%-i d\u0259 yerin\u0259 yetirilm\u0259yib v\u0259 bundan sonra da yetirilm\u0259y\u0259c\u0259k.<\/p>\n<p>&Ccedil;&uuml;nki orada pe\u015f\u0259kar siyas\u0259t&ccedil;il\u0259r v\u0259 i\u015fi bil\u0259nl\u0259r yoxdur. T\u0259xmin\u0259n Az\u0259rbaycan\u0131n 90-c\u0131 ill\u0259rind\u0259ki v\u0259ziyy\u0259ti xat\u0131rlan\u0131r ki, kimi g\u0259ldi m&uuml;xt\u0259lif v\u0259zif\u0259l\u0259r\u0259 t\u0259yin edirdil\u0259r. Populyarl\u0131q da c\u0259mi bir-iki ay &ccedil;\u0259kir. Ona g&ouml;r\u0259 d\u0259 popilizml\u0259 he&ccedil; bir m\u0259s\u0259l\u0259ni idar\u0259 etm\u0259k olmaz. &Ccedil;&uuml;nki ortada real i\u015f olmal\u0131d\u0131r. Bu da yoxdur. \u0130lkin d&ouml;vrd\u0259 bir az imkanl\u0131 \u015f\u0259xsl\u0259rin v\u0259saitl\u0259rini m&uuml;sadir\u0259 etm\u0259kl\u0259 bir ne&ccedil;\u0259 ay bunu t\u0259nziml\u0259m\u0259y\u0259 &ccedil;al\u0131\u015fd\u0131lar. Ancaq indi bu da yoxdur&rdquo;.<\/p>\n<p>O vur\u011fulay\u0131b ki, haz\u0131rda Erm\u0259nistan\u0131n xarici siyas\u0259ti d\u0259 b\u0259rbad v\u0259ziyy\u0259td\u0259dir: &ldquo;Pa\u015finyan h\u0259r &ouml;lk\u0259d\u0259 f\u0259rqli fikirl\u0259r s\u0259sl\u0259ndirir. Ona g&ouml;r\u0259 d\u0259 Erm\u0259nistan\u0131n xarici siyas\u0259ti s\u0131f\u0131r v\u0259ziyy\u0259tind\u0259dir. Ordudan yay\u0131nmalar h\u0259ddind\u0259n art\u0131q &ccedil;oxdur. Valideyl\u0259r &ouml;z u\u015faqlar\u0131n\u0131 Az\u0259rbaycan \u0259razisind\u0259 xidm\u0259t etm\u0259y\u0259 g&ouml;nd\u0259rmir. Sual qoyurlar ki, Da\u011fl\u0131q Qaraba\u011f v\u0259 \u0259traf \u0259razil\u0259rd\u0259 u\u015faqlar\u0131m\u0131z\u0131n n\u0259 i\u015fi var?! Odur ki, Erm\u0259nistandak\u0131 siyas\u0259t tam \u015f\u0259kild\u0259 iflasa u\u011fray\u0131b&rdquo;. \/report<\/p>\n","protected":false},"excerpt":{"rendered":"<p>&ldquo;Erm\u0259nistan &ouml;z&uuml;n&uuml; m&uuml;st\u0259qil d&ouml;vl\u0259t elan ets\u0259 d\u0259 el\u0259 deyil. Onlar&nbsp;hans\u0131sa d&ouml;vl\u0259tin yed\u0259yind\u0259 gedir&rdquo;. Bunu jurnalistl\u0259r\u0259 a&ccedil;\u0131qlamas\u0131nda&nbsp;Milli M\u0259clisin \u0130ctimai birlikl\u0259r v\u0259 dini qurumlar komit\u0259sinin s\u0259dri, YAP-\u0131n icra katibinin m&uuml;avini&nbsp;Siyavu\u015f Novruzov&nbsp;deyib. Deputat\u0131n&hellip;<\/p>\n","protected":false},"author":1,"featured_media":251278,"comment_status":"open","ping_status":"open","sticky":false,"template":"","format":"standard","meta":{"_lmt_disableupdate":"","_lmt_disable":"","footnotes":""},"categories":[],"tags":[],"class_list":["post-80426","post","type-post","status-publish","format-standard","has-post-thumbnail","hentry"],"_links":{"self":[{"href":"https:\/\/ucnoqta.az\/index.php?rest_route=\/wp\/v2\/posts\/80426","targetHints":{"allow":["GET"]}}],"collection":[{"href":"https:\/\/ucnoqta.az\/index.php?rest_route=\/wp\/v2\/posts"}],"about":[{"href":"https:\/\/ucnoqta.az\/index.php?rest_route=\/wp\/v2\/types\/post"}],"author":[{"embeddable":true,"href":"https:\/\/ucnoqta.az\/index.php?rest_route=\/wp\/v2\/users\/1"}],"replies":[{"embeddable":true,"href":"https:\/\/ucnoqta.az\/index.php?rest_route=%2Fwp%2Fv2%2Fcomments&post=80426"}],"version-history":[{"count":0,"href":"https:\/\/ucnoqta.az\/index.php?rest_route=\/wp\/v2\/posts\/80426\/revisions"}],"wp:featuredmedia":[{"embeddable":true,"href":"https:\/\/ucnoqta.az\/index.php?rest_route=\/wp\/v2\/media\/251278"}],"wp:attachment":[{"href":"https:\/\/ucnoqta.az\/index.php?rest_route=%2Fwp%2Fv2%2Fmedia&parent=80426"}],"wp:term":[{"taxonomy":"category","embeddable":true,"href":"https:\/\/ucnoqta.az\/index.php?rest_route=%2Fwp%2Fv2%2Fcategories&post=80426"},{"taxonomy":"post_tag","embeddable":true,"href":"https:\/\/ucnoqta.az\/index.php?rest_route=%2Fwp%2Fv2%2Ftags&post=80426"}],"curies":[{"name":"wp","href":"https:\/\/api.w.org\/{rel}","templated":true}]}}