{"id":80419,"date":"2019-05-24T10:09:28","date_gmt":"2019-05-24T06:09:28","guid":{"rendered":""},"modified":"-0001-11-30T00:00:00","modified_gmt":"-0001-11-29T20:00:00","slug":"","status":"publish","type":"post","link":"https:\/\/ucnoqta.az\/?p=80419","title":{"rendered":"Fuad Abbasovun ail\u0259si a\u00e7\u0131qlama yay\u0131b"},"content":{"rendered":"<p><strong>Yeni v\u0259kil tutuldu<\/strong><\/p>\n<p>Rusiyada saxlan\u0131lan v\u0259 Az\u0259rbaycana deportasiya edil\u0259c\u0259yi g&ouml;zl\u0259nil\u0259n tan\u0131nm\u0131\u015f jurnalist Fuad Abbasovun ail\u0259si onun &quot;Facebook&quot; s\u0259hif\u0259sind\u0259 a&ccedil;\u0131qlama yay\u0131b.&nbsp;<br \/>\n&ldquo;Ail\u0259miz hal-haz\u0131rda m\u0259n\u0259vi t\u0259zyiql\u0259rl\u0259 qar\u015f\u0131la\u015f\u0131r v\u0259 biz bu problemi h\u0259ll etm\u0259k yollar\u0131n\u0131 axtar\u0131r\u0131q. M&ouml;vqeyimizi m&ouml;hk\u0259ml\u0259ndirm\u0259k v\u0259 \u0259dal\u0259tli q\u0259rar q\u0259bul etm\u0259k &uuml;&ccedil;&uuml;n bir v\u0259kil tutmaq q\u0259rar\u0131na g\u0259ldik.<\/p>\n<p>Bu i\u015fi ara\u015fd\u0131rd\u0131qdan sonra yeni v\u0259kil Rusiya Federasiyas\u0131ndan jurnalist Fuad Abbasovun &ouml;lk\u0259d\u0259n &ccedil;\u0131xar\u0131lmas\u0131 il\u0259 ba\u011fl\u0131 m\u0259hk\u0259m\u0259 q\u0259rarlar\u0131na qar\u015f\u0131 apellyasiya \u015fikay\u0259ti verm\u0259yi q\u0259rara ald\u0131. Biz bu q\u0259rarla raz\u0131 deyilik. Fuad Abbasovun maraqlar\u0131 h&uuml;quq elml\u0259ri namiz\u0259di, Beyn\u0259lxalq H&uuml;quq\u015f&uuml;naslar Birliyinin &uuml;zv&uuml;, v\u0259kil \u015e\u0259rifov Teyyub Eldarovi&ccedil; t\u0259r\u0259find\u0259n qorunacaq. \u015eikay\u0259t bu g&uuml;n t\u0259qdim olundu&rdquo;.<\/p>\n","protected":false},"excerpt":{"rendered":"<p>Yeni v\u0259kil tutuldu Rusiyada saxlan\u0131lan v\u0259 Az\u0259rbaycana deportasiya edil\u0259c\u0259yi g&ouml;zl\u0259nil\u0259n tan\u0131nm\u0131\u015f jurnalist Fuad Abbasovun ail\u0259si onun &quot;Facebook&quot; s\u0259hif\u0259sind\u0259 a&ccedil;\u0131qlama yay\u0131b.&nbsp; &ldquo;Ail\u0259miz hal-haz\u0131rda m\u0259n\u0259vi t\u0259zyiql\u0259rl\u0259 qar\u015f\u0131la\u015f\u0131r v\u0259 biz bu problemi h\u0259ll&hellip;<\/p>\n","protected":false},"author":1,"featured_media":251278,"comment_status":"open","ping_status":"open","sticky":false,"template":"","format":"standard","meta":{"_lmt_disableupdate":"","_lmt_disable":"","footnotes":""},"categories":[],"tags":[],"class_list":["post-80419","post","type-post","status-publish","format-standard","has-post-thumbnail","hentry"],"_links":{"self":[{"href":"https:\/\/ucnoqta.az\/index.php?rest_route=\/wp\/v2\/posts\/80419","targetHints":{"allow":["GET"]}}],"collection":[{"href":"https:\/\/ucnoqta.az\/index.php?rest_route=\/wp\/v2\/posts"}],"about":[{"href":"https:\/\/ucnoqta.az\/index.php?rest_route=\/wp\/v2\/types\/post"}],"author":[{"embeddable":true,"href":"https:\/\/ucnoqta.az\/index.php?rest_route=\/wp\/v2\/users\/1"}],"replies":[{"embeddable":true,"href":"https:\/\/ucnoqta.az\/index.php?rest_route=%2Fwp%2Fv2%2Fcomments&post=80419"}],"version-history":[{"count":0,"href":"https:\/\/ucnoqta.az\/index.php?rest_route=\/wp\/v2\/posts\/80419\/revisions"}],"wp:featuredmedia":[{"embeddable":true,"href":"https:\/\/ucnoqta.az\/index.php?rest_route=\/wp\/v2\/media\/251278"}],"wp:attachment":[{"href":"https:\/\/ucnoqta.az\/index.php?rest_route=%2Fwp%2Fv2%2Fmedia&parent=80419"}],"wp:term":[{"taxonomy":"category","embeddable":true,"href":"https:\/\/ucnoqta.az\/index.php?rest_route=%2Fwp%2Fv2%2Fcategories&post=80419"},{"taxonomy":"post_tag","embeddable":true,"href":"https:\/\/ucnoqta.az\/index.php?rest_route=%2Fwp%2Fv2%2Ftags&post=80419"}],"curies":[{"name":"wp","href":"https:\/\/api.w.org\/{rel}","templated":true}]}}