{"id":80412,"date":"2019-05-24T03:32:49","date_gmt":"2019-05-23T23:32:49","guid":{"rendered":""},"modified":"-0001-11-30T00:00:00","modified_gmt":"-0001-11-29T20:00:00","slug":"","status":"publish","type":"post","link":"https:\/\/ucnoqta.az\/?p=80412","title":{"rendered":"Mehriban \u018fliyeva iftar m\u0259rasimind\u0259 i\u015ftirak edib- <font color=red><b>Foto<\/b><\/font>"},"content":{"rendered":"<p><strong>Az\u0259rbaycan Respublikas\u0131n\u0131n Birinci vitse-prezidenti Mehriban \u018fliyeva v\u0259 Heyd\u0259r \u018fliyev Fondunun vitse-prezidenti Leyla \u018fliyeva Bak\u0131n\u0131n X\u0259z\u0259r rayonunun M\u0259rd\u0259kan q\u0259s\u0259b\u0259sind\u0259ki Pir H\u0259s\u0259n ziyar\u0259tgah\u0131nda t\u0259\u015fkil olunan iftar m\u0259rasimind\u0259 i\u015ftirak edibl\u0259r.<\/strong><\/p>\n<p>Birinci vitse-prezident Mehriban \u018fliyeva v\u0259 Heyd\u0259r \u018fliyev Fondunun vitse-prezidenti Leyla \u018fliyeva bu yax\u0131nlarda h\u0259min ziyar\u0259tgahda olark\u0259n iftar s&uuml;fr\u0259sin\u0259 d\u0259v\u0259t edilmi\u015fdil\u0259r.<\/p>\n<p>\u0130ftar m\u0259rasimin\u0259 topla\u015fanlar Az\u0259rbaycandak\u0131 sosial-iqtisadi inki\u015fafa, \u0259min-amanl\u0131\u011fa g&ouml;r\u0259 t\u0259\u015f\u0259kk&uuml;rl\u0259rini bildirdil\u0259r. Onlar Prezident \u0130lham \u018fliyevin v\u0259 Birinci xan\u0131m Mehriban \u018fliyevan\u0131n &ouml;lk\u0259mizim inki\u015faf\u0131 istiqam\u0259tind\u0259 g&ouml;rd&uuml;kl\u0259ri i\u015fl\u0259ri y&uuml;ks\u0259k qiym\u0259tl\u0259ndirdil\u0259r, bel\u0259 m\u0259rasiml\u0259rin tezlikl\u0259 Qaraba\u011fda da ke&ccedil;iril\u0259c\u0259yin\u0259 \u0259minlikl\u0259rini ifad\u0259 etdil\u0259r.<\/p>\n<p>Birinci vitse-prezident Mehriban \u018fliyeva X\u0259z\u0259r rayonunun sakinl\u0259ri il\u0259 g&ouml;r&uuml;\u015fm\u0259kd\u0259n \u015fad oldu\u011funu bildirdi, m&uuml;q\u0259dd\u0259s Ramazan ay\u0131nda onlar\u0131n dualar\u0131n\u0131n q\u0259bul olunmas\u0131n\u0131 v\u0259 Allah-T\u0259alan\u0131n &ouml;lk\u0259mizi h\u0259r zaman qorumas\u0131n\u0131 arzulad\u0131.<\/p>\n<p>\u0130ftar m\u0259rasimind\u0259 &ldquo;Qurani-K\u0259rim&rdquo;d\u0259n ay\u0259l\u0259r v\u0259 iftar duas\u0131 oxundu.<br \/>\nM&uuml;q\u0259dd\u0259s kitab\u0131m\u0131z olan &ldquo;Qurani-K\u0259rim&rdquo;in nazil oldu\u011fu Ramazan ay\u0131 insanlar\u0131n q\u0259lbini nurland\u0131ran, onlar\u0131 s&uuml;lh\u0259, h\u0259mr\u0259yliy\u0259, \u0259xlaqi safl\u0131\u011fa d\u0259v\u0259t ed\u0259n m&uuml;bar\u0259k aylardand\u0131r. M&uuml;s\u0259lmanlar bu ayda xeyirxah \u0259m\u0259ll\u0259rin, m\u0259rh\u0259m\u0259t duy\u011fular\u0131n\u0131n f\u0259r\u0259hini, m\u0259n\u0259vi-ruhi kamilliyin n\u0259fs &uuml;z\u0259rind\u0259 q\u0259l\u0259b\u0259 sevincini ya\u015fay\u0131rlar.<\/p>\n<p>M&uuml;bar\u0259k Ramazan g&uuml;nl\u0259rind\u0259 g&ouml;z\u0259l \u0259n\u0259n\u0259y\u0259 &ccedil;evril\u0259n iftar s&uuml;fr\u0259l\u0259rinin t\u0259\u015fkil edilm\u0259si d\u0259 c\u0259miyy\u0259timizin vahidliyinin, &uuml;mumi amallar namin\u0259 &ouml;lk\u0259mizd\u0259 d&ouml;vl\u0259tl\u0259 din aras\u0131nda s\u0131x birliyin bariz n&uuml;mun\u0259sidir. Ramazan\u0131n &ouml;n\u0259mli m\u0259rasiml\u0259rd\u0259n biri olan iftar s&uuml;fr\u0259l\u0259rinin m\u0259nas\u0131, sad\u0259c\u0259, ehtiyac\u0131 olanlara yem\u0259k verm\u0259k deyil, payla\u015fmaq, yax\u0131nla\u015fmaq, birlikd\u0259 Allaha dua etm\u0259kdir. Az\u0259rbaycan d&ouml;vl\u0259ti &ccedil;ox m&ouml;hk\u0259m milli d\u0259y\u0259rl\u0259r &uuml;z\u0259rind\u0259 qurulub. \u0130slam d\u0259y\u0259rl\u0259ri is\u0259 milli d\u0259y\u0259rl\u0259rimizin ayr\u0131lmaz t\u0259rkib hiss\u0259sidir.<\/p>\n","protected":false},"excerpt":{"rendered":"<p>Az\u0259rbaycan Respublikas\u0131n\u0131n Birinci vitse-prezidenti Mehriban \u018fliyeva v\u0259 Heyd\u0259r \u018fliyev Fondunun vitse-prezidenti Leyla \u018fliyeva Bak\u0131n\u0131n X\u0259z\u0259r rayonunun M\u0259rd\u0259kan q\u0259s\u0259b\u0259sind\u0259ki Pir H\u0259s\u0259n ziyar\u0259tgah\u0131nda t\u0259\u015fkil olunan iftar m\u0259rasimind\u0259 i\u015ftirak edibl\u0259r. Birinci vitse-prezident Mehriban&hellip;<\/p>\n","protected":false},"author":1,"featured_media":251278,"comment_status":"open","ping_status":"open","sticky":false,"template":"","format":"standard","meta":{"_lmt_disableupdate":"","_lmt_disable":"","footnotes":""},"categories":[],"tags":[],"class_list":["post-80412","post","type-post","status-publish","format-standard","has-post-thumbnail","hentry"],"_links":{"self":[{"href":"https:\/\/ucnoqta.az\/index.php?rest_route=\/wp\/v2\/posts\/80412","targetHints":{"allow":["GET"]}}],"collection":[{"href":"https:\/\/ucnoqta.az\/index.php?rest_route=\/wp\/v2\/posts"}],"about":[{"href":"https:\/\/ucnoqta.az\/index.php?rest_route=\/wp\/v2\/types\/post"}],"author":[{"embeddable":true,"href":"https:\/\/ucnoqta.az\/index.php?rest_route=\/wp\/v2\/users\/1"}],"replies":[{"embeddable":true,"href":"https:\/\/ucnoqta.az\/index.php?rest_route=%2Fwp%2Fv2%2Fcomments&post=80412"}],"version-history":[{"count":0,"href":"https:\/\/ucnoqta.az\/index.php?rest_route=\/wp\/v2\/posts\/80412\/revisions"}],"wp:featuredmedia":[{"embeddable":true,"href":"https:\/\/ucnoqta.az\/index.php?rest_route=\/wp\/v2\/media\/251278"}],"wp:attachment":[{"href":"https:\/\/ucnoqta.az\/index.php?rest_route=%2Fwp%2Fv2%2Fmedia&parent=80412"}],"wp:term":[{"taxonomy":"category","embeddable":true,"href":"https:\/\/ucnoqta.az\/index.php?rest_route=%2Fwp%2Fv2%2Fcategories&post=80412"},{"taxonomy":"post_tag","embeddable":true,"href":"https:\/\/ucnoqta.az\/index.php?rest_route=%2Fwp%2Fv2%2Ftags&post=80412"}],"curies":[{"name":"wp","href":"https:\/\/api.w.org\/{rel}","templated":true}]}}