{"id":80408,"date":"2019-05-23T21:58:15","date_gmt":"2019-05-23T17:58:15","guid":{"rendered":""},"modified":"-0001-11-30T00:00:00","modified_gmt":"-0001-11-29T20:00:00","slug":"","status":"publish","type":"post","link":"https:\/\/ucnoqta.az\/?p=80408","title":{"rendered":"Prezident \u0130lham \u018fliyev Ramazan ay\u0131 m\u00fcnasib\u0259til\u0259 iftar m\u0259rasimind\u0259 i\u015ftirak edib <font color=red><b>-FOTO<\/b><\/font>"},"content":{"rendered":"<p><strong>May\u0131n 23-d\u0259 Qafqaz M&uuml;s\u0259lmanlar\u0131 \u0130dar\u0259sinin s\u0259dri \u015feyx&uuml;lislam Allah\u015f&uuml;k&uuml;r Pa\u015fazad\u0259 m&uuml;q\u0259dd\u0259s Ramazan ay\u0131 m&uuml;nasib\u0259til\u0259 &ouml;z iqam\u0259tgah\u0131nda iftar s&uuml;fr\u0259si a&ccedil;\u0131b.<\/strong><\/p>\n<p>Az\u0259rbaycan Respublikas\u0131n\u0131n Prezidenti \u0130lham \u018fliyev iftar m\u0259rasimind\u0259 i\u015ftirak edib.\u0130ftar m\u0259rasimi &ldquo;Qurani-K\u0259rim&rdquo;d\u0259n ay\u0259l\u0259rin v\u0259 Ramazan duas\u0131n\u0131n oxunmas\u0131 il\u0259 ba\u015flad\u0131.\u015eeyx&uuml;lislam Allah\u015f&uuml;k&uuml;r Pa\u015fazad\u0259 &ccedil;\u0131x\u0131\u015f ed\u0259r\u0259k m&uuml;q\u0259dd\u0259s &ldquo;Qurani-K\u0259rim&rdquo;in nazil oldu\u011fu, on bir ay\u0131n sultan\u0131 m&uuml;bar\u0259k Ramazan ay\u0131 m&uuml;nasib\u0259til\u0259 a&ccedil;\u0131lan iftar s&uuml;fr\u0259sin\u0259 d\u0259v\u0259ti q\u0259bul etdiyin\u0259 g&ouml;r\u0259 Prezident \u0130lham \u018fliyev\u0259 v\u0259 qonaqlara d\u0259rin minn\u0259tdarl\u0131\u011f\u0131n\u0131 bildirdi.M\u0259rasimd\u0259 Rus Pravoslav Kils\u0259sinin Bak\u0131 v\u0259 Az\u0259rbaycan Yeparxiyas\u0131n\u0131n arxiyepiskopu Aleksandr, Az\u0259rbaycandak\u0131 Da\u011f Y\u0259hudil\u0259ri \u0130cmas\u0131n\u0131n r\u0259hb\u0259ri Melih Yevdayev, Katolik Kils\u0259sinin Az\u0259rbaycandak\u0131 yepiskopu Vladimir Fekete &ccedil;\u0131x\u0131\u015f etdil\u0259r.<\/p>\n<p>D&ouml;vl\u0259timizin ba\u015f&ccedil;\u0131s\u0131 m\u0259rasimd\u0259 nitq s&ouml;yl\u0259di.<\/p>\n<p>Sonra iftar s&uuml;fr\u0259si a&ccedil;\u0131ld\u0131.<\/p>\n","protected":false},"excerpt":{"rendered":"<p>May\u0131n 23-d\u0259 Qafqaz M&uuml;s\u0259lmanlar\u0131 \u0130dar\u0259sinin s\u0259dri \u015feyx&uuml;lislam Allah\u015f&uuml;k&uuml;r Pa\u015fazad\u0259 m&uuml;q\u0259dd\u0259s Ramazan ay\u0131 m&uuml;nasib\u0259til\u0259 &ouml;z iqam\u0259tgah\u0131nda iftar s&uuml;fr\u0259si a&ccedil;\u0131b. Az\u0259rbaycan Respublikas\u0131n\u0131n Prezidenti \u0130lham \u018fliyev iftar m\u0259rasimind\u0259 i\u015ftirak edib.\u0130ftar m\u0259rasimi &ldquo;Qurani-K\u0259rim&rdquo;d\u0259n ay\u0259l\u0259rin&hellip;<\/p>\n","protected":false},"author":1,"featured_media":251278,"comment_status":"open","ping_status":"open","sticky":false,"template":"","format":"standard","meta":{"_lmt_disableupdate":"","_lmt_disable":"","footnotes":""},"categories":[86],"tags":[],"class_list":["post-80408","post","type-post","status-publish","format-standard","has-post-thumbnail","hentry","category-siyaset"],"_links":{"self":[{"href":"https:\/\/ucnoqta.az\/index.php?rest_route=\/wp\/v2\/posts\/80408","targetHints":{"allow":["GET"]}}],"collection":[{"href":"https:\/\/ucnoqta.az\/index.php?rest_route=\/wp\/v2\/posts"}],"about":[{"href":"https:\/\/ucnoqta.az\/index.php?rest_route=\/wp\/v2\/types\/post"}],"author":[{"embeddable":true,"href":"https:\/\/ucnoqta.az\/index.php?rest_route=\/wp\/v2\/users\/1"}],"replies":[{"embeddable":true,"href":"https:\/\/ucnoqta.az\/index.php?rest_route=%2Fwp%2Fv2%2Fcomments&post=80408"}],"version-history":[{"count":0,"href":"https:\/\/ucnoqta.az\/index.php?rest_route=\/wp\/v2\/posts\/80408\/revisions"}],"wp:featuredmedia":[{"embeddable":true,"href":"https:\/\/ucnoqta.az\/index.php?rest_route=\/wp\/v2\/media\/251278"}],"wp:attachment":[{"href":"https:\/\/ucnoqta.az\/index.php?rest_route=%2Fwp%2Fv2%2Fmedia&parent=80408"}],"wp:term":[{"taxonomy":"category","embeddable":true,"href":"https:\/\/ucnoqta.az\/index.php?rest_route=%2Fwp%2Fv2%2Fcategories&post=80408"},{"taxonomy":"post_tag","embeddable":true,"href":"https:\/\/ucnoqta.az\/index.php?rest_route=%2Fwp%2Fv2%2Ftags&post=80408"}],"curies":[{"name":"wp","href":"https:\/\/api.w.org\/{rel}","templated":true}]}}