{"id":80407,"date":"2019-05-23T21:09:55","date_gmt":"2019-05-23T17:09:55","guid":{"rendered":""},"modified":"-0001-11-30T00:00:00","modified_gmt":"-0001-11-29T20:00:00","slug":"","status":"publish","type":"post","link":"https:\/\/ucnoqta.az\/?p=80407","title":{"rendered":"Avroliqan\u0131n Bak\u0131 final\u0131na hakiml\u0259r yeni formalarda \u00e7\u0131xacaq"},"content":{"rendered":"<p><strong>UEFA \u0130taliyan\u0131n Macron \u015firk\u0259ti il\u0259 3 illik m&uuml;qavil\u0259 imzalay\u0131b.<\/strong><\/p>\n<p>Qol.az&nbsp;qurumun sayt\u0131na istinad\u0259n x\u0259b\u0259r verir ki, s&ouml;zl\u0259\u015fm\u0259y\u0259 \u0259sas\u0259n \u015firk\u0259t 2023-c&uuml; il\u0259 q\u0259d\u0259r&nbsp;avrokuboklarda hakiml\u0259ri forma il\u0259 t\u0259min ed\u0259c\u0259k.<\/p>\n<p>Yeni formalardan ilk d\u0259f\u0259 Bak\u0131da ke&ccedil;iril\u0259c\u0259k Avropa Liqas\u0131n\u0131n final\u0131nda istifad\u0259 olunacaq. Hakiml\u0259r \u0130spaniyan\u0131n paytaxt\u0131 Madridd\u0259ki Vanda Metropolitano stadionundak\u0131 &Ccedil;empionlar Liqas\u0131n\u0131n final\u0131nda da yeni formalar geyin\u0259c\u0259kl\u0259r.<\/p>\n<p>Qeyd ed\u0259k ki, may\u0131n 29-da Bak\u0131 Olimpiya Stadionunda &quot;&Ccedil;elsi&quot; v\u0259 &quot;Arsenal&quot; aras\u0131nda&nbsp;ke&ccedil;iril\u0259c\u0259k final&nbsp;mat&ccedil;\u0131n\u0131&nbsp;italiyal\u0131 FIFA referisi Canluka Rokki idar\u0259 ed\u0259c\u0259k. &Ccedil;empionlar Liqas\u0131n\u0131n Linal oyunu is\u0259&nbsp;sloveniyal\u0131 Damir Skominaya tap\u015f\u0131r\u0131l\u0131b.<\/p>\n","protected":false},"excerpt":{"rendered":"<p>UEFA \u0130taliyan\u0131n Macron \u015firk\u0259ti il\u0259 3 illik m&uuml;qavil\u0259 imzalay\u0131b. Qol.az&nbsp;qurumun sayt\u0131na istinad\u0259n x\u0259b\u0259r verir ki, s&ouml;zl\u0259\u015fm\u0259y\u0259 \u0259sas\u0259n \u015firk\u0259t 2023-c&uuml; il\u0259 q\u0259d\u0259r&nbsp;avrokuboklarda hakiml\u0259ri forma il\u0259 t\u0259min ed\u0259c\u0259k. Yeni formalardan ilk d\u0259f\u0259&hellip;<\/p>\n","protected":false},"author":1,"featured_media":251278,"comment_status":"open","ping_status":"open","sticky":false,"template":"","format":"standard","meta":{"_lmt_disableupdate":"","_lmt_disable":"","footnotes":""},"categories":[90],"tags":[],"class_list":["post-80407","post","type-post","status-publish","format-standard","has-post-thumbnail","hentry","category-idman-butun-xeberler"],"_links":{"self":[{"href":"https:\/\/ucnoqta.az\/index.php?rest_route=\/wp\/v2\/posts\/80407","targetHints":{"allow":["GET"]}}],"collection":[{"href":"https:\/\/ucnoqta.az\/index.php?rest_route=\/wp\/v2\/posts"}],"about":[{"href":"https:\/\/ucnoqta.az\/index.php?rest_route=\/wp\/v2\/types\/post"}],"author":[{"embeddable":true,"href":"https:\/\/ucnoqta.az\/index.php?rest_route=\/wp\/v2\/users\/1"}],"replies":[{"embeddable":true,"href":"https:\/\/ucnoqta.az\/index.php?rest_route=%2Fwp%2Fv2%2Fcomments&post=80407"}],"version-history":[{"count":0,"href":"https:\/\/ucnoqta.az\/index.php?rest_route=\/wp\/v2\/posts\/80407\/revisions"}],"wp:featuredmedia":[{"embeddable":true,"href":"https:\/\/ucnoqta.az\/index.php?rest_route=\/wp\/v2\/media\/251278"}],"wp:attachment":[{"href":"https:\/\/ucnoqta.az\/index.php?rest_route=%2Fwp%2Fv2%2Fmedia&parent=80407"}],"wp:term":[{"taxonomy":"category","embeddable":true,"href":"https:\/\/ucnoqta.az\/index.php?rest_route=%2Fwp%2Fv2%2Fcategories&post=80407"},{"taxonomy":"post_tag","embeddable":true,"href":"https:\/\/ucnoqta.az\/index.php?rest_route=%2Fwp%2Fv2%2Ftags&post=80407"}],"curies":[{"name":"wp","href":"https:\/\/api.w.org\/{rel}","templated":true}]}}