{"id":80402,"date":"2019-05-23T20:00:50","date_gmt":"2019-05-23T16:00:50","guid":{"rendered":""},"modified":"-0001-11-30T00:00:00","modified_gmt":"-0001-11-29T20:00:00","slug":"","status":"publish","type":"post","link":"https:\/\/ucnoqta.az\/?p=80402","title":{"rendered":"Fuad Abbasov sabah Az\u0259rbaycana deportasiya edil\u0259 bil\u0259r"},"content":{"rendered":"<p><strong>Az\u0259rbaycanl\u0131 jurnalist&nbsp;Fuad Abbasovun Rusiya h&uuml;quq-m&uuml;hafiz\u0259 orqanlar\u0131n\u0131n \u0259m\u0259kda\u015flar\u0131 t\u0259r\u0259find\u0259n&nbsp;saxlan\u0131lmas\u0131n\u0131n s\u0259b\u0259bi a&ccedil;\u0131qlan\u0131b.&nbsp;<\/strong><\/p>\n<p>Ucnoqta.az x\u0259b\u0259r verir ki, v\u0259kil Az\u0259r R\u0259fiyev &quot;Report&quot;a a&ccedil;\u0131qlamas\u0131nda bildirib ki, Fuad Abbasovun Rusiya Federasiyas\u0131nda m&uuml;v\u0259qq\u0259ti ya\u015fama icaz\u0259si l\u0259\u011fv edilib. &quot;M\u0259hk\u0259m\u0259 d\u0259 onun&nbsp;Rusiya \u0259razisini on&nbsp;g&uuml;n \u0259rzind\u0259 t\u0259rk etm\u0259si bar\u0259d\u0259 q\u0259rar &ccedil;\u0131xar\u0131b. Ancaq Fuad Abbasov &ouml;lk\u0259 \u0259razisini t\u0259rk etm\u0259diyind\u0259n&nbsp;h&uuml;quq-m&uuml;hafiz\u0259 orqanlar\u0131n\u0131n \u0259m\u0259kda\u015flar\u0131 t\u0259r\u0259find\u0259n saxlan\u0131l\u0131b. \u018fg\u0259r b\u0259zi prosedurlar yerin\u0259 yetirils\u0259, Fuad Abbasov sabah &#8211; may\u0131n 24-d\u0259&nbsp;Az\u0259rbaycana deportasiya edil\u0259 bil\u0259r&quot;, &#8211; dey\u0259 o qeyd edib.<\/p>\n<p>Qeyd ed\u0259k ki, Rusiyan\u0131n h&uuml;quq-m&uuml;hafiz\u0259 orqanlar\u0131 paytaxt Moskvada ya\u015fayan v\u0259 f\u0259aliyy\u0259t g&ouml;st\u0259r\u0259n az\u0259rbaycanl\u0131 jurnalist&nbsp;Fuad Abbasovu saxlay\u0131b. Bel\u0259 ki, Rusiyan\u0131n bir ne&ccedil;\u0259 az\u0259rbaycanl\u0131 icmas\u0131 F.Abbasovun &ouml;lk\u0259d\u0259n deportasiya olunmas\u0131 t\u0259l\u0259bi il\u0259 Moskva m\u0259hk\u0259m\u0259sin\u0259 m&uuml;raci\u0259t edib.<\/p>\n<p>Moskva m\u0259hk\u0259m\u0259si may\u0131n 7-d\u0259 &quot;Xarici v\u0259t\u0259nda\u015f\u0131n v\u0259 v\u0259t\u0259nda\u015fl\u0131\u011f\u0131 olmayan \u015f\u0259xsin Rusiya Federasiyas\u0131 \u0259razisin\u0259 giri\u015fin\u0259 qada\u011fa qoyulmas\u0131&quot; adl\u0131 2737\/2019 n&ouml;mr\u0259li i\u015f\u0259 bax\u0131b. Proses may\u0131n 17-d\u0259 yekunla\u015f\u0131b. May\u0131n 18-d\u0259 is\u0259 Rusiyan\u0131n h&uuml;quq-m&uuml;hafiz\u0259 orqanlar\u0131 m\u0259hk\u0259m\u0259nin q\u0259rar\u0131 il\u0259 F.Abbasovu saxlay\u0131b.<\/p>\n<p>Haz\u0131rda jurnalistin Az\u0259rbaycana deportasiya edilm\u0259si &uuml;&ccedil;&uuml;n prosedurlar h\u0259yata ke&ccedil;irilir.<\/p>\n","protected":false},"excerpt":{"rendered":"<p>Az\u0259rbaycanl\u0131 jurnalist&nbsp;Fuad Abbasovun Rusiya h&uuml;quq-m&uuml;hafiz\u0259 orqanlar\u0131n\u0131n \u0259m\u0259kda\u015flar\u0131 t\u0259r\u0259find\u0259n&nbsp;saxlan\u0131lmas\u0131n\u0131n s\u0259b\u0259bi a&ccedil;\u0131qlan\u0131b.&nbsp; Ucnoqta.az x\u0259b\u0259r verir ki, v\u0259kil Az\u0259r R\u0259fiyev &quot;Report&quot;a a&ccedil;\u0131qlamas\u0131nda bildirib ki, Fuad Abbasovun Rusiya Federasiyas\u0131nda m&uuml;v\u0259qq\u0259ti ya\u015fama icaz\u0259si l\u0259\u011fv edilib.&hellip;<\/p>\n","protected":false},"author":1,"featured_media":251278,"comment_status":"open","ping_status":"open","sticky":false,"template":"","format":"standard","meta":{"_lmt_disableupdate":"","_lmt_disable":"","footnotes":""},"categories":[],"tags":[],"class_list":["post-80402","post","type-post","status-publish","format-standard","has-post-thumbnail","hentry"],"_links":{"self":[{"href":"https:\/\/ucnoqta.az\/index.php?rest_route=\/wp\/v2\/posts\/80402","targetHints":{"allow":["GET"]}}],"collection":[{"href":"https:\/\/ucnoqta.az\/index.php?rest_route=\/wp\/v2\/posts"}],"about":[{"href":"https:\/\/ucnoqta.az\/index.php?rest_route=\/wp\/v2\/types\/post"}],"author":[{"embeddable":true,"href":"https:\/\/ucnoqta.az\/index.php?rest_route=\/wp\/v2\/users\/1"}],"replies":[{"embeddable":true,"href":"https:\/\/ucnoqta.az\/index.php?rest_route=%2Fwp%2Fv2%2Fcomments&post=80402"}],"version-history":[{"count":0,"href":"https:\/\/ucnoqta.az\/index.php?rest_route=\/wp\/v2\/posts\/80402\/revisions"}],"wp:featuredmedia":[{"embeddable":true,"href":"https:\/\/ucnoqta.az\/index.php?rest_route=\/wp\/v2\/media\/251278"}],"wp:attachment":[{"href":"https:\/\/ucnoqta.az\/index.php?rest_route=%2Fwp%2Fv2%2Fmedia&parent=80402"}],"wp:term":[{"taxonomy":"category","embeddable":true,"href":"https:\/\/ucnoqta.az\/index.php?rest_route=%2Fwp%2Fv2%2Fcategories&post=80402"},{"taxonomy":"post_tag","embeddable":true,"href":"https:\/\/ucnoqta.az\/index.php?rest_route=%2Fwp%2Fv2%2Ftags&post=80402"}],"curies":[{"name":"wp","href":"https:\/\/api.w.org\/{rel}","templated":true}]}}