{"id":80391,"date":"2019-05-23T15:00:48","date_gmt":"2019-05-23T11:00:48","guid":{"rendered":""},"modified":"-0001-11-30T00:00:00","modified_gmt":"-0001-11-29T20:00:00","slug":"","status":"publish","type":"post","link":"https:\/\/ucnoqta.az\/?p=80391","title":{"rendered":"Az\u0259rbaycanl\u0131 \u201cUAZ\u201da ba\u015f direktor t\u0259yin edildi"},"content":{"rendered":"<p><strong>2017-ci ild\u0259 &ldquo;Ford Sollers&rdquo; m&uuml;\u0259ssis\u0259sinin az\u0259rbaycanl\u0131 prezidenti v\u0259 ba\u015f direktoru Adil \u015eirinov Rusiyan\u0131n m\u0259\u015fhur avtomobil zavodunun ba\u015f direktoru t\u0259yin olunub.<\/strong><\/p>\n<p>&ldquo;\u0130nterfax&rdquo; x\u0259b\u0259r verir ki, o, &ldquo;Sollers&rdquo; \u015firk\u0259tinin \u0259sas aktivi olan Ulianovsk Avtomobil Zavodundak\u0131 bu v\u0259zif\u0259d\u0259 Vadim \u015evetsovu \u0259v\u0259z edib. &ldquo;Sollers&rdquo; \u015firk\u0259tinin n&uuml;may\u0259nd\u0259si bu m\u0259lumat\u0131 t\u0259sdiql\u0259yib v\u0259 bildirib ki, A.\u015eirinov &ldquo;Ford Sollers&rdquo;in r\u0259hb\u0259rliyind\u0259 qalacaq:<\/p>\n<p>&ldquo;\u015eirinovun yeni v\u0259zif\u0259sind\u0259 \u0259sas tap\u015f\u0131r\u0131\u011f\u0131 &ldquo;UAZ&rdquo;\u0131n t\u0259sdiq edilmi\u015f m\u0259hsul strategiyas\u0131n\u0131 realla\u015fd\u0131rmaq, brendin bazar borcunu art\u0131rmaq v\u0259 t\u0259chizat&ccedil;\u0131lar\u0131n &uuml;mumi paneli yaratmaq, el\u0259c\u0259 d\u0259, sat\u0131\u015f sah\u0259sind\u0259 sinerji yaratmaq v\u0259 diller \u015f\u0259b\u0259k\u0259sini qurmaqd\u0131r&rdquo;.<\/p>\n<p>N&uuml;may\u0259nd\u0259nin s&ouml;zl\u0259rin\u0259 g&ouml;r\u0259, A.\u015eirinov&nbsp;Rusiya avtomobil sektorunda \u0259n s\u0259ri\u015ft\u0259li m&uuml;t\u0259x\u0259ssisl\u0259rd\u0259n biridir.<\/p>\n<p>&ldquo;\u015e&uuml;bh\u0259 etmir\u0259m ki, z\u0259ngin \u0259m\u0259li t\u0259cr&uuml;b\u0259si, pe\u015f\u0259kar s\u0259ri\u015ft\u0259si say\u0259sind\u0259 Ulianovsk Avtomobil Zavodundak\u0131 biznes f\u0259aliyy\u0259tinin y&uuml;ks\u0259k keyfiyy\u0259t standartlar\u0131n\u0131&nbsp;v\u0259 s\u0259m\u0259r\u0259sini&nbsp;art\u0131racaq&rdquo;, &#8211; o qeyd edib.<\/p>\n<p>Xat\u0131rladaq ki, 1964-c&uuml; ild\u0259 Bak\u0131da d&uuml;nyaya g\u0259lmi\u015f \u015eirinovun Rusiya v\u0259t\u0259nda\u015fl\u0131\u011f\u0131 var.\/oxu.az<\/p>\n","protected":false},"excerpt":{"rendered":"<p>2017-ci ild\u0259 &ldquo;Ford Sollers&rdquo; m&uuml;\u0259ssis\u0259sinin az\u0259rbaycanl\u0131 prezidenti v\u0259 ba\u015f direktoru Adil \u015eirinov Rusiyan\u0131n m\u0259\u015fhur avtomobil zavodunun ba\u015f direktoru t\u0259yin olunub. &ldquo;\u0130nterfax&rdquo; x\u0259b\u0259r verir ki, o, &ldquo;Sollers&rdquo; \u015firk\u0259tinin \u0259sas aktivi olan&hellip;<\/p>\n","protected":false},"author":1,"featured_media":251278,"comment_status":"open","ping_status":"open","sticky":false,"template":"","format":"standard","meta":{"_lmt_disableupdate":"","_lmt_disable":"","footnotes":""},"categories":[],"tags":[],"class_list":["post-80391","post","type-post","status-publish","format-standard","has-post-thumbnail","hentry"],"_links":{"self":[{"href":"https:\/\/ucnoqta.az\/index.php?rest_route=\/wp\/v2\/posts\/80391","targetHints":{"allow":["GET"]}}],"collection":[{"href":"https:\/\/ucnoqta.az\/index.php?rest_route=\/wp\/v2\/posts"}],"about":[{"href":"https:\/\/ucnoqta.az\/index.php?rest_route=\/wp\/v2\/types\/post"}],"author":[{"embeddable":true,"href":"https:\/\/ucnoqta.az\/index.php?rest_route=\/wp\/v2\/users\/1"}],"replies":[{"embeddable":true,"href":"https:\/\/ucnoqta.az\/index.php?rest_route=%2Fwp%2Fv2%2Fcomments&post=80391"}],"version-history":[{"count":0,"href":"https:\/\/ucnoqta.az\/index.php?rest_route=\/wp\/v2\/posts\/80391\/revisions"}],"wp:featuredmedia":[{"embeddable":true,"href":"https:\/\/ucnoqta.az\/index.php?rest_route=\/wp\/v2\/media\/251278"}],"wp:attachment":[{"href":"https:\/\/ucnoqta.az\/index.php?rest_route=%2Fwp%2Fv2%2Fmedia&parent=80391"}],"wp:term":[{"taxonomy":"category","embeddable":true,"href":"https:\/\/ucnoqta.az\/index.php?rest_route=%2Fwp%2Fv2%2Fcategories&post=80391"},{"taxonomy":"post_tag","embeddable":true,"href":"https:\/\/ucnoqta.az\/index.php?rest_route=%2Fwp%2Fv2%2Ftags&post=80391"}],"curies":[{"name":"wp","href":"https:\/\/api.w.org\/{rel}","templated":true}]}}