{"id":80388,"date":"2019-05-23T16:55:33","date_gmt":"2019-05-23T12:55:33","guid":{"rendered":""},"modified":"-0001-11-30T00:00:00","modified_gmt":"-0001-11-29T20:00:00","slug":"","status":"publish","type":"post","link":"https:\/\/ucnoqta.az\/?p=80388","title":{"rendered":"Bak\u0131da X\u0259z\u0259r\u0259 dair beyn\u0259lxalq forum ke\u00e7iril\u0259c\u0259k"},"content":{"rendered":"<p><strong>Bak\u0131da&nbsp;X\u0259z\u0259r d\u0259nizi&nbsp;ehtiyatlar\u0131n\u0131n istifad\u0259sin\u0259 dair beyn\u0259lxalq forum ke&ccedil;iril\u0259c\u0259k.<\/strong><\/p>\n<p>Bu bar\u0259d\u0259 &ldquo;Report&rdquo;a Rusiya Elml\u0259r Akademiyas\u0131 prezidentinin m&uuml;avini, Rusiya h&ouml;kum\u0259ti n\u0259zdind\u0259 Qanunvericilik v\u0259 M&uuml;qayis\u0259li H&uuml;quq \u0130nstitutunun direktoru akademik&nbsp;Taliyy\u0259 X\u0259briyeva&nbsp;bildirib.<\/p>\n<p>&ldquo;Az\u0259rbaycan Prezidentinin bu m\u0259s\u0259l\u0259d\u0259 m&uuml;sb\u0259t r\u0259yini alm\u0131\u015f\u0131q. Fikrimizc\u0259, forumu ke&ccedil;irm\u0259k &uuml;&ccedil;&uuml;n b&uuml;t&uuml;n m\u0259nalarda \u0259n \u0259lveri\u015fli yer Bak\u0131d\u0131r. &Ccedil;&uuml;nki Bak\u0131 X\u0259z\u0259r sahilind\u0259 yegan\u0259 paytaxt \u015f\u0259h\u0259rdir, &uuml;st\u0259lik t\u0259mkinli, tarazl\u0131 siyas\u0259t yerid\u0259n bir &ouml;lk\u0259 olan Az\u0259rbaycan\u0131n paytaxt\u0131d\u0131r&rdquo;, &ndash; o deyib.<\/p>\n<p>Rusiyal\u0131 alim forumun g\u0259l\u0259n ilin may ay\u0131nda,&nbsp;yaxud pay\u0131z aylar\u0131nda&nbsp;ke&ccedil;irilm\u0259sinin n\u0259z\u0259rd\u0259 tutuldu\u011funu diqq\u0259t\u0259 &ccedil;atd\u0131r\u0131b.<\/p>\n<p>&ldquo;Habel\u0259 bu forumun davam\u0131 olaraq g\u0259l\u0259c\u0259kd\u0259 Bak\u0131da X\u0259z\u0259r sahili &ouml;lk\u0259l\u0259rin qar\u015f\u0131l\u0131ql\u0131 \u0259laq\u0259l\u0259rin\u0259 \u0259saslanan beyn\u0259lxalq ara\u015fd\u0131rmalar m\u0259rk\u0259zi a&ccedil;maq fikrimiz var&rdquo; &ndash; T.X\u0259briyeva diqq\u0259t\u0259 &ccedil;atd\u0131r\u0131b.<\/p>\n<p>\u0130nstitut direktoru&nbsp;Az\u0259rbaycan v\u0259 Rusiya Elml\u0259r akademiyalar\u0131 aras\u0131nda f\u0259ls\u0259f\u0259, h&uuml;quq, ekologiya sah\u0259sind\u0259 irimiqyasl\u0131 elmi layih\u0259 h\u0259yata ke&ccedil;irm\u0259k bar\u0259d\u0259 raz\u0131la\u015fma \u0259ld\u0259 edildiyini bildirib.<\/p>\n","protected":false},"excerpt":{"rendered":"<p>Bak\u0131da&nbsp;X\u0259z\u0259r d\u0259nizi&nbsp;ehtiyatlar\u0131n\u0131n istifad\u0259sin\u0259 dair beyn\u0259lxalq forum ke&ccedil;iril\u0259c\u0259k. Bu bar\u0259d\u0259 &ldquo;Report&rdquo;a Rusiya Elml\u0259r Akademiyas\u0131 prezidentinin m&uuml;avini, Rusiya h&ouml;kum\u0259ti n\u0259zdind\u0259 Qanunvericilik v\u0259 M&uuml;qayis\u0259li H&uuml;quq \u0130nstitutunun direktoru akademik&nbsp;Taliyy\u0259 X\u0259briyeva&nbsp;bildirib. &ldquo;Az\u0259rbaycan Prezidentinin bu m\u0259s\u0259l\u0259d\u0259&hellip;<\/p>\n","protected":false},"author":1,"featured_media":251278,"comment_status":"open","ping_status":"open","sticky":false,"template":"","format":"standard","meta":{"_lmt_disableupdate":"","_lmt_disable":"","footnotes":""},"categories":[],"tags":[],"class_list":["post-80388","post","type-post","status-publish","format-standard","has-post-thumbnail","hentry"],"_links":{"self":[{"href":"https:\/\/ucnoqta.az\/index.php?rest_route=\/wp\/v2\/posts\/80388","targetHints":{"allow":["GET"]}}],"collection":[{"href":"https:\/\/ucnoqta.az\/index.php?rest_route=\/wp\/v2\/posts"}],"about":[{"href":"https:\/\/ucnoqta.az\/index.php?rest_route=\/wp\/v2\/types\/post"}],"author":[{"embeddable":true,"href":"https:\/\/ucnoqta.az\/index.php?rest_route=\/wp\/v2\/users\/1"}],"replies":[{"embeddable":true,"href":"https:\/\/ucnoqta.az\/index.php?rest_route=%2Fwp%2Fv2%2Fcomments&post=80388"}],"version-history":[{"count":0,"href":"https:\/\/ucnoqta.az\/index.php?rest_route=\/wp\/v2\/posts\/80388\/revisions"}],"wp:featuredmedia":[{"embeddable":true,"href":"https:\/\/ucnoqta.az\/index.php?rest_route=\/wp\/v2\/media\/251278"}],"wp:attachment":[{"href":"https:\/\/ucnoqta.az\/index.php?rest_route=%2Fwp%2Fv2%2Fmedia&parent=80388"}],"wp:term":[{"taxonomy":"category","embeddable":true,"href":"https:\/\/ucnoqta.az\/index.php?rest_route=%2Fwp%2Fv2%2Fcategories&post=80388"},{"taxonomy":"post_tag","embeddable":true,"href":"https:\/\/ucnoqta.az\/index.php?rest_route=%2Fwp%2Fv2%2Ftags&post=80388"}],"curies":[{"name":"wp","href":"https:\/\/api.w.org\/{rel}","templated":true}]}}