{"id":80386,"date":"2019-05-23T13:56:53","date_gmt":"2019-05-23T09:56:53","guid":{"rendered":""},"modified":"-0001-11-30T00:00:00","modified_gmt":"-0001-11-29T20:00:00","slug":"","status":"publish","type":"post","link":"https:\/\/ucnoqta.az\/?p=80386","title":{"rendered":"\u201cG\u00f6zl\u0259m\u0259diyim anda prezident m\u0259ni yan\u0131na \u00e7a\u011f\u0131rd\u0131\u201d &#8211; Xalq artisti"},"content":{"rendered":"<p><strong>&ldquo;G&ouml;zl\u0259m\u0259diyim anda prezident m\u0259ni yan\u0131na &ccedil;a\u011f\u0131r\u0131b salamla\u015fd\u0131. Onun insanlarla s&ouml;hb\u0259tini seyr etm\u0259k xo\u015f m\u0259nz\u0259r\u0259 idi&rdquo;<\/strong><\/p>\n<p>Ucnoqta.az x\u0259b\u0259r verir ki. bunu&nbsp;Azvision.az&nbsp;-a Xalq artisti, tan\u0131nm\u0131\u015f aktyor Ramiz Novruzov &ouml;t\u0259n g&uuml;n M\u0259rk\u0259zi Park\u0131n a&ccedil;\u0131l\u0131\u015f\u0131nda i\u015ftirak ed\u0259n&nbsp;Prezident&nbsp;\u0130lham \u018fliyev&nbsp;v\u0259 Birinci vitse-prezident&nbsp;Mehriban \u018fliyeva&nbsp;il\u0259 g&ouml;r&uuml;\u015fd\u0259n dan\u0131\u015fark\u0259n deyib.<\/p>\n<p>Aktyorun s&ouml;zl\u0259rin\u0259 g&ouml;r\u0259, m\u0259\u015fqd\u0259n &ccedil;\u0131xandan sonra d&ouml;vl\u0259t ba\u015f&ccedil;s\u0131n\u0131n insanlarla s&ouml;hb\u0259tini seyr edirmi\u015f v\u0259 prezident onu g&ouml;r\u0259r\u0259k yan\u0131na &ccedil;a\u011f\u0131r\u0131b.<br \/>\n&ldquo;M\u0259\u015fqd\u0259n &ccedil;\u0131x\u0131b ev\u0259 getm\u0259k ist\u0259yirdim. H\u0259min vaxt prezident sakinl\u0259rl\u0259 g&ouml;r&uuml;\u015f ke&ccedil;irirdi. \u0130nsanlar prezident\u0259 v\u0259 birinci xan\u0131ma yax\u0131nla\u015faraq onlarla s&ouml;hb\u0259t edir, \u015f\u0259kil &ccedil;\u0259kdirirdil\u0259r. &Ccedil;ox g&ouml;z\u0259l m\u0259nz\u0259r\u0259 idi. He&ccedil; kim\u0259 qada\u011fa qoyulmam\u0131\u015fd\u0131. Ham\u0131 rahat \u015f\u0259kild\u0259 s&ouml;hb\u0259t edirdi. Bizim aktyorlardan biri &#8211; Ramin \u015e\u0131x\u0259liyev onlara yax\u0131nla\u015f\u0131b \u015f\u0259kil &ccedil;\u0259kdirdi. Dig\u0259r t\u0259r\u0259f\u0259 ke&ccedil;\u0259nd\u0259 prezident m\u0259ni g&ouml;r&uuml;b, yan\u0131na &ccedil;a\u011f\u0131rd\u0131. M\u0259n d\u0259 yax\u0131nla\u015f\u0131b prezident v\u0259 birinci xan\u0131mla g&ouml;r&uuml;\u015fd&uuml;m, s\u0259mimi s&ouml;hb\u0259t etdik.&nbsp;<\/p>\n<p>Prezident&nbsp;m\u0259nd\u0259n soru\u015fdu ki, v\u0259ziyy\u0259t nec\u0259dir? Dedim teatrda, s\u0259n\u0259t adamlar\u0131 &ccedil;ox raz\u0131l\u0131q edir. Minn\u0259tdarl\u0131q etdim ki, s\u0259n\u0259t adamlar\u0131na bu q\u0259d\u0259r diqq\u0259t yetirilir. &Ccedil;&uuml;nki bizim aktyor s\u0259n\u0259ti son ill\u0259r \u0259n m&uuml;dafi\u0259siz, \u0259n az qazancl\u0131 sah\u0259l\u0259rd\u0259n biri say\u0131l\u0131rd\u0131. Bu m\u0259nada m\u0259n &ouml;lk\u0259 r\u0259hb\u0259rliyin\u0259 g&ouml;st\u0259rdiyi diqq\u0259t v\u0259 qay\u011f\u0131ya g&ouml;r\u0259 t\u0259\u015f\u0259kk&uuml;r etdim.&nbsp;Prezident&nbsp;v\u0259 birinci xan\u0131m\u0131n m&uuml;nasib\u0259ti, s\u0259mimiyy\u0259ti &ccedil;ox xo\u015f idi. M\u0259n \u015f\u0259kil &ccedil;\u0259kdir\u0259rk\u0259n arxada dayanm\u0131\u015fd\u0131m. Mehriban xan\u0131m dedi ki, Ramiz m&uuml;\u0259llim, yax\u0131n g\u0259lin&rdquo;, &#8211; dey\u0259 xalq artisti bildirib.<\/p>\n<p>Qeyd ed\u0259k ki, &ouml;t\u0259n g&uuml;n&nbsp;Prezident&nbsp;\u0130lham \u018fliyev&nbsp;v\u0259 birinci xan\u0131m&nbsp;Mehriban \u018fliyeva&nbsp;Bak\u0131n\u0131n Yasamal rayonu \u0259razisind\u0259 yerl\u0259\u015f\u0259n T\u0259z\u0259pir m\u0259scidinin qar\u015f\u0131s\u0131ndak\u0131 yeni ba\u011f\u0131n v\u0259&nbsp;F&uuml;zulik&uuml;&ccedil;\u0259si boyunca sal\u0131nan M\u0259rk\u0259zi Park\u0131n a&ccedil;\u0131l\u0131\u015f\u0131nda i\u015ftirak edibl\u0259r. A&ccedil;\u0131l\u0131\u015f m\u0259rasimind\u0259n sonra&nbsp;Prezident&nbsp;\u0130lham \u018fliyev&nbsp;v\u0259 birinci xan\u0131m&nbsp;Mehriban \u018fliyeva&nbsp;F&uuml;zuli&nbsp;abid\u0259sinin &ouml;n&uuml;nd\u0259 sakinl\u0259rl\u0259 g&ouml;r&uuml;\u015f&uuml;b s&ouml;hb\u0259t edibl\u0259r.&nbsp;<\/p>\n","protected":false},"excerpt":{"rendered":"<p>&ldquo;G&ouml;zl\u0259m\u0259diyim anda prezident m\u0259ni yan\u0131na &ccedil;a\u011f\u0131r\u0131b salamla\u015fd\u0131. Onun insanlarla s&ouml;hb\u0259tini seyr etm\u0259k xo\u015f m\u0259nz\u0259r\u0259 idi&rdquo; Ucnoqta.az x\u0259b\u0259r verir ki. bunu&nbsp;Azvision.az&nbsp;-a Xalq artisti, tan\u0131nm\u0131\u015f aktyor Ramiz Novruzov &ouml;t\u0259n g&uuml;n M\u0259rk\u0259zi Park\u0131n&hellip;<\/p>\n","protected":false},"author":1,"featured_media":251278,"comment_status":"open","ping_status":"open","sticky":false,"template":"","format":"standard","meta":{"_lmt_disableupdate":"","_lmt_disable":"","footnotes":""},"categories":[],"tags":[],"class_list":["post-80386","post","type-post","status-publish","format-standard","has-post-thumbnail","hentry"],"_links":{"self":[{"href":"https:\/\/ucnoqta.az\/index.php?rest_route=\/wp\/v2\/posts\/80386","targetHints":{"allow":["GET"]}}],"collection":[{"href":"https:\/\/ucnoqta.az\/index.php?rest_route=\/wp\/v2\/posts"}],"about":[{"href":"https:\/\/ucnoqta.az\/index.php?rest_route=\/wp\/v2\/types\/post"}],"author":[{"embeddable":true,"href":"https:\/\/ucnoqta.az\/index.php?rest_route=\/wp\/v2\/users\/1"}],"replies":[{"embeddable":true,"href":"https:\/\/ucnoqta.az\/index.php?rest_route=%2Fwp%2Fv2%2Fcomments&post=80386"}],"version-history":[{"count":0,"href":"https:\/\/ucnoqta.az\/index.php?rest_route=\/wp\/v2\/posts\/80386\/revisions"}],"wp:featuredmedia":[{"embeddable":true,"href":"https:\/\/ucnoqta.az\/index.php?rest_route=\/wp\/v2\/media\/251278"}],"wp:attachment":[{"href":"https:\/\/ucnoqta.az\/index.php?rest_route=%2Fwp%2Fv2%2Fmedia&parent=80386"}],"wp:term":[{"taxonomy":"category","embeddable":true,"href":"https:\/\/ucnoqta.az\/index.php?rest_route=%2Fwp%2Fv2%2Fcategories&post=80386"},{"taxonomy":"post_tag","embeddable":true,"href":"https:\/\/ucnoqta.az\/index.php?rest_route=%2Fwp%2Fv2%2Ftags&post=80386"}],"curies":[{"name":"wp","href":"https:\/\/api.w.org\/{rel}","templated":true}]}}