{"id":80385,"date":"2019-05-23T13:51:24","date_gmt":"2019-05-23T09:51:24","guid":{"rendered":""},"modified":"-0001-11-30T00:00:00","modified_gmt":"-0001-11-29T20:00:00","slug":"","status":"publish","type":"post","link":"https:\/\/ucnoqta.az\/?p=80385","title":{"rendered":"UEFA &#8220;Arsenal&#8221;a <font color=red><b>X\u018fB\u018fRDARLIQ<\/b><\/font> edib"},"content":{"rendered":"<p><strong>UEFA \u0130ngilt\u0259r\u0259nin &quot;Arsenal&quot; klubuna x\u0259b\u0259rdarl\u0131q edib.<\/strong><\/p>\n<p>&quot;Report&quot;un The Mirror&quot;a istinad\u0259n verdiyi m\u0259lumata g&ouml;r\u0259, qit\u0259 futbol qurumu &quot;Arsenal&quot;\u0131 Bak\u0131da &quot;&Ccedil;elsi&quot; il\u0259 ke&ccedil;ir\u0259c\u0259yi Avropa Liqas\u0131n\u0131n final mat&ccedil;\u0131nda azarke\u015fl\u0259rini etiraz aksiyalar\u0131ndan &ccedil;\u0259kindirm\u0259y\u0259 &ccedil;a\u011f\u0131r\u0131b. UEFA oyun zaman\u0131 fanatlar\u0131n ist\u0259nil\u0259n protestl\u0259rinin qar\u015f\u0131s\u0131n\u0131 almaq &uuml;&ccedil;&uuml;n bel\u0259 add\u0131m at\u0131b.<\/p>\n<p>Bu y&ouml;nd\u0259 art\u0131q m&uuml;\u0259yy\u0259n t\u0259cr&uuml;b\u0259 d\u0259 var. UEFA daha \u0259vv\u0259l Pol\u015fan\u0131n &quot;Legiya&quot; (Var\u015fava) klubunu azarke\u015fl\u0259rinin oyun zaman\u0131 &quot;Futbol yox, pul daha vacibdir&quot; plakat\u0131na g&ouml;r\u0259 c\u0259rim\u0259l\u0259yib.<\/p>\n<p>Qeyd ed\u0259k ki, &quot;Arsenal&quot; klubu futbol&ccedil;usu Henrix Mxitaryan\u0131 \u015f\u0259xsi ist\u0259yi il\u0259 Bak\u0131ya g\u0259tirm\u0259y\u0259c\u0259k. Oyun is\u0259 may\u0131n 29-da Bak\u0131 Olimpiya Stadionunda t\u0259\u015fkil olunacaq.&nbsp;<\/p>\n","protected":false},"excerpt":{"rendered":"<p>UEFA \u0130ngilt\u0259r\u0259nin &quot;Arsenal&quot; klubuna x\u0259b\u0259rdarl\u0131q edib. &quot;Report&quot;un The Mirror&quot;a istinad\u0259n verdiyi m\u0259lumata g&ouml;r\u0259, qit\u0259 futbol qurumu &quot;Arsenal&quot;\u0131 Bak\u0131da &quot;&Ccedil;elsi&quot; il\u0259 ke&ccedil;ir\u0259c\u0259yi Avropa Liqas\u0131n\u0131n final mat&ccedil;\u0131nda azarke\u015fl\u0259rini etiraz aksiyalar\u0131ndan &ccedil;\u0259kindirm\u0259y\u0259 &ccedil;a\u011f\u0131r\u0131b.&hellip;<\/p>\n","protected":false},"author":1,"featured_media":251278,"comment_status":"open","ping_status":"open","sticky":false,"template":"","format":"standard","meta":{"_lmt_disableupdate":"","_lmt_disable":"","footnotes":""},"categories":[90],"tags":[],"class_list":["post-80385","post","type-post","status-publish","format-standard","has-post-thumbnail","hentry","category-idman-butun-xeberler"],"_links":{"self":[{"href":"https:\/\/ucnoqta.az\/index.php?rest_route=\/wp\/v2\/posts\/80385","targetHints":{"allow":["GET"]}}],"collection":[{"href":"https:\/\/ucnoqta.az\/index.php?rest_route=\/wp\/v2\/posts"}],"about":[{"href":"https:\/\/ucnoqta.az\/index.php?rest_route=\/wp\/v2\/types\/post"}],"author":[{"embeddable":true,"href":"https:\/\/ucnoqta.az\/index.php?rest_route=\/wp\/v2\/users\/1"}],"replies":[{"embeddable":true,"href":"https:\/\/ucnoqta.az\/index.php?rest_route=%2Fwp%2Fv2%2Fcomments&post=80385"}],"version-history":[{"count":0,"href":"https:\/\/ucnoqta.az\/index.php?rest_route=\/wp\/v2\/posts\/80385\/revisions"}],"wp:featuredmedia":[{"embeddable":true,"href":"https:\/\/ucnoqta.az\/index.php?rest_route=\/wp\/v2\/media\/251278"}],"wp:attachment":[{"href":"https:\/\/ucnoqta.az\/index.php?rest_route=%2Fwp%2Fv2%2Fmedia&parent=80385"}],"wp:term":[{"taxonomy":"category","embeddable":true,"href":"https:\/\/ucnoqta.az\/index.php?rest_route=%2Fwp%2Fv2%2Fcategories&post=80385"},{"taxonomy":"post_tag","embeddable":true,"href":"https:\/\/ucnoqta.az\/index.php?rest_route=%2Fwp%2Fv2%2Ftags&post=80385"}],"curies":[{"name":"wp","href":"https:\/\/api.w.org\/{rel}","templated":true}]}}