{"id":80379,"date":"2019-05-23T13:15:27","date_gmt":"2019-05-23T09:15:27","guid":{"rendered":""},"modified":"-0001-11-30T00:00:00","modified_gmt":"-0001-11-29T20:00:00","slug":"","status":"publish","type":"post","link":"https:\/\/ucnoqta.az\/?p=80379","title":{"rendered":"\u00c7ingiz:<font color=red><b> &#8220;Siyah\u0131da geril\u0259m\u0259nin \u00f6n\u0259mi yoxdur, &#8230;&#8221; &#8211; V\u0130DEO<\/b><\/font>"},"content":{"rendered":"<p><strong>Az\u0259rbaycan\u0131 &ldquo;Avroviziya-2019&rdquo; beyn\u0259lxalq mahn\u0131 m&uuml;sabiq\u0259sind\u0259 &ldquo;Truth&rdquo; (H\u0259qiq\u0259t) mahn\u0131s\u0131 il\u0259 t\u0259msil ed\u0259n m&uuml;\u011f\u0259nni &Ccedil;ingiz Mustafayev yar\u0131\u015fmadan sonra ilk d\u0259f\u0259 canl\u0131 efir\u0259 &ccedil;\u0131x\u0131b.<\/strong><\/p>\n<p>&nbsp;AzTV-nin &ldquo;Teles\u0259h\u0259r&rdquo; \u015fousuna qat\u0131lan Mustafayev &ldquo;Avroviziya&rdquo;da s\u0259sl\u0259rin&nbsp;yenid\u0259n hesablanmas\u0131 v\u0259 yerl\u0259rin d\u0259yi\u015fm\u0259si il\u0259 ba\u011fl\u0131 fikirl\u0259rini b&ouml;l&uuml;\u015f&uuml;b.<br \/>\n&ldquo;&Ccedil;ox q\u0259rib\u0259 bir \u015fey oldu. M\u0259n n\u0259 e\u015fitmi\u015fdim, n\u0259 d\u0259 g&ouml;rm&uuml;\u015fd&uuml;m. M&uuml;sabiq\u0259nin &uuml;st&uuml;nd\u0259n d&ouml;rd g&uuml;n ke&ccedil;ib, indi d\u0259yi\u015fiklik etdil\u0259r. Bu d\u0259yi\u015fiklik is\u0259 birba\u015fa m\u0259n\u0259 t\u0259sir g&ouml;st\u0259rir. 40 &ouml;lk\u0259nin he&ccedil; bir i\u015ftirak&ccedil;\u0131s\u0131na bu q\u0259d\u0259r t\u0259sir etm\u0259di.<\/p>\n<p>Az\u0259rbaycanla Makedoniya aras\u0131nda d\u0259yi\u015fiklikl\u0259r oldu. B&uuml;t&uuml;n avropal\u0131lar m\u0259n\u0259 qar\u015f\u0131 olunan haqs\u0131zl\u0131qdan dan\u0131\u015f\u0131r. Deyirdil\u0259r ki, s\u0259n daha &ouml;n yerl\u0259rd\u0259 olmal\u0131 idin. Amma&nbsp;prosesl\u0259r \u0259ksin\u0259 c\u0259r\u0259yan etdi. M\u0259nim &uuml;&ccedil;&uuml;n is\u0259 he&ccedil; bir f\u0259rqi yoxdur. &Ccedil;&uuml;nki birinci olmad\u0131m. Bundan sonra is\u0259 d\u0259yi\u015fikliyin he&ccedil; bir &ouml;n\u0259mi yoxdur&rdquo;.<\/p>\n<p>Qeyd ed\u0259k ki, &ldquo;Avroviziya-2019&rdquo;da s\u0259s d\u0259yi\u015fm\u0259l\u0259ri olub.&nbsp;Yeni hesablamalar Az\u0259rbaycana da t\u0259sir edib.&nbsp;\u015eimali Makedoniya s\u0131ralamada Az\u0259rbaycanla yerini d\u0259yi\u015fm\u0259li olub. Bel\u0259 ki, Az\u0259rbaycan \u0259vv\u0259l&nbsp;297 xalla&nbsp;yeddinci pill\u0259d\u0259 idis\u0259, indi 302 xalla&nbsp;s\u0259kkizinci pill\u0259d\u0259 q\u0259rarla\u015f\u0131b.\/oxu.az<\/p>\n<p><iframe allow=\"autoplay\" allowfullscreen=\"\" frameborder=\"0\" height=\"315\" src=\"\/\/ok.ru\/videoembed\/1347702884884\" width=\"560\"><\/iframe><\/p>\n","protected":false},"excerpt":{"rendered":"<p>Az\u0259rbaycan\u0131 &ldquo;Avroviziya-2019&rdquo; beyn\u0259lxalq mahn\u0131 m&uuml;sabiq\u0259sind\u0259 &ldquo;Truth&rdquo; (H\u0259qiq\u0259t) mahn\u0131s\u0131 il\u0259 t\u0259msil ed\u0259n m&uuml;\u011f\u0259nni &Ccedil;ingiz Mustafayev yar\u0131\u015fmadan sonra ilk d\u0259f\u0259 canl\u0131 efir\u0259 &ccedil;\u0131x\u0131b. &nbsp;AzTV-nin &ldquo;Teles\u0259h\u0259r&rdquo; \u015fousuna qat\u0131lan Mustafayev &ldquo;Avroviziya&rdquo;da s\u0259sl\u0259rin&nbsp;yenid\u0259n hesablanmas\u0131 v\u0259&hellip;<\/p>\n","protected":false},"author":1,"featured_media":251278,"comment_status":"open","ping_status":"open","sticky":false,"template":"","format":"standard","meta":{"_lmt_disableupdate":"","_lmt_disable":"","footnotes":""},"categories":[],"tags":[],"class_list":["post-80379","post","type-post","status-publish","format-standard","has-post-thumbnail","hentry"],"_links":{"self":[{"href":"https:\/\/ucnoqta.az\/index.php?rest_route=\/wp\/v2\/posts\/80379","targetHints":{"allow":["GET"]}}],"collection":[{"href":"https:\/\/ucnoqta.az\/index.php?rest_route=\/wp\/v2\/posts"}],"about":[{"href":"https:\/\/ucnoqta.az\/index.php?rest_route=\/wp\/v2\/types\/post"}],"author":[{"embeddable":true,"href":"https:\/\/ucnoqta.az\/index.php?rest_route=\/wp\/v2\/users\/1"}],"replies":[{"embeddable":true,"href":"https:\/\/ucnoqta.az\/index.php?rest_route=%2Fwp%2Fv2%2Fcomments&post=80379"}],"version-history":[{"count":0,"href":"https:\/\/ucnoqta.az\/index.php?rest_route=\/wp\/v2\/posts\/80379\/revisions"}],"wp:featuredmedia":[{"embeddable":true,"href":"https:\/\/ucnoqta.az\/index.php?rest_route=\/wp\/v2\/media\/251278"}],"wp:attachment":[{"href":"https:\/\/ucnoqta.az\/index.php?rest_route=%2Fwp%2Fv2%2Fmedia&parent=80379"}],"wp:term":[{"taxonomy":"category","embeddable":true,"href":"https:\/\/ucnoqta.az\/index.php?rest_route=%2Fwp%2Fv2%2Fcategories&post=80379"},{"taxonomy":"post_tag","embeddable":true,"href":"https:\/\/ucnoqta.az\/index.php?rest_route=%2Fwp%2Fv2%2Ftags&post=80379"}],"curies":[{"name":"wp","href":"https:\/\/api.w.org\/{rel}","templated":true}]}}