{"id":80377,"date":"2019-05-23T12:29:34","date_gmt":"2019-05-23T08:29:34","guid":{"rendered":""},"modified":"-0001-11-30T00:00:00","modified_gmt":"-0001-11-29T20:00:00","slug":"","status":"publish","type":"post","link":"https:\/\/ucnoqta.az\/?p=80377","title":{"rendered":"Pakistan yeni n\u00fcv\u0259 raketini s\u0131naqdan ke\u00e7irib"},"content":{"rendered":"<p><strong>&ldquo;Pakistan &ldquo;\u015eahin-2&rdquo; adl\u0131 yer-yer ballistik n&uuml;v\u0259 ba\u015fl\u0131\u011f\u0131 raketda\u015f\u0131y\u0131c\u0131s\u0131n\u0131 u\u011furla s\u0131naqdan ke&ccedil;irib&rdquo;.<\/strong><\/p>\n<p>&ldquo;Report&rdquo; &ldquo;Haber7&rdquo;y\u0259 istinad\u0259n x\u0259b\u0259r verir ki, bunu&nbsp;Pakistan Silahl\u0131 Q&uuml;vv\u0259l\u0259rinin s&ouml;z&ccedil;&uuml;s&uuml;, general-mayor&nbsp;Asif Qafur&nbsp;bildirib. S\u0131naq Oman d\u0259nizind\u0259 ke&ccedil;irilib. Bu raket 1500 km-d\u0259ki h\u0259d\u0259fl\u0259ri vurmaq imkan\u0131na malikdir.<\/p>\n<p>&ldquo;\u015eahin-2&rdquo; Pakistan\u0131n ehtiyac\u0131 olan regional sabitlik &uuml;&ccedil;&uuml;n t\u0259minat&ccedil;\u0131 g&uuml;c\u0259 malikdir&rdquo;, &#8211; general vur\u011fulay\u0131b. Pakistan\u0131n Ba\u015f naziri \u0130mran Xan s\u0131na\u011f\u0131n u\u011furla h\u0259yata ke&ccedil;irilm\u0259si m&uuml;nasib\u0259ti il\u0259 m&uuml;h\u0259ndisl\u0259ri v\u0259 h\u0259rb&ccedil;il\u0259ri t\u0259brik edib.<\/p>\n<p>Qeyd ed\u0259k ki, Pakistan &ouml;t\u0259n il v\u0259 bu ilin \u0259vv\u0259lind\u0259 uzun v\u0259 orta m\u0259nzilli raketl\u0259ri s\u0131naqdan &ccedil;\u0131xarm\u0131\u015fd\u0131.<\/p>\n<p>Xat\u0131rladaq ki,&nbsp;Pakistan 1998-ci il may\u0131n 30-da &Ccedil;aqay poliqonunda 12-18 kT g&uuml;c&uuml;nd\u0259 n&uuml;v\u0259 qur\u011fusunu s\u0131naqdan ke&ccedil;irib. H\u0259min tarixd\u0259n Pakistan n&uuml;v\u0259 silah\u0131 olan d&ouml;vl\u0259t say\u0131l\u0131r.<\/p>\n","protected":false},"excerpt":{"rendered":"<p>&ldquo;Pakistan &ldquo;\u015eahin-2&rdquo; adl\u0131 yer-yer ballistik n&uuml;v\u0259 ba\u015fl\u0131\u011f\u0131 raketda\u015f\u0131y\u0131c\u0131s\u0131n\u0131 u\u011furla s\u0131naqdan ke&ccedil;irib&rdquo;. &ldquo;Report&rdquo; &ldquo;Haber7&rdquo;y\u0259 istinad\u0259n x\u0259b\u0259r verir ki, bunu&nbsp;Pakistan Silahl\u0131 Q&uuml;vv\u0259l\u0259rinin s&ouml;z&ccedil;&uuml;s&uuml;, general-mayor&nbsp;Asif Qafur&nbsp;bildirib. S\u0131naq Oman d\u0259nizind\u0259 ke&ccedil;irilib. Bu raket 1500&hellip;<\/p>\n","protected":false},"author":1,"featured_media":251278,"comment_status":"open","ping_status":"open","sticky":false,"template":"","format":"standard","meta":{"_lmt_disableupdate":"","_lmt_disable":"","footnotes":""},"categories":[89],"tags":[],"class_list":["post-80377","post","type-post","status-publish","format-standard","has-post-thumbnail","hentry","category-dunya-butun-xeberler"],"_links":{"self":[{"href":"https:\/\/ucnoqta.az\/index.php?rest_route=\/wp\/v2\/posts\/80377","targetHints":{"allow":["GET"]}}],"collection":[{"href":"https:\/\/ucnoqta.az\/index.php?rest_route=\/wp\/v2\/posts"}],"about":[{"href":"https:\/\/ucnoqta.az\/index.php?rest_route=\/wp\/v2\/types\/post"}],"author":[{"embeddable":true,"href":"https:\/\/ucnoqta.az\/index.php?rest_route=\/wp\/v2\/users\/1"}],"replies":[{"embeddable":true,"href":"https:\/\/ucnoqta.az\/index.php?rest_route=%2Fwp%2Fv2%2Fcomments&post=80377"}],"version-history":[{"count":0,"href":"https:\/\/ucnoqta.az\/index.php?rest_route=\/wp\/v2\/posts\/80377\/revisions"}],"wp:featuredmedia":[{"embeddable":true,"href":"https:\/\/ucnoqta.az\/index.php?rest_route=\/wp\/v2\/media\/251278"}],"wp:attachment":[{"href":"https:\/\/ucnoqta.az\/index.php?rest_route=%2Fwp%2Fv2%2Fmedia&parent=80377"}],"wp:term":[{"taxonomy":"category","embeddable":true,"href":"https:\/\/ucnoqta.az\/index.php?rest_route=%2Fwp%2Fv2%2Fcategories&post=80377"},{"taxonomy":"post_tag","embeddable":true,"href":"https:\/\/ucnoqta.az\/index.php?rest_route=%2Fwp%2Fv2%2Ftags&post=80377"}],"curies":[{"name":"wp","href":"https:\/\/api.w.org\/{rel}","templated":true}]}}