{"id":80374,"date":"2019-05-23T11:42:50","date_gmt":"2019-05-23T07:42:50","guid":{"rendered":""},"modified":"-0001-11-30T00:00:00","modified_gmt":"-0001-11-29T20:00:00","slug":"","status":"publish","type":"post","link":"https:\/\/ucnoqta.az\/?p=80374","title":{"rendered":"K\u0130V: T\u00fcrkiy\u0259 \u0130randan qaz idxal\u0131n\u0131 dayand\u0131r\u0131b"},"content":{"rendered":"<p><strong>&ldquo;T&uuml;rkiy\u0259 \u0130randan t\u0259bii qaz idxal\u0131n\u0131 dayand\u0131r\u0131b&rdquo;.<\/strong><\/p>\n<p>&ldquo;Report&rdquo; &ldquo;Newsru.co&rdquo;ya istinad\u0259n x\u0259b\u0259r verir ki, bunu T&uuml;rkiy\u0259nin Xarici \u0130\u015fl\u0259r nazirinin m&uuml;avini&nbsp;Yavuz S\u0259lim K\u0131ran\u0131n ba\u015f&ccedil;\u0131l\u0131\u011f\u0131 il\u0259 AB\u015e-da s\u0259f\u0259rd\u0259 olan n&uuml;may\u0259nd\u0259 hey\u0259tinin &uuml;zvl\u0259rind\u0259n biri bildirib.<\/p>\n<p>&ldquo;AB\u015e-\u0131n strateji m&uuml;tt\u0259fiqi olaraq biz \u0130rana qar\u015f\u0131&nbsp;sanksiyan\u0131 poza bilm\u0259rik&rdquo;,- n&uuml;may\u0259nd\u0259 hey\u0259tinin&nbsp;ad\u0131n\u0131n a&ccedil;\u0131qlanmas\u0131n\u0131 ist\u0259m\u0259y\u0259n&nbsp;&uuml;zv&uuml; vur\u011fulay\u0131b. Bildirilib ki, n&uuml;may\u0259nd\u0259 hey\u0259ti AB\u015e-la T&uuml;rkiy\u0259 aras\u0131nda b&ouml;hran\u0131 h\u0259ll etm\u0259k m\u0259sq\u0259di il\u0259 Va\u015finqtonan s\u0259f\u0259r edib. Onlar art\u0131q Prezident Donald Trampla g&ouml;r&uuml;\u015f&uuml;bl\u0259r.<\/p>\n<p>Qeyd ed\u0259k ki, AB\u015e Prezidenti Donald Tramp\u0131n \u0130randan t\u0259bii qaz almas\u0131na icaz\u0259 verdiyi 8 &ouml;lk\u0259d\u0259n biri d\u0259 T&uuml;rkiy\u0259 idi. Ancaq may\u0131n 2-d\u0259n bu m&ouml;hl\u0259t ba\u015fa &ccedil;at\u0131b.&nbsp;<\/p>\n","protected":false},"excerpt":{"rendered":"<p>&ldquo;T&uuml;rkiy\u0259 \u0130randan t\u0259bii qaz idxal\u0131n\u0131 dayand\u0131r\u0131b&rdquo;. &ldquo;Report&rdquo; &ldquo;Newsru.co&rdquo;ya istinad\u0259n x\u0259b\u0259r verir ki, bunu T&uuml;rkiy\u0259nin Xarici \u0130\u015fl\u0259r nazirinin m&uuml;avini&nbsp;Yavuz S\u0259lim K\u0131ran\u0131n ba\u015f&ccedil;\u0131l\u0131\u011f\u0131 il\u0259 AB\u015e-da s\u0259f\u0259rd\u0259 olan n&uuml;may\u0259nd\u0259 hey\u0259tinin &uuml;zvl\u0259rind\u0259n biri bildirib.&hellip;<\/p>\n","protected":false},"author":1,"featured_media":251278,"comment_status":"open","ping_status":"open","sticky":false,"template":"","format":"standard","meta":{"_lmt_disableupdate":"","_lmt_disable":"","footnotes":""},"categories":[89],"tags":[],"class_list":["post-80374","post","type-post","status-publish","format-standard","has-post-thumbnail","hentry","category-dunya-butun-xeberler"],"_links":{"self":[{"href":"https:\/\/ucnoqta.az\/index.php?rest_route=\/wp\/v2\/posts\/80374","targetHints":{"allow":["GET"]}}],"collection":[{"href":"https:\/\/ucnoqta.az\/index.php?rest_route=\/wp\/v2\/posts"}],"about":[{"href":"https:\/\/ucnoqta.az\/index.php?rest_route=\/wp\/v2\/types\/post"}],"author":[{"embeddable":true,"href":"https:\/\/ucnoqta.az\/index.php?rest_route=\/wp\/v2\/users\/1"}],"replies":[{"embeddable":true,"href":"https:\/\/ucnoqta.az\/index.php?rest_route=%2Fwp%2Fv2%2Fcomments&post=80374"}],"version-history":[{"count":0,"href":"https:\/\/ucnoqta.az\/index.php?rest_route=\/wp\/v2\/posts\/80374\/revisions"}],"wp:featuredmedia":[{"embeddable":true,"href":"https:\/\/ucnoqta.az\/index.php?rest_route=\/wp\/v2\/media\/251278"}],"wp:attachment":[{"href":"https:\/\/ucnoqta.az\/index.php?rest_route=%2Fwp%2Fv2%2Fmedia&parent=80374"}],"wp:term":[{"taxonomy":"category","embeddable":true,"href":"https:\/\/ucnoqta.az\/index.php?rest_route=%2Fwp%2Fv2%2Fcategories&post=80374"},{"taxonomy":"post_tag","embeddable":true,"href":"https:\/\/ucnoqta.az\/index.php?rest_route=%2Fwp%2Fv2%2Ftags&post=80374"}],"curies":[{"name":"wp","href":"https:\/\/api.w.org\/{rel}","templated":true}]}}