{"id":80373,"date":"2019-05-23T14:36:32","date_gmt":"2019-05-23T10:36:32","guid":{"rendered":""},"modified":"-0001-11-30T00:00:00","modified_gmt":"-0001-11-29T20:00:00","slug":"","status":"publish","type":"post","link":"https:\/\/ucnoqta.az\/?p=80373","title":{"rendered":"Prezident \u0130lham \u018fliyev Almaniya Bundestaq\u0131n\u0131n n\u00fcmay\u0259nd\u0259 hey\u0259tini q\u0259bul edib <font color=red><b>-Foto<\/b><\/font>"},"content":{"rendered":"<p><strong>Az\u0259rbaycan Respublikas\u0131n\u0131n Prezidenti \u0130lham \u018fliyev may\u0131n 23-d\u0259 Almaniya Bundestaq\u0131n\u0131n Sosial Demokrat Partiyas\u0131, Almaniya-C\u0259nubi Qafqaz parlamentl\u0259raras\u0131 \u0259laq\u0259l\u0259r &uuml;zr\u0259 i\u015f&ccedil;i qrupunun r\u0259hb\u0259ri Yohannes Kahrs\u0131n ba\u015f&ccedil;\u0131l\u0131q etdiyi n&uuml;may\u0259nd\u0259 hey\u0259tini q\u0259bul edib.<\/strong><\/p>\n<p>D&ouml;vl\u0259timizin ba\u015f&ccedil;\u0131s\u0131 Almaniya Bundestaq\u0131n\u0131n Sosial Demokrat Partiyas\u0131, Almaniya-C\u0259nubi Qafqaz parlamentl\u0259raras\u0131 \u0259laq\u0259l\u0259r &uuml;zr\u0259 i\u015f&ccedil;i qrupunun r\u0259hb\u0259ri Yohannes Kahrs\u0131n ba\u015f&ccedil;\u0131l\u0131q etdiyi n&uuml;may\u0259nd\u0259 hey\u0259tinin Az\u0259rbaycana s\u0259f\u0259rinin regionlardan ba\u015flamas\u0131n\u0131n qonaqlar\u0131n Az\u0259rbaycan haqq\u0131nda daha geni\u015f m\u0259lumata malik olmalar\u0131 &uuml;&ccedil;&uuml;n yax\u015f\u0131 imkan yaratd\u0131\u011f\u0131n\u0131 bildirdi. \u0130kit\u0259r\u0259fli m&uuml;nasib\u0259tl\u0259r\u0259 toxunan Prezident \u0130lham \u018fliyev Almaniya Kansleri Angela Merkelin Az\u0259rbaycana ilk s\u0259f\u0259rini xat\u0131rlayaraq, bunu \u0259laq\u0259l\u0259rimizin inki\u015faf\u0131nda tarixi hadis\u0259 kimi d\u0259y\u0259rl\u0259ndirdi v\u0259 s\u0259f\u0259rin &ccedil;ox u\u011furla ke&ccedil;diyini qeyd etdi.<\/p>\n<p>Eyni zamanda, Prezident \u0130lham \u018fliyev &ouml;z&uuml;n&uuml;n d\u0259 Almaniyaya s\u0259f\u0259rl\u0259rinin m&uuml;nasib\u0259tl\u0259rimizin m&ouml;hk\u0259ml\u0259ndirilm\u0259sin\u0259 t&ouml;hf\u0259 verdiyini bildirdi. D&ouml;vl\u0259timizin ba\u015f&ccedil;\u0131s\u0131 \u0259m\u0259kda\u015fl\u0131\u011f\u0131m\u0131z\u0131n &ccedil;ox y&uuml;ks\u0259k s\u0259viyy\u0259d\u0259 v\u0259 yax\u015f\u0131 perspektivl\u0259r\u0259 malik oldu\u011funu dedi. Prezident \u0130lham \u018fliyev &ouml;lk\u0259l\u0259rimizin biznes dair\u0259l\u0259ri aras\u0131nda da \u0259laq\u0259l\u0259rin u\u011furla inki\u015faf etdiyini, &ouml;lk\u0259mizd\u0259 xeyli sayda Almaniya \u015firk\u0259tl\u0259rinin m&uuml;xt\u0259lif layih\u0259l\u0259rd\u0259 i\u015ftirak\u0131n\u0131n &ouml;n\u0259mini vur\u011fulad\u0131. D&ouml;vl\u0259timizin ba\u015f&ccedil;\u0131s\u0131 parlamentl\u0259raras\u0131 \u0259m\u0259kda\u015fl\u0131\u011f\u0131n ikit\u0259r\u0259fli m&uuml;nasib\u0259tl\u0259rimizin inki\u015faf\u0131 bax\u0131m\u0131ndan rolunu qeyd etdi.<\/p>\n<p>Almaniya Bundestaq\u0131n\u0131n Sosial Demokrat Partiyas\u0131, Almaniya-C\u0259nubi Qafqaz parlamentl\u0259raras\u0131 \u0259laq\u0259l\u0259r &uuml;zr\u0259 i\u015f&ccedil;i qrupunun r\u0259hb\u0259ri Yohannes Kahrs paytaxt Bak\u0131n\u0131n v\u0259 &ouml;lk\u0259mizin regionlar\u0131n\u0131n onlarda b&ouml;y&uuml;k t\u0259\u0259ss&uuml;rat yaratd\u0131\u011f\u0131n\u0131 dedi, h\u0259m&ccedil;inin Q\u0259b\u0259l\u0259y\u0259 s\u0259f\u0259rl\u0259ri zaman\u0131 m\u0259cburi k&ouml;&ccedil;k&uuml;nl\u0259rl\u0259 g&ouml;r&uuml;\u015fd&uuml;kl\u0259rini v\u0259 Az\u0259rbaycan h&ouml;kum\u0259ti t\u0259r\u0259find\u0259n onlar\u0131n h\u0259yat \u015f\u0259raitinin yax\u015f\u0131la\u015fd\u0131r\u0131lmas\u0131 istiqam\u0259tind\u0259 g&ouml;r&uuml;l\u0259n i\u015fl\u0259rl\u0259 tan\u0131\u015f olduqlar\u0131n\u0131 bildirdi. Yohannes Kahrs Az\u0259rbaycan\u0131n Avropan\u0131n enerji t\u0259hl&uuml;k\u0259sizliyin\u0259 t&ouml;hf\u0259 ver\u0259n &ouml;lk\u0259 oldu\u011funu x&uuml;susi vur\u011fulad\u0131.<\/p>\n<p>G&ouml;r&uuml;\u015fd\u0259 parlamentl\u0259raras\u0131 \u0259m\u0259kda\u015fl\u0131\u011f\u0131n &ouml;lk\u0259l\u0259rimiz aras\u0131nda \u0259laq\u0259l\u0259rin inki\u015faf\u0131nda m&uuml;h&uuml;m \u0259h\u0259miyy\u0259t da\u015f\u0131d\u0131\u011f\u0131 bildirildi, Az\u0259rbaycan v\u0259 Almaniya aras\u0131nda siyasi, iqtisadi v\u0259 m\u0259d\u0259ni \u0259m\u0259kda\u015fl\u0131\u011f\u0131n geni\u015fl\u0259ndirilm\u0259sin\u0259 dair fikir m&uuml;badil\u0259si apar\u0131ld\u0131.<\/p>\n","protected":false},"excerpt":{"rendered":"<p>Az\u0259rbaycan Respublikas\u0131n\u0131n Prezidenti \u0130lham \u018fliyev may\u0131n 23-d\u0259 Almaniya Bundestaq\u0131n\u0131n Sosial Demokrat Partiyas\u0131, Almaniya-C\u0259nubi Qafqaz parlamentl\u0259raras\u0131 \u0259laq\u0259l\u0259r &uuml;zr\u0259 i\u015f&ccedil;i qrupunun r\u0259hb\u0259ri Yohannes Kahrs\u0131n ba\u015f&ccedil;\u0131l\u0131q etdiyi n&uuml;may\u0259nd\u0259 hey\u0259tini q\u0259bul edib. D&ouml;vl\u0259timizin ba\u015f&ccedil;\u0131s\u0131&hellip;<\/p>\n","protected":false},"author":1,"featured_media":251278,"comment_status":"open","ping_status":"open","sticky":false,"template":"","format":"standard","meta":{"_lmt_disableupdate":"","_lmt_disable":"","footnotes":""},"categories":[],"tags":[],"class_list":["post-80373","post","type-post","status-publish","format-standard","has-post-thumbnail","hentry"],"_links":{"self":[{"href":"https:\/\/ucnoqta.az\/index.php?rest_route=\/wp\/v2\/posts\/80373","targetHints":{"allow":["GET"]}}],"collection":[{"href":"https:\/\/ucnoqta.az\/index.php?rest_route=\/wp\/v2\/posts"}],"about":[{"href":"https:\/\/ucnoqta.az\/index.php?rest_route=\/wp\/v2\/types\/post"}],"author":[{"embeddable":true,"href":"https:\/\/ucnoqta.az\/index.php?rest_route=\/wp\/v2\/users\/1"}],"replies":[{"embeddable":true,"href":"https:\/\/ucnoqta.az\/index.php?rest_route=%2Fwp%2Fv2%2Fcomments&post=80373"}],"version-history":[{"count":0,"href":"https:\/\/ucnoqta.az\/index.php?rest_route=\/wp\/v2\/posts\/80373\/revisions"}],"wp:featuredmedia":[{"embeddable":true,"href":"https:\/\/ucnoqta.az\/index.php?rest_route=\/wp\/v2\/media\/251278"}],"wp:attachment":[{"href":"https:\/\/ucnoqta.az\/index.php?rest_route=%2Fwp%2Fv2%2Fmedia&parent=80373"}],"wp:term":[{"taxonomy":"category","embeddable":true,"href":"https:\/\/ucnoqta.az\/index.php?rest_route=%2Fwp%2Fv2%2Fcategories&post=80373"},{"taxonomy":"post_tag","embeddable":true,"href":"https:\/\/ucnoqta.az\/index.php?rest_route=%2Fwp%2Fv2%2Ftags&post=80373"}],"curies":[{"name":"wp","href":"https:\/\/api.w.org\/{rel}","templated":true}]}}