{"id":80371,"date":"2019-05-23T11:22:28","date_gmt":"2019-05-23T07:22:28","guid":{"rendered":""},"modified":"-0001-11-30T00:00:00","modified_gmt":"-0001-11-29T20:00:00","slug":"","status":"publish","type":"post","link":"https:\/\/ucnoqta.az\/?p=80371","title":{"rendered":"Heyd\u0259r \u018fliyev Fondu rayonlarda iftar s\u00fcfr\u0259l\u0259ri t\u0259\u015fkil edir <font color=red><b>-Foto<\/b><\/font>"},"content":{"rendered":"<p><strong>Heyd\u0259r \u018fliyev Fondu may\u0131n 22-d\u0259 m&uuml;q\u0259dd\u0259s Ramazan ay\u0131nda \u015eamax\u0131 rayonunda iftar s&uuml;fr\u0259si a&ccedil;\u0131b. <\/strong><\/p>\n<p>Qeyd ed\u0259k ki, Heyd\u0259r \u018fliyev Fondu t\u0259r\u0259find\u0259n Ramazan ay\u0131 \u0259rzind\u0259 bir s\u0131ra rayonlarda iftar s&uuml;fr\u0259l\u0259ri t\u0259\u015fkil olunacaq. \u015eamax\u0131 C&uuml;m\u0259 m\u0259scidind\u0259 a&ccedil;\u0131lan iftar s&uuml;fr\u0259sind\u0259 300-\u0259 yax\u0131n rayon sakini i\u015ftirak edib.<\/p>\n<p>Bildirilib ki, respublikam\u0131zda d&ouml;vl\u0259t v\u0259 din bir-birind\u0259n ayr\u0131 olsa da, Az\u0259rbaycan \u0130slam dinin\u0259, \u0130slam m\u0259d\u0259niyy\u0259tin\u0259 m\u0259nsub &ouml;lk\u0259dir. Ruzi-b\u0259r\u0259k\u0259t, h\u0259mr\u0259ylik, dostluq-qarda\u015fl\u0131q, sevgi v\u0259 m\u0259rh\u0259m\u0259t ay\u0131 hesab olunan Ramazan dig\u0259r m&uuml;s\u0259lman &ouml;lk\u0259l\u0259rind\u0259 oldu\u011fu kimi, Az\u0259rbaycanda da qeyd edilir. Bu g&uuml;n Az\u0259rbaycan d&uuml;nya &ouml;lk\u0259l\u0259ri &uuml;&ccedil;&uuml;n tolerantl\u0131q n&uuml;mun\u0259sidir. &Ouml;lk\u0259mizd\u0259 birlik v\u0259 sabitlik h&ouml;km s&uuml;r&uuml;r, dini m\u0259b\u0259dl\u0259r t\u0259mir v\u0259 b\u0259rpa olunur, islami v\u0259 milli m\u0259n\u0259vi d\u0259y\u0259rl\u0259r qorunur.<\/p>\n<p>H\u0259m&ccedil;inin Ali Ba\u015f Komandan\u0131n r\u0259hb\u0259rliyi il\u0259 b&uuml;t&uuml;n torpaqlar\u0131m\u0131z\u0131n tezlikl\u0259 i\u015f\u011faldan azad olunaca\u011f\u0131na, o torpaqlarda da dini ayinl\u0259rin icra edil\u0259c\u0259yin\u0259 v\u0259 iftar s&uuml;fr\u0259l\u0259rinin a&ccedil;\u0131laca\u011f\u0131na \u0259minlik ifad\u0259 olunub.<\/p>\n<p>\u0130ftar s&uuml;fr\u0259si \u0259traf\u0131nda on bir ay\u0131n sultan\u0131 olan Ramazan\u0131n f\u0259zil\u0259tl\u0259rind\u0259n dan\u0131\u015f\u0131l\u0131b, bu ayda g&ouml;r&uuml;lm\u0259si vacib say\u0131lan xeyirxah \u0259m\u0259ll\u0259rd\u0259n, savab i\u015fl\u0259rd\u0259n s&ouml;z a&ccedil;\u0131l\u0131b. &Ouml;lk\u0259miz\u0259 \u0259min-amanl\u0131q v\u0259 s&uuml;lh arzulan\u0131b, torpaqlar\u0131m\u0131z\u0131n b&uuml;t&ouml;vl&uuml;y&uuml; u\u011frunda \u015f\u0259hid olanlar\u0131n ruhuna dualar oxunub.<\/p>\n<p>Qeyd ed\u0259k ki, Az\u0259rbaycan \u0259razisind\u0259, b&uuml;t&ouml;vl&uuml;kd\u0259 C\u0259nubi Qafqazda v\u0259 Yax\u0131n \u015e\u0259rqd\u0259 \u0259n q\u0259dim m&uuml;s\u0259lman m\u0259b\u0259dl\u0259rind\u0259n olan \u015eamax\u0131 C&uuml;m\u0259 m\u0259scidi X\u0259lif\u0259 Xalid ibn V\u0259liy\u0259din d&ouml;vr&uuml;nd\u0259 onun qarda\u015f\u0131 M&uuml;sl&uuml;m ibn V\u0259liy\u0259din Az\u0259rbaycana g\u0259lm\u0259sinin \u015f\u0259r\u0259fin\u0259 743-c&uuml; ild\u0259 in\u015fa olunub. 1918-ci ild\u0259 silahl\u0131 erm\u0259ni da\u015fnak d\u0259st\u0259l\u0259ri t\u0259r\u0259find\u0259n t&ouml;r\u0259dil\u0259n mart q\u0131r\u011f\u0131nlar\u0131 zaman\u0131 \u015eamax\u0131da da soyq\u0131r\u0131m\u0131 akt\u0131 h\u0259yata ke&ccedil;irilib.<\/p>\n<p>\u018fn b&ouml;y&uuml;k q\u0131r\u011f\u0131n C&uuml;m\u0259 m\u0259scidind\u0259 ba\u015f verib. \u015eamax\u0131l\u0131lar\u0131n Allah evi kimi m\u0259scid\u0259 s\u0131\u011f\u0131nd\u0131\u011f\u0131n\u0131 g&ouml;r\u0259n erm\u0259nil\u0259r burada yan\u011f\u0131n t&ouml;r\u0259d\u0259r\u0259k, t\u0259qrib\u0259n 1700 g&uuml;nahs\u0131z insan\u0131 q\u0259tl\u0259 yetiribl\u0259r. Sovet d&ouml;vr&uuml;nd\u0259 m\u0259lum s\u0259b\u0259bl\u0259rd\u0259n t\u0259yinat\u0131 &uuml;zr\u0259 istifad\u0259 edilm\u0259y\u0259n m\u0259scid m\u0259hv olmaq t\u0259hl&uuml;k\u0259si il\u0259 &uuml;zl\u0259\u015fib. Az\u0259rbaycan\u0131n b&uuml;t&uuml;n sah\u0259l\u0259rd\u0259 inki\u015faf\u0131na, o c&uuml;ml\u0259d\u0259n milli m\u0259n\u0259vi d\u0259y\u0259rl\u0259rimizin qorunmas\u0131na b&ouml;y&uuml;k diqq\u0259t v\u0259 qay\u011f\u0131 il\u0259 yana\u015fan ulu &ouml;nd\u0259r Heyd\u0259r \u018fliyevin tap\u015f\u0131r\u0131\u011f\u0131 v\u0259 t\u0259\u015f\u0259bb&uuml;s&uuml; il\u0259 1980-ci ild\u0259 bu tarixi abid\u0259 t\u0259mir edilib.<\/p>\n<p>\u015eamax\u0131 C&uuml;m\u0259 m\u0259scidi daha sonra Heyd\u0259r \u018fliyev Fondunun &ldquo;Tolerantl\u0131\u011f\u0131n &uuml;nvan\u0131 &ndash; Az\u0259rbaycan&rdquo; layih\u0259si &ccedil;\u0259r&ccedil;iv\u0259sind\u0259 \u0259sasl\u0131 t\u0259mir olunub. B\u0259rpa v\u0259 yenid\u0259nqurma i\u015fl\u0259rin\u0259 2010-cu ilin mart\u0131nda ba\u015flan\u0131l\u0131b. 2013-c&uuml; il may\u0131n 17-d\u0259 Az\u0259rbaycan Respublikas\u0131n\u0131n Prezidenti \u0130lham \u018fliyev m\u0259scidin a&ccedil;\u0131l\u0131\u015f m\u0259rasimind\u0259 i\u015ftirak edib.<\/p>\n","protected":false},"excerpt":{"rendered":"<p>Heyd\u0259r \u018fliyev Fondu may\u0131n 22-d\u0259 m&uuml;q\u0259dd\u0259s Ramazan ay\u0131nda \u015eamax\u0131 rayonunda iftar s&uuml;fr\u0259si a&ccedil;\u0131b. Qeyd ed\u0259k ki, Heyd\u0259r \u018fliyev Fondu t\u0259r\u0259find\u0259n Ramazan ay\u0131 \u0259rzind\u0259 bir s\u0131ra rayonlarda iftar s&uuml;fr\u0259l\u0259ri t\u0259\u015fkil olunacaq.&hellip;<\/p>\n","protected":false},"author":1,"featured_media":251278,"comment_status":"open","ping_status":"open","sticky":false,"template":"","format":"standard","meta":{"_lmt_disableupdate":"","_lmt_disable":"","footnotes":""},"categories":[],"tags":[],"class_list":["post-80371","post","type-post","status-publish","format-standard","has-post-thumbnail","hentry"],"_links":{"self":[{"href":"https:\/\/ucnoqta.az\/index.php?rest_route=\/wp\/v2\/posts\/80371","targetHints":{"allow":["GET"]}}],"collection":[{"href":"https:\/\/ucnoqta.az\/index.php?rest_route=\/wp\/v2\/posts"}],"about":[{"href":"https:\/\/ucnoqta.az\/index.php?rest_route=\/wp\/v2\/types\/post"}],"author":[{"embeddable":true,"href":"https:\/\/ucnoqta.az\/index.php?rest_route=\/wp\/v2\/users\/1"}],"replies":[{"embeddable":true,"href":"https:\/\/ucnoqta.az\/index.php?rest_route=%2Fwp%2Fv2%2Fcomments&post=80371"}],"version-history":[{"count":0,"href":"https:\/\/ucnoqta.az\/index.php?rest_route=\/wp\/v2\/posts\/80371\/revisions"}],"wp:featuredmedia":[{"embeddable":true,"href":"https:\/\/ucnoqta.az\/index.php?rest_route=\/wp\/v2\/media\/251278"}],"wp:attachment":[{"href":"https:\/\/ucnoqta.az\/index.php?rest_route=%2Fwp%2Fv2%2Fmedia&parent=80371"}],"wp:term":[{"taxonomy":"category","embeddable":true,"href":"https:\/\/ucnoqta.az\/index.php?rest_route=%2Fwp%2Fv2%2Fcategories&post=80371"},{"taxonomy":"post_tag","embeddable":true,"href":"https:\/\/ucnoqta.az\/index.php?rest_route=%2Fwp%2Fv2%2Ftags&post=80371"}],"curies":[{"name":"wp","href":"https:\/\/api.w.org\/{rel}","templated":true}]}}