{"id":80370,"date":"2019-05-23T11:14:12","date_gmt":"2019-05-23T07:14:12","guid":{"rendered":""},"modified":"-0001-11-30T00:00:00","modified_gmt":"-0001-11-29T20:00:00","slug":"","status":"publish","type":"post","link":"https:\/\/ucnoqta.az\/?p=80370","title":{"rendered":"Erm\u0259nistanda taksi s\u00fcr\u00fcc\u00fcl\u0259ri etiraz aksiyas\u0131 ke\u00e7irirl\u0259r"},"content":{"rendered":"<p><strong>Bu g&uuml;n&nbsp;s\u0259h\u0259r saatlar\u0131ndan Erm\u0259nistanda taksi s&uuml;r&uuml;c&uuml;l\u0259ri&nbsp;etiraz aksiyas\u0131na ba\u015flay\u0131blar.<\/strong><\/p>\n<p>&ldquo;Report&rdquo; &ldquo;Novosti Armeniya&rdquo;ya istinad\u0259n x\u0259b\u0259r verir ki, aksiya &ouml;lk\u0259nin&nbsp;&uuml;&ccedil;&uuml;nc&uuml; b&ouml;y&uuml;k \u015f\u0259h\u0259ri olan Vanadzorda ke&ccedil;irilir. Aksiya i\u015ftirak&ccedil;\u0131lar\u0131 etiraz \u0259lam\u0259ti olaraq avtomobill\u0259rini Lori vilay\u0259tnin m\u0259rk\u0259zi binas\u0131n\u0131n, Vanadzor \u015f\u0259h\u0259r merliyinin qar\u015f\u0131s\u0131ndak\u0131&nbsp; &ldquo;Ayka&rdquo; meydan\u0131nda saxlay\u0131blar.<\/p>\n<p>S&uuml;r&uuml;c&uuml;l\u0259r maye qaz\u0131n qiym\u0259tinin bahala\u015fmas\u0131na etiraz edirl\u0259r, onun ucuzla\u015fd\u0131r\u0131lmas\u0131 t\u0259l\u0259bini ir\u0259li s&uuml;r&uuml;bl\u0259r.&nbsp;Aksiya i\u015ftirak&ccedil;\u0131lar\u0131 s\u0259lahiyy\u0259tli orqanlar\u0131n n&uuml;may\u0259nd\u0259l\u0259ri il\u0259 g&ouml;r&uuml;\u015fm\u0259k ist\u0259yirl\u0259r. Qeyd ed\u0259k ki, bu il may\u0131n 1-d\u0259n Erm\u0259nistanda maye qaz\u0131n qiym\u0259ti&nbsp;bahala\u015f\u0131b.<\/p>\n","protected":false},"excerpt":{"rendered":"<p>Bu g&uuml;n&nbsp;s\u0259h\u0259r saatlar\u0131ndan Erm\u0259nistanda taksi s&uuml;r&uuml;c&uuml;l\u0259ri&nbsp;etiraz aksiyas\u0131na ba\u015flay\u0131blar. &ldquo;Report&rdquo; &ldquo;Novosti Armeniya&rdquo;ya istinad\u0259n x\u0259b\u0259r verir ki, aksiya &ouml;lk\u0259nin&nbsp;&uuml;&ccedil;&uuml;nc&uuml; b&ouml;y&uuml;k \u015f\u0259h\u0259ri olan Vanadzorda ke&ccedil;irilir. Aksiya i\u015ftirak&ccedil;\u0131lar\u0131 etiraz \u0259lam\u0259ti olaraq avtomobill\u0259rini Lori vilay\u0259tnin&hellip;<\/p>\n","protected":false},"author":1,"featured_media":251278,"comment_status":"open","ping_status":"open","sticky":false,"template":"","format":"standard","meta":{"_lmt_disableupdate":"","_lmt_disable":"","footnotes":""},"categories":[],"tags":[],"class_list":["post-80370","post","type-post","status-publish","format-standard","has-post-thumbnail","hentry"],"_links":{"self":[{"href":"https:\/\/ucnoqta.az\/index.php?rest_route=\/wp\/v2\/posts\/80370","targetHints":{"allow":["GET"]}}],"collection":[{"href":"https:\/\/ucnoqta.az\/index.php?rest_route=\/wp\/v2\/posts"}],"about":[{"href":"https:\/\/ucnoqta.az\/index.php?rest_route=\/wp\/v2\/types\/post"}],"author":[{"embeddable":true,"href":"https:\/\/ucnoqta.az\/index.php?rest_route=\/wp\/v2\/users\/1"}],"replies":[{"embeddable":true,"href":"https:\/\/ucnoqta.az\/index.php?rest_route=%2Fwp%2Fv2%2Fcomments&post=80370"}],"version-history":[{"count":0,"href":"https:\/\/ucnoqta.az\/index.php?rest_route=\/wp\/v2\/posts\/80370\/revisions"}],"wp:featuredmedia":[{"embeddable":true,"href":"https:\/\/ucnoqta.az\/index.php?rest_route=\/wp\/v2\/media\/251278"}],"wp:attachment":[{"href":"https:\/\/ucnoqta.az\/index.php?rest_route=%2Fwp%2Fv2%2Fmedia&parent=80370"}],"wp:term":[{"taxonomy":"category","embeddable":true,"href":"https:\/\/ucnoqta.az\/index.php?rest_route=%2Fwp%2Fv2%2Fcategories&post=80370"},{"taxonomy":"post_tag","embeddable":true,"href":"https:\/\/ucnoqta.az\/index.php?rest_route=%2Fwp%2Fv2%2Ftags&post=80370"}],"curies":[{"name":"wp","href":"https:\/\/api.w.org\/{rel}","templated":true}]}}