{"id":80365,"date":"2019-05-23T10:45:10","date_gmt":"2019-05-23T06:45:10","guid":{"rendered":""},"modified":"-0001-11-30T00:00:00","modified_gmt":"-0001-11-29T20:00:00","slug":"","status":"publish","type":"post","link":"https:\/\/ucnoqta.az\/?p=80365","title":{"rendered":"<font color=red><b>&#8220;La\u00e7\u0131n&#8221; Ticar\u0259t M\u0259rk\u0259zinin sahibinin o\u011flu h\u0259bs edildi<\/b><\/font>"},"content":{"rendered":"<p>Bak\u0131da piyadan\u0131 avtomobill\u0259 vuraraq &ouml;ld&uuml;rm\u0259kd\u0259 t\u0259qsirli bilin\u0259n Sunay V\u0259liyevin cinay\u0259t i\u015fi &uuml;zr\u0259 m\u0259hk\u0259m\u0259sin\u0259 bax\u0131l\u0131b. X\u0259tai Rayon M\u0259hk\u0259m\u0259sinin hakimi \u0130brahim \u0130brahimlinin s\u0259drliyi il\u0259 ke&ccedil;iril\u0259n prosesd\u0259 h&ouml;km oxunub.&nbsp;<\/p>\n<p>M\u0259hk\u0259m\u0259nin h&ouml;km&uuml; S.V\u0259liyev 3 il 6 ay m&uuml;dd\u0259tin\u0259 azadl\u0131qdan m\u0259hrum edilib. H&ouml;km\u0259 \u0259sas\u0259n, o, c\u0259zas\u0131n\u0131 &uuml;mumi rejimli c\u0259za&ccedil;\u0259km\u0259 m&uuml;\u0259ssis\u0259sind\u0259 &ccedil;\u0259k\u0259c\u0259k.&nbsp;<\/p>\n<p>H&ouml;kmd\u0259n naraz\u0131 qalan m\u0259hkum v\u0259 z\u0259r\u0259r&ccedil;\u0259kmi\u015fin h&uuml;quqi varisi apellyasiya \u015fikay\u0259ti verib. Haz\u0131rda \u015fikay\u0259t Bak\u0131 Apellyasiya M\u0259hk\u0259m\u0259sind\u0259 ara\u015fd\u0131r\u0131l\u0131r.&nbsp;<\/p>\n<p>Xat\u0131rladaq ki, bu il fevral\u0131n 9-da paytaxt\u0131n X\u0259tai rayonu, Z\u0131\u011f yolu k&uuml;&ccedil;\u0259sind\u0259 1980-c\u0131 il t\u0259v\u0259ll&uuml;dl&uuml; S.V\u0259liyevin idar\u0259 etdiyi &quot;Mercedes-Benz GLS&rdquo; markal\u0131, 99-VS-999 d&ouml;vl\u0259t qeydiyyat ni\u015fanl\u0131 avtomobill\u0259 yolu ke&ccedil;m\u0259k ist\u0259y\u0259n piyada 1969-cu il t\u0259v\u0259ll&uuml;dl&uuml; M&uuml;\u015ffiq \u018fliyevi vuraraq &ouml;l&uuml;m&uuml;n\u0259 s\u0259b\u0259b olmas\u0131 v\u0259 hadis\u0259 yerind\u0259n qa&ccedil;mas\u0131 fakt\u0131na g&ouml;r\u0259 rayon Polis \u0130dar\u0259sinin \u0130stintaq \u015e&ouml;b\u0259sind\u0259 Cinay\u0259t M\u0259c\u0259ll\u0259sinin 263.2 (yol h\u0259r\u0259k\u0259ti v\u0259 n\u0259qliyyat vasit\u0259l\u0259rinin istismar\u0131 qaydalar\u0131n\u0131 pozma, ehtiyats\u0131zl\u0131qdan z\u0259r\u0259r&ccedil;\u0259kmi\u015f \u015f\u0259xsin &ouml;l&uuml;m&uuml;n\u0259 s\u0259b\u0259b olduqda) v\u0259 264-c&uuml; (yol n\u0259qliyyat hadis\u0259si yerind\u0259n qa&ccedil;ma) madd\u0259l\u0259ri il\u0259 cinay\u0259t i\u015fi ba\u015flan\u0131b.<br \/>\nApar\u0131lm\u0131\u015f t\u0259xir\u0259sal\u0131nmaz istintaq-\u0259m\u0259liyyat t\u0259dbirl\u0259ri n\u0259tic\u0259sind\u0259 S.V\u0259liyev fevral\u0131n 10-da \u015f&uuml;bh\u0259li \u015f\u0259xs qismind\u0259 tutularaq m&uuml;dafi\u0259&ccedil;i il\u0259 t\u0259min edilm\u0259kl\u0259 dindirilib.<\/p>\n<p>Xat\u0131rladaq ki, S.V\u0259liyev &quot;La&ccedil;\u0131n&rdquo; Ticar\u0259t M\u0259rk\u0259zinin sahibi M\u0259sud V\u0259liyevin o\u011fludur. M.V\u0259liyev 2015-ci ild\u0259 d&uuml;nyas\u0131n\u0131 d\u0259yi\u015fib. M.V\u0259liyevin v\u0259fat\u0131ndan sonra onun biznesin\u0259 o\u011flu r\u0259hb\u0259rlik edir.<\/p>\n","protected":false},"excerpt":{"rendered":"<p>Bak\u0131da piyadan\u0131 avtomobill\u0259 vuraraq &ouml;ld&uuml;rm\u0259kd\u0259 t\u0259qsirli bilin\u0259n Sunay V\u0259liyevin cinay\u0259t i\u015fi &uuml;zr\u0259 m\u0259hk\u0259m\u0259sin\u0259 bax\u0131l\u0131b. X\u0259tai Rayon M\u0259hk\u0259m\u0259sinin hakimi \u0130brahim \u0130brahimlinin s\u0259drliyi il\u0259 ke&ccedil;iril\u0259n prosesd\u0259 h&ouml;km oxunub.&nbsp; M\u0259hk\u0259m\u0259nin h&ouml;km&uuml; S.V\u0259liyev 3&hellip;<\/p>\n","protected":false},"author":1,"featured_media":251278,"comment_status":"open","ping_status":"open","sticky":false,"template":"","format":"standard","meta":{"_lmt_disableupdate":"","_lmt_disable":"","footnotes":""},"categories":[],"tags":[],"class_list":["post-80365","post","type-post","status-publish","format-standard","has-post-thumbnail","hentry"],"_links":{"self":[{"href":"https:\/\/ucnoqta.az\/index.php?rest_route=\/wp\/v2\/posts\/80365","targetHints":{"allow":["GET"]}}],"collection":[{"href":"https:\/\/ucnoqta.az\/index.php?rest_route=\/wp\/v2\/posts"}],"about":[{"href":"https:\/\/ucnoqta.az\/index.php?rest_route=\/wp\/v2\/types\/post"}],"author":[{"embeddable":true,"href":"https:\/\/ucnoqta.az\/index.php?rest_route=\/wp\/v2\/users\/1"}],"replies":[{"embeddable":true,"href":"https:\/\/ucnoqta.az\/index.php?rest_route=%2Fwp%2Fv2%2Fcomments&post=80365"}],"version-history":[{"count":0,"href":"https:\/\/ucnoqta.az\/index.php?rest_route=\/wp\/v2\/posts\/80365\/revisions"}],"wp:featuredmedia":[{"embeddable":true,"href":"https:\/\/ucnoqta.az\/index.php?rest_route=\/wp\/v2\/media\/251278"}],"wp:attachment":[{"href":"https:\/\/ucnoqta.az\/index.php?rest_route=%2Fwp%2Fv2%2Fmedia&parent=80365"}],"wp:term":[{"taxonomy":"category","embeddable":true,"href":"https:\/\/ucnoqta.az\/index.php?rest_route=%2Fwp%2Fv2%2Fcategories&post=80365"},{"taxonomy":"post_tag","embeddable":true,"href":"https:\/\/ucnoqta.az\/index.php?rest_route=%2Fwp%2Fv2%2Ftags&post=80365"}],"curies":[{"name":"wp","href":"https:\/\/api.w.org\/{rel}","templated":true}]}}