{"id":80345,"date":"2019-05-23T10:17:11","date_gmt":"2019-05-23T06:17:11","guid":{"rendered":""},"modified":"-0001-11-30T00:00:00","modified_gmt":"-0001-11-29T20:00:00","slug":"","status":"publish","type":"post","link":"https:\/\/ucnoqta.az\/?p=80345","title":{"rendered":"<font color=red><b>\u201cBak\u0131 g\u00f6z\u0259l \u015f\u0259h\u0259rdir\u201d<\/b><\/font> &#8211; David Luiz"},"content":{"rendered":"<p><strong>&ldquo;Bu turnird\u0259 h\u0259d\u0259fimiz finala gedib &ccedil;\u0131xmaq idi. Buna nail oldu\u011fumuz &uuml;&ccedil;&uuml;n xo\u015fb\u0259xt\u0259m. H\u0259lledici oyunda da qalib g\u0259lm\u0259y\u0259 &ccedil;al\u0131\u015faca\u011f\u0131q&rdquo;.&nbsp;<\/strong><\/p>\n<p>Bu s&ouml;zl\u0259ri &ldquo;&Ccedil;elsi&rdquo;nin futbol&ccedil;usu David Luiz deyib.&nbsp; Avropa Liqas\u0131 final\u0131 &ccedil;\u0259r&ccedil;iv\u0259sind\u0259 Bak\u0131da &ldquo;Arsenal&rdquo;la qar\u015f\u0131la\u015facaq &ldquo;zad\u0259ganlar&rdquo;\u0131n oyun&ccedil;usu paytaxt\u0131m\u0131za g\u0259l\u0259 bilm\u0259y\u0259c\u0259k komanda yolda\u015flar\u0131ndan da dan\u0131\u015f\u0131b.<\/p>\n<p>Braziliyal\u0131 m&uuml;dafi\u0259&ccedil;i erm\u0259ni futbol&ccedil;u Henrix Mxitaryanla ba\u011fl\u0131 da fikirl\u0259rini b&ouml;l&uuml;\u015f&uuml;b: &ldquo;Futbol siyas\u0259t deyil. Veril\u0259n q\u0259rarlara da h&ouml;rm\u0259tl\u0259 yana\u015fmaq laz\u0131md\u0131r. &ldquo;Qaraba\u011f&rdquo;a qar\u015f\u0131 oynayark\u0259n Bak\u0131n\u0131 g\u0259zm\u0259k imkan\u0131m oldu. H\u0259qiq\u0259t\u0259n &ccedil;ox g&ouml;z\u0259l \u015f\u0259h\u0259rdir&rdquo;.<\/p>\n<p>Qeyd ed\u0259k ki, &ldquo;&Ccedil;elsi&rdquo; &ndash; &ldquo;Arsenal&rdquo; mat&ccedil;\u0131 may\u0131n 29-u saat 23:00-da Bak\u0131 Olimpiya Stadionunda ke&ccedil;iril\u0259c\u0259k. \/qafqazinfo<\/p>\n","protected":false},"excerpt":{"rendered":"<p>&ldquo;Bu turnird\u0259 h\u0259d\u0259fimiz finala gedib &ccedil;\u0131xmaq idi. Buna nail oldu\u011fumuz &uuml;&ccedil;&uuml;n xo\u015fb\u0259xt\u0259m. H\u0259lledici oyunda da qalib g\u0259lm\u0259y\u0259 &ccedil;al\u0131\u015faca\u011f\u0131q&rdquo;.&nbsp; Bu s&ouml;zl\u0259ri &ldquo;&Ccedil;elsi&rdquo;nin futbol&ccedil;usu David Luiz deyib.&nbsp; Avropa Liqas\u0131 final\u0131 &ccedil;\u0259r&ccedil;iv\u0259sind\u0259 Bak\u0131da&hellip;<\/p>\n","protected":false},"author":1,"featured_media":251278,"comment_status":"open","ping_status":"open","sticky":false,"template":"","format":"standard","meta":{"_lmt_disableupdate":"","_lmt_disable":"","footnotes":""},"categories":[90],"tags":[],"class_list":["post-80345","post","type-post","status-publish","format-standard","has-post-thumbnail","hentry","category-idman-butun-xeberler"],"_links":{"self":[{"href":"https:\/\/ucnoqta.az\/index.php?rest_route=\/wp\/v2\/posts\/80345","targetHints":{"allow":["GET"]}}],"collection":[{"href":"https:\/\/ucnoqta.az\/index.php?rest_route=\/wp\/v2\/posts"}],"about":[{"href":"https:\/\/ucnoqta.az\/index.php?rest_route=\/wp\/v2\/types\/post"}],"author":[{"embeddable":true,"href":"https:\/\/ucnoqta.az\/index.php?rest_route=\/wp\/v2\/users\/1"}],"replies":[{"embeddable":true,"href":"https:\/\/ucnoqta.az\/index.php?rest_route=%2Fwp%2Fv2%2Fcomments&post=80345"}],"version-history":[{"count":0,"href":"https:\/\/ucnoqta.az\/index.php?rest_route=\/wp\/v2\/posts\/80345\/revisions"}],"wp:featuredmedia":[{"embeddable":true,"href":"https:\/\/ucnoqta.az\/index.php?rest_route=\/wp\/v2\/media\/251278"}],"wp:attachment":[{"href":"https:\/\/ucnoqta.az\/index.php?rest_route=%2Fwp%2Fv2%2Fmedia&parent=80345"}],"wp:term":[{"taxonomy":"category","embeddable":true,"href":"https:\/\/ucnoqta.az\/index.php?rest_route=%2Fwp%2Fv2%2Fcategories&post=80345"},{"taxonomy":"post_tag","embeddable":true,"href":"https:\/\/ucnoqta.az\/index.php?rest_route=%2Fwp%2Fv2%2Ftags&post=80345"}],"curies":[{"name":"wp","href":"https:\/\/api.w.org\/{rel}","templated":true}]}}