{"id":79291,"date":"2019-05-04T13:10:22","date_gmt":"2019-05-04T09:10:22","guid":{"rendered":""},"modified":"-0001-11-30T00:00:00","modified_gmt":"-0001-11-29T20:00:00","slug":"","status":"publish","type":"post","link":"https:\/\/ucnoqta.az\/?p=79291","title":{"rendered":"G\u0259nc\u0259 t\u0259cridxanas\u0131n\u0131n n\u0259zar\u0259t\u00e7isi niy\u0259 g\u00fcll\u0259l\u0259ndi?- <font color=red><b>M\u00fc\u0259mma<\/b><\/font>"},"content":{"rendered":"<p><strong>\u015e\u0259mkir rayonunda g&uuml;ll\u0259l\u0259nmi\u015f 29 ya\u015fl\u0131 K\u0259ram\u0259t M\u0259mm\u0259dli Penitensiar Xidm\u0259tin G\u0259nc\u0259 \u015f\u0259h\u0259rind\u0259 yerl\u0259\u015f\u0259n 2 sayl\u0131 \u0130stintaq t\u0259cridxanas\u0131n\u0131n \u0259m\u0259kda\u015f\u0131 olub.<\/strong><\/p>\n<p>Ucnoqta.az x\u0259b\u0259r verir ki, bu haqda&nbsp;Oxu.Az-a \u015e\u0259mkir Rayon Prokurorlu\u011fundan m\u0259lumat verilib.<\/p>\n<p>Xat\u0131rladaq ki, hadis\u0259 may\u0131n 1-d\u0259 g&uuml;norta saatlar\u0131nda Bayraml\u0131 k\u0259ndind\u0259 ba\u015f verib. Q\u0259tlin &uuml;z\u0259rind\u0259n &uuml;&ccedil; g&uuml;n ke&ccedil;s\u0259 d\u0259, m&uuml;st\u0259ntiql\u0259r hadis\u0259 \u015fahidinin olmad\u0131\u011f\u0131na g&ouml;r\u0259,&nbsp; qatilin izin\u0259 &ccedil;\u0131xmaqda v\u0259&nbsp; \u015f\u0259xsiyy\u0259tini m&uuml;\u0259yy\u0259n etm\u0259kd\u0259 &ccedil;\u0259tinlik &ccedil;\u0259kir.<\/p>\n<p>M\u0259lumata g&ouml;r\u0259, M\u0259mm\u0259dli &ouml;z evind\u0259 ki&ccedil;ikkalibrli t&uuml;f\u0259ngl\u0259&nbsp; (5,6 mm) &ouml;ld&uuml;r&uuml;l&uuml;b. G&uuml;ll\u0259 yax\u0131n m\u0259saf\u0259d\u0259n (t\u0259xmin\u0259n 1 metr) al\u0131n nahiy\u0259sin\u0259 tu\u015f g\u0259lib.<\/p>\n<p>Kriminalistl\u0259r h\u0259r hans\u0131 m&uuml;qavim\u0259t izl\u0259ri a\u015fkarlamay\u0131b. Ehtimala g&ouml;r\u0259,&nbsp;at\u0259\u015f a&ccedil;\u0131lmazdan \u0259vv\u0259l qatill\u0259 qurban aras\u0131nda s&ouml;hb\u0259t olub.<\/p>\n<p>Onlar\u0131n bir-birini tan\u0131d\u0131\u011f\u0131 g&uuml;man edilir. Qatil hadis\u0259ni t&ouml;r\u0259tdikd\u0259n sonra izsiz \u015f\u0259kild\u0259 yoxa &ccedil;\u0131x\u0131b.&nbsp; K.M\u0259mm\u0259dlinin meyitini&nbsp; valideynl\u0259ri tap\u0131b. M\u0259mm\u0259dlinin evind\u0259n he&ccedil; bir qiym\u0259tli \u0259\u015fyan\u0131n o\u011furlanmad\u0131\u011f\u0131ndan, m&uuml;st\u0259ntiql\u0259r tamah m\u0259qs\u0259dil\u0259 q\u0259tl versiyas\u0131n\u0131 istisna edir.<\/p>\n<p>K\u0259ram\u0259t M\u0259mm\u0259dli&nbsp; Beyn\u0259lxalq Bank\u0131n rayon filial\u0131n\u0131n ke&ccedil;mi\u015f r\u0259hb\u0259rinin (haz\u0131rda t\u0259qa&uuml;d\u0259 &ccedil;\u0131x\u0131b) o\u011flu olub. \u0130ki il\u0259 \u0259vv\u0259l bo\u015fan\u0131b.<\/p>\n<p>Cinay\u0259tin motivl\u0259ri h\u0259l\u0259 ayd\u0131n deyil. Q\u0259tlin qurban\u0131n pe\u015f\u0259 f\u0259aliyy\u0259ti il\u0259 \u0259laq\u0259li oldu\u011fu istisna edilmir.&nbsp; Cinay\u0259tin t&ouml;r\u0259dildiyi &uuml;nvan\u0131n yax\u0131n &ccedil;evr\u0259sind\u0259 m&uuml;\u015fahid\u0259 kameralar\u0131n\u0131n olmamas\u0131 m&uuml;st\u0259ntiql\u0259rin i\u015fini daha da &ccedil;\u0259tinl\u0259\u015fdirir.<\/p>\n<p>Faktla ba\u011fl\u0131 istintaq davam edir.<\/p>\n","protected":false},"excerpt":{"rendered":"<p>\u015e\u0259mkir rayonunda g&uuml;ll\u0259l\u0259nmi\u015f 29 ya\u015fl\u0131 K\u0259ram\u0259t M\u0259mm\u0259dli Penitensiar Xidm\u0259tin G\u0259nc\u0259 \u015f\u0259h\u0259rind\u0259 yerl\u0259\u015f\u0259n 2 sayl\u0131 \u0130stintaq t\u0259cridxanas\u0131n\u0131n \u0259m\u0259kda\u015f\u0131 olub. Ucnoqta.az x\u0259b\u0259r verir ki, bu haqda&nbsp;Oxu.Az-a \u015e\u0259mkir Rayon Prokurorlu\u011fundan m\u0259lumat verilib. Xat\u0131rladaq&hellip;<\/p>\n","protected":false},"author":1,"featured_media":251278,"comment_status":"open","ping_status":"open","sticky":false,"template":"","format":"standard","meta":{"_lmt_disableupdate":"","_lmt_disable":"","footnotes":""},"categories":[],"tags":[],"class_list":["post-79291","post","type-post","status-publish","format-standard","has-post-thumbnail","hentry"],"_links":{"self":[{"href":"https:\/\/ucnoqta.az\/index.php?rest_route=\/wp\/v2\/posts\/79291","targetHints":{"allow":["GET"]}}],"collection":[{"href":"https:\/\/ucnoqta.az\/index.php?rest_route=\/wp\/v2\/posts"}],"about":[{"href":"https:\/\/ucnoqta.az\/index.php?rest_route=\/wp\/v2\/types\/post"}],"author":[{"embeddable":true,"href":"https:\/\/ucnoqta.az\/index.php?rest_route=\/wp\/v2\/users\/1"}],"replies":[{"embeddable":true,"href":"https:\/\/ucnoqta.az\/index.php?rest_route=%2Fwp%2Fv2%2Fcomments&post=79291"}],"version-history":[{"count":0,"href":"https:\/\/ucnoqta.az\/index.php?rest_route=\/wp\/v2\/posts\/79291\/revisions"}],"wp:featuredmedia":[{"embeddable":true,"href":"https:\/\/ucnoqta.az\/index.php?rest_route=\/wp\/v2\/media\/251278"}],"wp:attachment":[{"href":"https:\/\/ucnoqta.az\/index.php?rest_route=%2Fwp%2Fv2%2Fmedia&parent=79291"}],"wp:term":[{"taxonomy":"category","embeddable":true,"href":"https:\/\/ucnoqta.az\/index.php?rest_route=%2Fwp%2Fv2%2Fcategories&post=79291"},{"taxonomy":"post_tag","embeddable":true,"href":"https:\/\/ucnoqta.az\/index.php?rest_route=%2Fwp%2Fv2%2Ftags&post=79291"}],"curies":[{"name":"wp","href":"https:\/\/api.w.org\/{rel}","templated":true}]}}