{"id":79286,"date":"2019-05-04T12:14:19","date_gmt":"2019-05-04T08:14:19","guid":{"rendered":""},"modified":"-0001-11-30T00:00:00","modified_gmt":"-0001-11-29T20:00:00","slug":"","status":"publish","type":"post","link":"https:\/\/ucnoqta.az\/?p=79286","title":{"rendered":"MTN-in sabiq idar\u0259 r\u0259isi azadl\u0131\u011fa burax\u0131l\u0131b"},"content":{"rendered":"<p>L\u0259\u011fv edilmi\u015f Milli T\u0259hl\u00fck\u0259sizlik Nazirliyinin (MTN) sabiq idar\u0259 r\u0259isi, mayor Akif \u018fliyev azadl\u0131\u011fa burax\u0131l\u0131b.<\/p>\n<p>Trend-in m\u0259lumat\u0131na g\u00f6r\u0259, \u00f6t\u0259n ay Ali M\u0259hk\u0259m\u0259nin q\u0259rar\u0131 il\u0259 A.\u018fliyevin 5 il azadl\u0131qdan m\u0259hrumetm\u0259 c\u0259zas\u0131 3 il 6 aya endirilib.<\/p>\n<p>Bu g\u00fcn is\u0259 onun c\u0259zas\u0131 ba\u015fa \u00e7at\u0131b v\u0259 3 sayl\u0131 \u0130stintaq T\u0259cridxanas\u0131ndan azadl\u0131\u011fa \u00e7\u0131x\u0131b.<\/p>\n<p>Qeyd ed\u0259k ki, A.\u018fliyev 2015-ci ild\u0259 MTN-in Energetika v\u0259 N\u0259qliyyat Sah\u0259l\u0259rind\u0259 T\u0259hl\u00fck\u0259sizlik Ba\u015f \u0130dar\u0259sinin sabiq r\u0259isi, general-mayor Akif \u00c7ovdarov, MTN-in Energetika v\u0259 N\u0259qliyyat Sah\u0259l\u0259rind\u0259 T\u0259hl\u00fck\u0259sizlik Ba\u015f \u0130dar\u0259sinin sabiq i\u015f\u00e7isi, polkovnik S\u0259lim M\u0259mm\u0259dov v\u0259 ke\u00e7mi\u015f \u015f\u00f6b\u0259 r\u0259isi Orxan Osmanovla birg\u0259 h\u0259bs edilib.<\/p>\n<p>Bak\u0259 H\u0259rbi M\u0259hk\u0259m\u0259sinin h\u00f6km\u00fc il\u0259 A.\u00c7ovdarov 12 il, S.M\u0259mm\u0259dov 11 il, A.\u018fliyev 5 il, O.Osmanov 4 il m\u00fcdd\u0259tin\u0259 azadl\u0131qdan m\u0259hrum edilib. Bak\u0131 Apellyasiya M\u0259hk\u0259m\u0259si \u015fikay\u0259tl\u0259ri t\u0259min etm\u0259yib.<\/p>\n","protected":false},"excerpt":{"rendered":"<p>L\u0259\u011fv edilmi\u015f Milli T\u0259hl\u00fck\u0259sizlik Nazirliyinin (MTN) sabiq idar\u0259 r\u0259isi, mayor Akif \u018fliyev azadl\u0131\u011fa burax\u0131l\u0131b. Trend-in m\u0259lumat\u0131na g\u00f6r\u0259, \u00f6t\u0259n ay Ali M\u0259hk\u0259m\u0259nin q\u0259rar\u0131 il\u0259 A.\u018fliyevin 5 il azadl\u0131qdan m\u0259hrumetm\u0259 c\u0259zas\u0131 3&hellip;<\/p>\n","protected":false},"author":1,"featured_media":251278,"comment_status":"open","ping_status":"open","sticky":false,"template":"","format":"standard","meta":{"_lmt_disableupdate":"","_lmt_disable":"","footnotes":""},"categories":[],"tags":[],"class_list":["post-79286","post","type-post","status-publish","format-standard","has-post-thumbnail","hentry"],"_links":{"self":[{"href":"https:\/\/ucnoqta.az\/index.php?rest_route=\/wp\/v2\/posts\/79286","targetHints":{"allow":["GET"]}}],"collection":[{"href":"https:\/\/ucnoqta.az\/index.php?rest_route=\/wp\/v2\/posts"}],"about":[{"href":"https:\/\/ucnoqta.az\/index.php?rest_route=\/wp\/v2\/types\/post"}],"author":[{"embeddable":true,"href":"https:\/\/ucnoqta.az\/index.php?rest_route=\/wp\/v2\/users\/1"}],"replies":[{"embeddable":true,"href":"https:\/\/ucnoqta.az\/index.php?rest_route=%2Fwp%2Fv2%2Fcomments&post=79286"}],"version-history":[{"count":0,"href":"https:\/\/ucnoqta.az\/index.php?rest_route=\/wp\/v2\/posts\/79286\/revisions"}],"wp:featuredmedia":[{"embeddable":true,"href":"https:\/\/ucnoqta.az\/index.php?rest_route=\/wp\/v2\/media\/251278"}],"wp:attachment":[{"href":"https:\/\/ucnoqta.az\/index.php?rest_route=%2Fwp%2Fv2%2Fmedia&parent=79286"}],"wp:term":[{"taxonomy":"category","embeddable":true,"href":"https:\/\/ucnoqta.az\/index.php?rest_route=%2Fwp%2Fv2%2Fcategories&post=79286"},{"taxonomy":"post_tag","embeddable":true,"href":"https:\/\/ucnoqta.az\/index.php?rest_route=%2Fwp%2Fv2%2Ftags&post=79286"}],"curies":[{"name":"wp","href":"https:\/\/api.w.org\/{rel}","templated":true}]}}