{"id":79284,"date":"2019-05-04T11:49:02","date_gmt":"2019-05-04T07:49:02","guid":{"rendered":""},"modified":"-0001-11-30T00:00:00","modified_gmt":"-0001-11-29T20:00:00","slug":"","status":"publish","type":"post","link":"https:\/\/ucnoqta.az\/?p=79284","title":{"rendered":"<b>K\u00fcl\u0259 d\u00f6n\u0259n avtomobild\u0259n ki\u015fi meyiti tap\u0131ld\u0131<font color=red> &#8211; FOTO<\/font><\/b>"},"content":{"rendered":"<p><strong>T&uuml;rkiy\u0259nin Hatay vilay\u0259tind\u0259 k&uuml;l\u0259 d&ouml;n\u0259n avtomobild\u0259n ki\u015fi meyiti tap\u0131l\u0131b.<\/strong><\/p>\n<p>Ucnoqta.az \u0130HA-ya istinad\u0259n x\u0259b\u0259r verir ki, yan\u011f\u0131n Yaylada\u011f rayonunun Yuxar\u0131 Ox&ccedil;ular m\u0259h\u0259ll\u0259si yax\u0131nl\u0131\u011f\u0131nda qeyd\u0259 al\u0131n\u0131b. M\u0259lumata g&ouml;r\u0259, n\u0259qliyyat vasit\u0259sinin yanmas\u0131 il\u0259 ba\u011fl\u0131 x\u0259b\u0259r alan yan\u011f\u0131ns&ouml;nd&uuml;rm\u0259 briqadalar\u0131, yanan ma\u015f\u0131na m&uuml;daxil\u0259 ed\u0259r\u0259k q\u0131sa m&uuml;dd\u0259td\u0259 s&ouml;nd&uuml;r&uuml;bl\u0259r.<\/p>\n<p>Hadis\u0259 yerin\u0259 g\u0259l\u0259n polis \u0259m\u0259kda\u015flar\u0131 apard\u0131qlar\u0131 ara\u015fd\u0131rma zaman\u0131 avtomobilin y&uuml;k yerind\u0259n yanm\u0131\u015f ki\u015fi c\u0259s\u0259di a\u015fkarlay\u0131blar. Cinay\u0259t \u015f&uuml;bh\u0259si il\u0259 ara\u015fd\u0131rmalar\u0131 daha da d\u0259rinl\u0259\u015fdir\u0259n m&uuml;st\u0259ntiql\u0259r, yanan \u015f\u0259xsin Yaylada\u011f rayonu Turfanda m\u0259h\u0259ll\u0259sind\u0259 qeydiyyatda oldu\u011fu, 32 ya\u015fl\u0131 M\u0259hm\u0259d K\u0131ssa oldu\u011fu m&uuml;\u0259yy\u0259n edilib.<\/p>\n<p>Apar\u0131lan geni\u015f axtar\u0131\u015flar n\u0259tic\u0259sind\u0259, hadis\u0259 il\u0259 ba\u011fl\u0131l\u0131\u011f\u0131 oldu\u011fu iddia edil\u0259n bir n\u0259f\u0259r h\u0259bs olunub.<\/p>\n<p>\u0130stintaq\u0131 davam etdirilir.<\/p>\n<p>&nbsp;<\/p>\n<p><strong>Namiq<\/strong><\/p>\n","protected":false},"excerpt":{"rendered":"<p>T&uuml;rkiy\u0259nin Hatay vilay\u0259tind\u0259 k&uuml;l\u0259 d&ouml;n\u0259n avtomobild\u0259n ki\u015fi meyiti tap\u0131l\u0131b. Ucnoqta.az \u0130HA-ya istinad\u0259n x\u0259b\u0259r verir ki, yan\u011f\u0131n Yaylada\u011f rayonunun Yuxar\u0131 Ox&ccedil;ular m\u0259h\u0259ll\u0259si yax\u0131nl\u0131\u011f\u0131nda qeyd\u0259 al\u0131n\u0131b. M\u0259lumata g&ouml;r\u0259, n\u0259qliyyat vasit\u0259sinin yanmas\u0131 il\u0259&hellip;<\/p>\n","protected":false},"author":1,"featured_media":251278,"comment_status":"open","ping_status":"open","sticky":false,"template":"","format":"standard","meta":{"_lmt_disableupdate":"","_lmt_disable":"","footnotes":""},"categories":[],"tags":[],"class_list":["post-79284","post","type-post","status-publish","format-standard","has-post-thumbnail","hentry"],"_links":{"self":[{"href":"https:\/\/ucnoqta.az\/index.php?rest_route=\/wp\/v2\/posts\/79284","targetHints":{"allow":["GET"]}}],"collection":[{"href":"https:\/\/ucnoqta.az\/index.php?rest_route=\/wp\/v2\/posts"}],"about":[{"href":"https:\/\/ucnoqta.az\/index.php?rest_route=\/wp\/v2\/types\/post"}],"author":[{"embeddable":true,"href":"https:\/\/ucnoqta.az\/index.php?rest_route=\/wp\/v2\/users\/1"}],"replies":[{"embeddable":true,"href":"https:\/\/ucnoqta.az\/index.php?rest_route=%2Fwp%2Fv2%2Fcomments&post=79284"}],"version-history":[{"count":0,"href":"https:\/\/ucnoqta.az\/index.php?rest_route=\/wp\/v2\/posts\/79284\/revisions"}],"wp:featuredmedia":[{"embeddable":true,"href":"https:\/\/ucnoqta.az\/index.php?rest_route=\/wp\/v2\/media\/251278"}],"wp:attachment":[{"href":"https:\/\/ucnoqta.az\/index.php?rest_route=%2Fwp%2Fv2%2Fmedia&parent=79284"}],"wp:term":[{"taxonomy":"category","embeddable":true,"href":"https:\/\/ucnoqta.az\/index.php?rest_route=%2Fwp%2Fv2%2Fcategories&post=79284"},{"taxonomy":"post_tag","embeddable":true,"href":"https:\/\/ucnoqta.az\/index.php?rest_route=%2Fwp%2Fv2%2Ftags&post=79284"}],"curies":[{"name":"wp","href":"https:\/\/api.w.org\/{rel}","templated":true}]}}