{"id":79283,"date":"2019-05-04T11:31:23","date_gmt":"2019-05-04T07:31:23","guid":{"rendered":""},"modified":"-0001-11-30T00:00:00","modified_gmt":"-0001-11-29T20:00:00","slug":"","status":"publish","type":"post","link":"https:\/\/ucnoqta.az\/?p=79283","title":{"rendered":"Bak\u0131da hoteld\u0259 Veran\u0131n ba\u015f\u0131na i\u015f g\u0259ldi &#8211; <font color=red><b>V\u0130DEO<\/b><\/font>"},"content":{"rendered":"<p><strong>Rusiyal\u0131 m\u0259\u015fhur pop ifa&ccedil;\u0131s\u0131 Vera Brejneva Bak\u0131ya g\u0259lib.<\/strong><\/p>\n<p>Ucnoqta.az Oxu.Az-a istinad\u0259n x\u0259b\u0259r verir ki, Vera Az\u0259rbaycana tan\u0131nm\u0131\u015f avtomobil brendl\u0259rind\u0259n birinin d\u0259v\u0259ti il\u0259 t\u0259\u015frif buyurub. R\u0259qqaslar\u0131 il\u0259 s\u0259hn\u0259d\u0259 \u015fou n&uuml;mayi\u015f etdir\u0259n Brejneva &ouml;nd\u0259n q\u0131sa, mavi, sin\u0259 v\u0259 ayaq dekolteli libasda olub.<\/p>\n<p>Konsert bit\u0259r-bitm\u0259z yor\u011funlu\u011funu &ccedil;\u0131xarmaq &uuml;&ccedil;&uuml;n qald\u0131\u011f\u0131 l&uuml;ks otel\u0259 geri d&ouml;n\u0259n ulduzun ba\u015f\u0131na i\u015f g\u0259lib. Bel\u0259 ki, s\u0259n\u0259t&ccedil;i &ccedil;\u0131xark\u0259n otel ota\u011f\u0131n\u0131n a&ccedil;arlar\u0131n\u0131 el\u0259 otaqda unudub.<\/p>\n<p>Qap\u0131 &ouml;n&uuml;nd\u0259 oturan s\u0259n\u0259t&ccedil;i zarafat\u0131ndan da qalmay\u0131b: &ldquo;G&ouml;rd&uuml;y&uuml;n&uuml;z kimi, i\u015fd\u0259n, bax, bel\u0259 qay\u0131tm\u0131\u015fam&rdquo;.<\/p>\n<p>Qap\u0131 &ouml;n&uuml;nd\u0259 &ccedil;ar\u0259siz qalan Brejnevan\u0131 dostlar\u0131 bir m&uuml;dd\u0259tlik &ouml;z otaqlar\u0131na d\u0259v\u0259t edibl\u0259r.<\/p>\n<p>Ya\u015fananlar\u0131 is\u0259 Vera telefonunun yadda\u015f\u0131na k&ouml;&ccedil;&uuml;r\u0259r\u0259k \u015f\u0259xsi instaqram hesab\u0131nda izl\u0259yicil\u0259ri il\u0259 b&ouml;l&uuml;\u015f&uuml;b.&nbsp;<\/p>\n<p><iframe allow=\"autoplay; encrypted-media\" allowfullscreen=\"\" frameborder=\"0\" height=\"315\" src=\"https:\/\/player.baku.tv\/embed\/8270\" width=\"560\"><\/iframe><\/p>\n","protected":false},"excerpt":{"rendered":"<p>Rusiyal\u0131 m\u0259\u015fhur pop ifa&ccedil;\u0131s\u0131 Vera Brejneva Bak\u0131ya g\u0259lib. Ucnoqta.az Oxu.Az-a istinad\u0259n x\u0259b\u0259r verir ki, Vera Az\u0259rbaycana tan\u0131nm\u0131\u015f avtomobil brendl\u0259rind\u0259n birinin d\u0259v\u0259ti il\u0259 t\u0259\u015frif buyurub. R\u0259qqaslar\u0131 il\u0259 s\u0259hn\u0259d\u0259 \u015fou n&uuml;mayi\u015f etdir\u0259n&hellip;<\/p>\n","protected":false},"author":1,"featured_media":251278,"comment_status":"open","ping_status":"open","sticky":false,"template":"","format":"standard","meta":{"_lmt_disableupdate":"","_lmt_disable":"","footnotes":""},"categories":[92],"tags":[],"class_list":["post-79283","post","type-post","status-publish","format-standard","has-post-thumbnail","hentry","category-maqazin"],"_links":{"self":[{"href":"https:\/\/ucnoqta.az\/index.php?rest_route=\/wp\/v2\/posts\/79283","targetHints":{"allow":["GET"]}}],"collection":[{"href":"https:\/\/ucnoqta.az\/index.php?rest_route=\/wp\/v2\/posts"}],"about":[{"href":"https:\/\/ucnoqta.az\/index.php?rest_route=\/wp\/v2\/types\/post"}],"author":[{"embeddable":true,"href":"https:\/\/ucnoqta.az\/index.php?rest_route=\/wp\/v2\/users\/1"}],"replies":[{"embeddable":true,"href":"https:\/\/ucnoqta.az\/index.php?rest_route=%2Fwp%2Fv2%2Fcomments&post=79283"}],"version-history":[{"count":0,"href":"https:\/\/ucnoqta.az\/index.php?rest_route=\/wp\/v2\/posts\/79283\/revisions"}],"wp:featuredmedia":[{"embeddable":true,"href":"https:\/\/ucnoqta.az\/index.php?rest_route=\/wp\/v2\/media\/251278"}],"wp:attachment":[{"href":"https:\/\/ucnoqta.az\/index.php?rest_route=%2Fwp%2Fv2%2Fmedia&parent=79283"}],"wp:term":[{"taxonomy":"category","embeddable":true,"href":"https:\/\/ucnoqta.az\/index.php?rest_route=%2Fwp%2Fv2%2Fcategories&post=79283"},{"taxonomy":"post_tag","embeddable":true,"href":"https:\/\/ucnoqta.az\/index.php?rest_route=%2Fwp%2Fv2%2Ftags&post=79283"}],"curies":[{"name":"wp","href":"https:\/\/api.w.org\/{rel}","templated":true}]}}