{"id":79277,"date":"2019-05-04T10:41:53","date_gmt":"2019-05-04T06:41:53","guid":{"rendered":""},"modified":"-0001-11-30T00:00:00","modified_gmt":"-0001-11-29T20:00:00","slug":"","status":"publish","type":"post","link":"https:\/\/ucnoqta.az\/?p=79277","title":{"rendered":"Az\u0259rbaycan NATO \u0259m\u0259kda\u015fl\u0131\u011f\u0131na dair X\u0130N-d\u0259n <font color=red><b>B\u018fYANAT<\/b><\/font>"},"content":{"rendered":"<p><strong>Az\u0259rbaycan Respublikas\u0131&nbsp;Xarici \u0130\u015fl\u0259r Nazirliyinin M\u0259tbuat Xidm\u0259ti idar\u0259sinin Az\u0259rbaycan\u0131n 1994-c&uuml; il 4 may tarixind\u0259 NATO-nun S&uuml;lh namin\u0259 T\u0259r\u0259fda\u015fl\u0131q proqram\u0131na qo\u015fulmas\u0131n\u0131n 25 illiyin\u0259 dair b\u0259yanat yay\u0131b.&nbsp;<\/strong><\/p>\n<p>X\u0130N-d\u0259n Ucnoqta.az-a veril\u0259n m\u0259lumata g&ouml;r\u0259, b\u0259yanatda deyilir:<\/p>\n<p>&quot;25 il bundan &ouml;nc\u0259 bu g&uuml;n Az\u0259rbaycan Respublikas\u0131 \u015eimali Atlantika M&uuml;qavil\u0259si T\u0259\u015fkilat\u0131n\u0131n (NATO) S&uuml;lh namin\u0259 T\u0259r\u0259fda\u015fl\u0131q proqram\u0131na qo\u015fulub. 1994-c&uuml; ilin 4 may tarixind\u0259 &Uuml;mummilli lider&nbsp;Heyd\u0259r \u018fliyevNATO-nun m\u0259nzil-q\u0259r\u0259rgah\u0131n\u0131 ziyar\u0259t etdi v\u0259 S&uuml;lh namin\u0259 T\u0259r\u0259fda\u015fl\u0131q (SNT) &Ccedil;\u0259r&ccedil;iv\u0259 s\u0259n\u0259dini imzalad\u0131. H\u0259min vaxtdan etibar\u0259n Az\u0259rbaycan Alyans il\u0259 m&ouml;hk\u0259m v\u0259 qar\u015f\u0131l\u0131ql\u0131 faydal\u0131 t\u0259r\u0259fda\u015fl\u0131q qurub.<\/p>\n<p>NATO il\u0259 \u0259m\u0259kda\u015fl\u0131q Az\u0259rbaycan\u0131n xarici v\u0259 t\u0259hl&uuml;k\u0259sizlik siyas\u0259tinin vacib istiqam\u0259tl\u0259rind\u0259n biridir. Az\u0259rbaycan NATO il\u0259 t\u0259r\u0259fda\u015fl\u0131\u011f\u0131n\u0131 b&uuml;t&uuml;n Avro-Atlantik m\u0259kan\u0131nda t\u0259hl&uuml;k\u0259sizlik, sabitlik v\u0259 t\u0259r\u0259qqiy\u0259 t&ouml;hf\u0259 verm\u0259k vasit\u0259si kimi g&ouml;r&uuml;r.<\/p>\n<p>SNT proqram\u0131 \u015f&uuml;bh\u0259siz ki, Alyans\u0131n \u0259n u\u011furlu proqramlar\u0131ndan biridir v\u0259 Az\u0259rbaycan Avro-Atlantik t\u0259hl&uuml;k\u0259sizliyin m&ouml;hk\u0259ml\u0259ndirilm\u0259sind\u0259 onun rolunu m&uuml;sb\u0259t qiym\u0259tl\u0259ndirir.<\/p>\n<p>NATO il\u0259 25 illik \u0259m\u0259kda\u015fl\u0131q SNT &Ccedil;\u0259r&ccedil;iv\u0259 S\u0259n\u0259dinin v\u0259 BMT Nizamnam\u0259sinin ortaq d\u0259y\u0259r v\u0259 prinsipl\u0259rin\u0259, \u0259l\u0259lx&uuml;sus d&ouml;vl\u0259tl\u0259rin siyasi m&uuml;st\u0259qilliyi, suverenliyi v\u0259 \u0259razi b&uuml;t&ouml;vl&uuml;y&uuml;n\u0259 h&ouml;rm\u0259t edilm\u0259si &ouml;hd\u0259liyin\u0259 s&ouml;yk\u0259nib. Az\u0259rbaycan NATO m&uuml;tt\u0259fiq &ouml;lk\u0259l\u0259ri t\u0259r\u0259find\u0259n t\u0259r\u0259fda\u015fl\u0131\u011f\u0131m\u0131z\u0131n ba\u015flan\u011f\u0131c\u0131ndan b\u0259ri zirv\u0259 b\u0259yannam\u0259l\u0259rind\u0259 qeyd edildiyi kimi, Az\u0259rbaycan Respublikas\u0131n\u0131n \u0259razi b&uuml;t&ouml;vl&uuml;y&uuml;n\u0259, m&uuml;st\u0259qilliyin\u0259 v\u0259 suverenliyin\u0259 v\u0259 m&uuml;naqi\u015f\u0259nin m\u0259hz bu prinsipl\u0259r \u0259sas\u0131nda h\u0259llin\u0259 davaml\u0131 d\u0259st\u0259k n&uuml;mayi\u015f olunmas\u0131n\u0131 alq\u0131\u015flay\u0131r.<\/p>\n<p>Az\u0259rbaycan NATO il\u0259 qar\u015f\u0131l\u0131ql\u0131 maraq do\u011furan bir &ccedil;ox m\u0259s\u0259l\u0259l\u0259r il\u0259 ba\u011fl\u0131 m&uuml;nt\u0259z\u0259m siyasi dialoqa b&ouml;y&uuml;k &ouml;n\u0259m verir v\u0259 Alyans il\u0259 m&uuml;xt\u0259lif m\u0259s\u0259l\u0259l\u0259r, x&uuml;susil\u0259 d\u0259 s&uuml;lhm\u0259raml\u0131 \u0259m\u0259liyyatlar v\u0259 m&uuml;dafi\u0259 islahatlar\u0131 &uuml;zr\u0259 praktiki \u0259m\u0259kda\u015fl\u0131\u011f\u0131 y&uuml;ks\u0259k d\u0259y\u0259rl\u0259ndirir.<\/p>\n<p>Az\u0259rbaycan v\u0259 NATO s&uuml;lhm\u0259raml\u0131 \u0259m\u0259liyyatlar sah\u0259sind\u0259 m&ouml;hk\u0259m t\u0259r\u0259fda\u015fl\u0131\u011fa malikdir. Az\u0259rbaycan NATO-nun r\u0259hb\u0259rlik etdiyi v\u0259 BMT T\u0259hl&uuml;k\u0259sizlik \u015euras\u0131n\u0131n mandat\u0131 \u0259sas\u0131nda f\u0259aliyy\u0259t g&ouml;st\u0259r\u0259n s&uuml;lhm\u0259raml\u0131 \u0259m\u0259liyyatlara ilk t&ouml;hf\u0259 ver\u0259n &ouml;lk\u0259l\u0259rd\u0259ndir. Hal-haz\u0131rda Az\u0259rbaycan \u018ffqan\u0131standa NATO missiyas\u0131na ordu birl\u0259\u015fm\u0259l\u0259ri il\u0259 t&ouml;hf\u0259 verir v\u0259 missiyaya d\u0259st\u0259k olaraq &ouml;z&uuml;n&uuml;n hava m\u0259kan\u0131ndan v\u0259 yer&uuml;st&uuml; kommunikasiya x\u0259ttl\u0259rind\u0259n istifad\u0259y\u0259 imkan yarad\u0131r. Az\u0259rbaycan, h\u0259m&ccedil;inin \u0259fqan t\u0259hl&uuml;k\u0259sizlik q&uuml;vv\u0259l\u0259rinin t\u0259limin\u0259 m&uuml;h&uuml;m maliyy\u0259 d\u0259st\u0259yini t\u0259min edir.<\/p>\n<p>Az\u0259rbaycan Avro-Atlantika \u0259razisind\u0259 v\u0259 onun h&uuml;dudlar\u0131ndan k\u0259narda s&uuml;lh v\u0259 t\u0259hl&uuml;k\u0259sizliyin qorunmas\u0131 m\u0259qs\u0259dil\u0259 S&uuml;lh namin\u0259 T\u0259r\u0259fda\u015fl\u0131q &ccedil;\u0259r&ccedil;iv\u0259sind\u0259 \u0259ld\u0259 etdiyi nailiyy\u0259tl\u0259r\u0259 \u0259saslanaraq v\u0259 onun prinsipl\u0259rin\u0259 v\u0259 m\u0259qs\u0259dl\u0259rin\u0259 uy\u011fun olaraq, NATO il\u0259 i\u015fl\u0259m\u0259y\u0259 davam etm\u0259kd\u0259 q\u0259tiyy\u0259tlidir&quot;.<\/p>\n","protected":false},"excerpt":{"rendered":"<p>Az\u0259rbaycan Respublikas\u0131&nbsp;Xarici \u0130\u015fl\u0259r Nazirliyinin M\u0259tbuat Xidm\u0259ti idar\u0259sinin Az\u0259rbaycan\u0131n 1994-c&uuml; il 4 may tarixind\u0259 NATO-nun S&uuml;lh namin\u0259 T\u0259r\u0259fda\u015fl\u0131q proqram\u0131na qo\u015fulmas\u0131n\u0131n 25 illiyin\u0259 dair b\u0259yanat yay\u0131b.&nbsp; X\u0130N-d\u0259n Ucnoqta.az-a veril\u0259n m\u0259lumata g&ouml;r\u0259, b\u0259yanatda&hellip;<\/p>\n","protected":false},"author":1,"featured_media":251278,"comment_status":"open","ping_status":"open","sticky":false,"template":"","format":"standard","meta":{"_lmt_disableupdate":"","_lmt_disable":"","footnotes":""},"categories":[86],"tags":[],"class_list":["post-79277","post","type-post","status-publish","format-standard","has-post-thumbnail","hentry","category-siyaset"],"_links":{"self":[{"href":"https:\/\/ucnoqta.az\/index.php?rest_route=\/wp\/v2\/posts\/79277","targetHints":{"allow":["GET"]}}],"collection":[{"href":"https:\/\/ucnoqta.az\/index.php?rest_route=\/wp\/v2\/posts"}],"about":[{"href":"https:\/\/ucnoqta.az\/index.php?rest_route=\/wp\/v2\/types\/post"}],"author":[{"embeddable":true,"href":"https:\/\/ucnoqta.az\/index.php?rest_route=\/wp\/v2\/users\/1"}],"replies":[{"embeddable":true,"href":"https:\/\/ucnoqta.az\/index.php?rest_route=%2Fwp%2Fv2%2Fcomments&post=79277"}],"version-history":[{"count":0,"href":"https:\/\/ucnoqta.az\/index.php?rest_route=\/wp\/v2\/posts\/79277\/revisions"}],"wp:featuredmedia":[{"embeddable":true,"href":"https:\/\/ucnoqta.az\/index.php?rest_route=\/wp\/v2\/media\/251278"}],"wp:attachment":[{"href":"https:\/\/ucnoqta.az\/index.php?rest_route=%2Fwp%2Fv2%2Fmedia&parent=79277"}],"wp:term":[{"taxonomy":"category","embeddable":true,"href":"https:\/\/ucnoqta.az\/index.php?rest_route=%2Fwp%2Fv2%2Fcategories&post=79277"},{"taxonomy":"post_tag","embeddable":true,"href":"https:\/\/ucnoqta.az\/index.php?rest_route=%2Fwp%2Fv2%2Ftags&post=79277"}],"curies":[{"name":"wp","href":"https:\/\/api.w.org\/{rel}","templated":true}]}}