{"id":79276,"date":"2019-05-04T10:37:26","date_gmt":"2019-05-04T06:37:26","guid":{"rendered":""},"modified":"-0001-11-30T00:00:00","modified_gmt":"-0001-11-29T20:00:00","slug":"","status":"publish","type":"post","link":"https:\/\/ucnoqta.az\/?p=79276","title":{"rendered":"Rusiya T\u00fcrkiy\u0259ni Su-57 d\u00f6y\u00fc\u015f q\u0131r\u0131c\u0131lar\u0131 il\u0259 t\u0259min etm\u0259y\u0259 haz\u0131rd\u0131r"},"content":{"rendered":"<p><strong>&ldquo;Rusiya T&uuml;rkiy\u0259y\u0259 be\u015finci n\u0259sil Su-57 d&ouml;y&uuml;\u015f q\u0131r\u0131c\u0131lar\u0131n\u0131 t\u0259dar&uuml;k etm\u0259y\u0259 haz\u0131rd\u0131r&rdquo;.<\/strong><\/p>\n<p>ONA-n\u0131n &quot;Anadolu&quot; agentliyin\u0259 istinad\u0259n verdiyi m\u0259lumata g&ouml;r\u0259, bunu Rusiyan\u0131n &ldquo;Rostex&rdquo; d&ouml;vl\u0259t korporasiyas\u0131n\u0131n ba\u015f direktoru Sergey &Ccedil;emezov bildirib.<\/p>\n<p>&quot;T&uuml;rkiy\u0259 t\u0259r\u0259fi&nbsp;s&ouml;z&uuml;ged\u0259n Rusiya texnologiyas\u0131na maraq g&ouml;st\u0259r\u0259rs\u0259, b&ouml;y&uuml;k m\u0259mnuniyy\u0259tl\u0259 bu t\u0259klifi q\u0259bul ed\u0259rik. Dig\u0259r texniki m\u0259s\u0259l\u0259l\u0259r g\u0259l\u0259c\u0259kd\u0259 t\u0259r\u0259fl\u0259r aras\u0131nda raz\u0131la\u015fd\u0131r\u0131la bil\u0259r &quot;, &#8211; dey\u0259 &Ccedil;emezov \u0259lav\u0259 edib.<\/p>\n<p>Rusiya t\u0259r\u0259fi art\u0131q Su-57 q\u0131r\u0131c\u0131lar\u0131n\u0131n ixrac\u0131n\u0131 t\u0259sdiq ed\u0259n s\u0259n\u0259dl\u0259rin haz\u0131r oldu\u011funu a&ccedil;\u0131qlay\u0131b.<\/p>\n<p>&ldquo;Rostex&rdquo;-in direktoru onu da bildirib ki, Rusiya t\u0259r\u0259fi eyni zamanda hava m&uuml;dafi\u0259 sah\u0259sind\u0259 \u0259m\u0259kda\u015fl\u0131\u011f\u0131n inki\u015faf etdirilm\u0259sind\u0259 maraql\u0131d\u0131r.&nbsp;<\/p>\n<p>S.&Ccedil;emezov \u0259lav\u0259 edib ki, r\u0259smi Moskva Ankara il\u0259 &ldquo;C-500 Prometey&rdquo; hava m&uuml;dafi\u0259 sistemi layih\u0259si &uuml;zr\u0259 t\u0259r\u0259fda\u015fl\u0131\u011f\u0131 d\u0259st\u0259kl\u0259yir.<\/p>\n","protected":false},"excerpt":{"rendered":"<p>&ldquo;Rusiya T&uuml;rkiy\u0259y\u0259 be\u015finci n\u0259sil Su-57 d&ouml;y&uuml;\u015f q\u0131r\u0131c\u0131lar\u0131n\u0131 t\u0259dar&uuml;k etm\u0259y\u0259 haz\u0131rd\u0131r&rdquo;. ONA-n\u0131n &quot;Anadolu&quot; agentliyin\u0259 istinad\u0259n verdiyi m\u0259lumata g&ouml;r\u0259, bunu Rusiyan\u0131n &ldquo;Rostex&rdquo; d&ouml;vl\u0259t korporasiyas\u0131n\u0131n ba\u015f direktoru Sergey &Ccedil;emezov bildirib. &quot;T&uuml;rkiy\u0259 t\u0259r\u0259fi&nbsp;s&ouml;z&uuml;ged\u0259n Rusiya&hellip;<\/p>\n","protected":false},"author":1,"featured_media":251278,"comment_status":"open","ping_status":"open","sticky":false,"template":"","format":"standard","meta":{"_lmt_disableupdate":"","_lmt_disable":"","footnotes":""},"categories":[89],"tags":[],"class_list":["post-79276","post","type-post","status-publish","format-standard","has-post-thumbnail","hentry","category-dunya-butun-xeberler"],"_links":{"self":[{"href":"https:\/\/ucnoqta.az\/index.php?rest_route=\/wp\/v2\/posts\/79276","targetHints":{"allow":["GET"]}}],"collection":[{"href":"https:\/\/ucnoqta.az\/index.php?rest_route=\/wp\/v2\/posts"}],"about":[{"href":"https:\/\/ucnoqta.az\/index.php?rest_route=\/wp\/v2\/types\/post"}],"author":[{"embeddable":true,"href":"https:\/\/ucnoqta.az\/index.php?rest_route=\/wp\/v2\/users\/1"}],"replies":[{"embeddable":true,"href":"https:\/\/ucnoqta.az\/index.php?rest_route=%2Fwp%2Fv2%2Fcomments&post=79276"}],"version-history":[{"count":0,"href":"https:\/\/ucnoqta.az\/index.php?rest_route=\/wp\/v2\/posts\/79276\/revisions"}],"wp:featuredmedia":[{"embeddable":true,"href":"https:\/\/ucnoqta.az\/index.php?rest_route=\/wp\/v2\/media\/251278"}],"wp:attachment":[{"href":"https:\/\/ucnoqta.az\/index.php?rest_route=%2Fwp%2Fv2%2Fmedia&parent=79276"}],"wp:term":[{"taxonomy":"category","embeddable":true,"href":"https:\/\/ucnoqta.az\/index.php?rest_route=%2Fwp%2Fv2%2Fcategories&post=79276"},{"taxonomy":"post_tag","embeddable":true,"href":"https:\/\/ucnoqta.az\/index.php?rest_route=%2Fwp%2Fv2%2Ftags&post=79276"}],"curies":[{"name":"wp","href":"https:\/\/api.w.org\/{rel}","templated":true}]}}