{"id":79274,"date":"2019-05-04T10:21:00","date_gmt":"2019-05-04T06:21:00","guid":{"rendered":""},"modified":"-0001-11-30T00:00:00","modified_gmt":"-0001-11-29T20:00:00","slug":"","status":"publish","type":"post","link":"https:\/\/ucnoqta.az\/?p=79274","title":{"rendered":"&#8220;Qalatasaray&#8221; ulduz futbol\u00e7unu transfer edir"},"content":{"rendered":"<p><strong>&quot;Qalatasaray&quot; yayda hey\u0259tin\u0259 daha bir ulduz futbol&ccedil;u qatacaq.<\/strong><\/p>\n<p>\u0130stanbul klubu Frank Riberini transfer etm\u0259y\u0259 haz\u0131rla\u015f\u0131r. Bu bar\u0259d\u0259 Almaniyan\u0131n \u0259n y&uuml;ks\u0259k tirajl\u0131 q\u0259zeti olan &quot;Bild&quot; m\u0259lumat yay\u0131b. Q\u0259zetin iddias\u0131na g&ouml;r\u0259, 12 m&ouml;vs&uuml;md&uuml; oynad\u0131\u011f\u0131 &quot;Bavariya&quot;dan ayr\u0131lma\u011fa haz\u0131rla\u015fan fransal\u0131 ulduza haz\u0131rda \u0259n real t\u0259klif &quot;Qalatasaray&quot;dand\u0131.<\/p>\n<p>Bildirilir ki, m&uuml;qavil\u0259si ba\u015fa &ccedil;atacaq Riberi &ouml;z&uuml; d\u0259 \u0130stanbula d&ouml;nm\u0259k v\u0259 yenid\u0259n &quot;sar\u0131-q\u0131rm\u0131z\u0131l\u0131&quot; forman\u0131 geyinm\u0259y\u0259 haz\u0131rd\u0131.<\/p>\n<p>Qeyd ed\u0259k ki, Riberi 2004\/05 m&ouml;vs&uuml;m&uuml;nd\u0259 &quot;Qalatasaray&quot;da &ccedil;\u0131x\u0131\u015f edib. \u0130stanbul klubunun fransal\u0131 ulduzdan ba\u015fqa &quot;Fulhem&quot;d\u0259n Rayan Babeli d\u0259 transfer ed\u0259c\u0259yi deyilir.\/fanat.az<\/p>\n","protected":false},"excerpt":{"rendered":"<p>&quot;Qalatasaray&quot; yayda hey\u0259tin\u0259 daha bir ulduz futbol&ccedil;u qatacaq. \u0130stanbul klubu Frank Riberini transfer etm\u0259y\u0259 haz\u0131rla\u015f\u0131r. Bu bar\u0259d\u0259 Almaniyan\u0131n \u0259n y&uuml;ks\u0259k tirajl\u0131 q\u0259zeti olan &quot;Bild&quot; m\u0259lumat yay\u0131b. Q\u0259zetin iddias\u0131na g&ouml;r\u0259, 12&hellip;<\/p>\n","protected":false},"author":1,"featured_media":251278,"comment_status":"open","ping_status":"open","sticky":false,"template":"","format":"standard","meta":{"_lmt_disableupdate":"","_lmt_disable":"","footnotes":""},"categories":[90],"tags":[],"class_list":["post-79274","post","type-post","status-publish","format-standard","has-post-thumbnail","hentry","category-idman-butun-xeberler"],"_links":{"self":[{"href":"https:\/\/ucnoqta.az\/index.php?rest_route=\/wp\/v2\/posts\/79274","targetHints":{"allow":["GET"]}}],"collection":[{"href":"https:\/\/ucnoqta.az\/index.php?rest_route=\/wp\/v2\/posts"}],"about":[{"href":"https:\/\/ucnoqta.az\/index.php?rest_route=\/wp\/v2\/types\/post"}],"author":[{"embeddable":true,"href":"https:\/\/ucnoqta.az\/index.php?rest_route=\/wp\/v2\/users\/1"}],"replies":[{"embeddable":true,"href":"https:\/\/ucnoqta.az\/index.php?rest_route=%2Fwp%2Fv2%2Fcomments&post=79274"}],"version-history":[{"count":0,"href":"https:\/\/ucnoqta.az\/index.php?rest_route=\/wp\/v2\/posts\/79274\/revisions"}],"wp:featuredmedia":[{"embeddable":true,"href":"https:\/\/ucnoqta.az\/index.php?rest_route=\/wp\/v2\/media\/251278"}],"wp:attachment":[{"href":"https:\/\/ucnoqta.az\/index.php?rest_route=%2Fwp%2Fv2%2Fmedia&parent=79274"}],"wp:term":[{"taxonomy":"category","embeddable":true,"href":"https:\/\/ucnoqta.az\/index.php?rest_route=%2Fwp%2Fv2%2Fcategories&post=79274"},{"taxonomy":"post_tag","embeddable":true,"href":"https:\/\/ucnoqta.az\/index.php?rest_route=%2Fwp%2Fv2%2Ftags&post=79274"}],"curies":[{"name":"wp","href":"https:\/\/api.w.org\/{rel}","templated":true}]}}