{"id":79272,"date":"2019-05-04T09:43:59","date_gmt":"2019-05-04T05:43:59","guid":{"rendered":""},"modified":"-0001-11-30T00:00:00","modified_gmt":"-0001-11-29T20:00:00","slug":"","status":"publish","type":"post","link":"https:\/\/ucnoqta.az\/?p=79272","title":{"rendered":"<font color=red><b>X\u0130N:<\/b><\/font> Zaman i\u015f\u011fal\u00e7\u0131 \u00f6lk\u0259 olan Erm\u0259nistana qar\u015f\u0131 i\u015fl\u0259yir"},"content":{"rendered":"<p><strong>Az\u0259rbaycan\u0131n Xarici \u0130\u015fl\u0259r Nazirliyi (X\u0130N) Erm\u0259nistan Xarici \u0130\u015fl\u0259r naziri Z&ouml;hrab Mnatsakanyan\u0131n \u0130srailin KAN NEWS d&ouml;vl\u0259t televiziya kanal\u0131na a&ccedil;\u0131qlamas\u0131na m&uuml;nasib\u0259t bildirib.<\/strong><\/p>\n<p>Bel\u0259 ki, erm\u0259ni nazir \u0130srailin silah ticar\u0259tinin erm\u0259ni xalq\u0131n\u0131n m\u0259hvin\u0259 g\u0259tirdiyini, habel\u0259 b&ouml;lg\u0259d\u0259 silah yar\u0131\u015f\u0131n\u0131n s&uuml;lh v\u0259 t\u0259hl&uuml;k\u0259sizliyin qurulmas\u0131na xidm\u0259t etm\u0259diyini s&ouml;yl\u0259yib.<\/p>\n<p>X\u0130N m\u0259tbuat katibi Leyla Abdullayeva Ucnoqta.az-a a&ccedil;\u0131qlamas\u0131nda bildirib&nbsp;ki, b&ouml;lg\u0259d\u0259 silah yar\u0131\u015f\u0131ndan dan\u0131\u015fark\u0259n ilk n&ouml;vb\u0259d\u0259 qeyd etm\u0259k laz\u0131md\u0131r ki, bu, Az\u0259rbaycan \u0259razil\u0259rinin be\u015fd\u0259 birini z\u0259bt ed\u0259n v\u0259 h\u0259rbi i\u015f\u011fal alt\u0131nda saxlayan Erm\u0259nistan Respublikas\u0131n\u0131n i\u015f\u011fal&ccedil;\u0131 siyas\u0259tinin n\u0259tic\u0259sidir:<\/p>\n<p>&quot;Az\u0259rbaycan\u0131n i\u015f\u011fal olunmu\u015f \u0259razil\u0259rind\u0259 tam etnik t\u0259mizl\u0259m\u0259nin h\u0259yata ke&ccedil;irilm\u0259si v\u0259ziyy\u0259ti daha da a\u011f\u0131rla\u015fd\u0131r\u0131r. Y\u0259ni burada s&ouml;hb\u0259t b&ouml;lg\u0259d\u0259 ba\u015f ver\u0259n hadis\u0259l\u0259rin s\u0259b\u0259b-n\u0259tic\u0259 \u0259laq\u0259l\u0259rind\u0259n gedir. \u018frazi iddialar\u0131, h\u0259rbi t\u0259cav&uuml;z v\u0259 i\u015f\u011fal, etnik t\u0259mizl\u0259m\u0259 siyas\u0259ti olmad\u0131\u011f\u0131 t\u0259qdird\u0259, h\u0259r hans\u0131 silah yar\u0131\u015f\u0131na da l&uuml;zum olmur v\u0259 bu da b&ouml;lg\u0259d\u0259 s&uuml;lh v\u0259 t\u0259hl&uuml;k\u0259sizliyin t\u0259min olunmas\u0131na g\u0259tirir.<\/p>\n<p>Erm\u0259nistan xarici i\u015fl\u0259r naziri &ouml;z m&uuml;sahib\u0259sind\u0259, h\u0259m&ccedil;inin qeyd edir ki, Erm\u0259nistan b&ouml;lg\u0259d\u0259 s&uuml;lh v\u0259 t\u0259hl&uuml;k\u0259sizliyin t\u0259min olunmas\u0131na, habel\u0259 b&uuml;t&uuml;n t\u0259r\u0259fl\u0259ri qane ed\u0259c\u0259k \u0259saslarda m&uuml;naqi\u015f\u0259nin s&uuml;lh yolu il\u0259 h\u0259llin\u0259 sadiqdir.<\/p>\n<p>Lakin, &ldquo;b&uuml;t&uuml;n t\u0259r\u0259fl\u0259ri qane ed\u0259c\u0259k&rdquo; h\u0259ll yolunun m\u0259qbullu\u011fundan dan\u0131\u015fan nazir Mnatsakanyan bil\u0259r\u0259kd\u0259n beyn\u0259lxalq ictimaiyy\u0259tin Az\u0259rbaycan\u0131n i\u015f\u011fal olunmu\u015f \u0259razil\u0259rinin d\u0259rhal, tam v\u0259 qeyd-\u015f\u0259rtsiz azad olunmas\u0131, &ouml;z evl\u0259rind\u0259n zorla qovulmu\u015f az\u0259rbaycanl\u0131 \u0259halinin, o c&uuml;ml\u0259d\u0259n m&uuml;naqi\u015f\u0259nin h\u0259llind\u0259 maraql\u0131 iki t\u0259r\u0259fd\u0259n biri olan Az\u0259rbaycan\u0131n Da\u011fl\u0131q Qaraba\u011f b&ouml;lg\u0259sinin az\u0259rbaycanl\u0131 icmas\u0131n\u0131n bu \u0259razil\u0259r\u0259 geri qay\u0131tmas\u0131 il\u0259 ba\u011fl\u0131 prinsipial m&ouml;vqeyini gizl\u0259dir. M\u0259lum oldu\u011fu kimi, beyn\u0259lxalq t\u0259\u015fkilatlar\u0131n b&uuml;t&uuml;n m&uuml;vafiq q\u0259rar v\u0259 q\u0259tnam\u0259l\u0259rind\u0259, o c&uuml;ml\u0259d\u0259n, ilk n&ouml;vb\u0259d\u0259 BMT T\u0259hl&uuml;k\u0259sizlik \u015euras\u0131 v\u0259 Ba\u015f Assambleyas\u0131n\u0131n q\u0259tnam\u0259l\u0259rind\u0259 Az\u0259rbaycan\u0131n suverenliyin\u0259 v\u0259 beyn\u0259lxalq tan\u0131nm\u0131\u015f s\u0259rh\u0259dl\u0259ri &ccedil;\u0259r&ccedil;iv\u0259sind\u0259 \u0259razi b&uuml;t&ouml;vl&uuml;y&uuml;n\u0259 d\u0259st\u0259k ifad\u0259 olunur.<\/p>\n<p>Haz\u0131rda h\u0259l\u0259 ki, siyasi irad\u0259nin n&uuml;mayi\u015f etdirilm\u0259si yolu il\u0259 m&uuml;naqi\u015f\u0259nin s&uuml;lh yolu il\u0259 h\u0259lli &uuml;zr\u0259 m&uuml;vafiq \u015f\u0259rtl\u0259rin \u0259ld\u0259 olunmas\u0131 &uuml;&ccedil;&uuml;n dan\u0131\u015f\u0131qlar prosesinin ir\u0259li apar\u0131lmas\u0131nda konkret n\u0259tic\u0259l\u0259r \u0259ld\u0259 em\u0259k olar. Az\u0259rbaycan, el\u0259c\u0259 d\u0259 b&uuml;t&uuml;n beyn\u0259lxalq ictimaiyy\u0259tin Erm\u0259nistan\u0131n siyasi r\u0259hb\u0259rliyind\u0259n g&ouml;zl\u0259ntisi budur. Lakin zaman g&ouml;zl\u0259mir v\u0259 ayd\u0131nd\u0131r ki, o, i\u015f\u011fal&ccedil;\u0131 &ouml;lk\u0259 olan Erm\u0259nistana qar\u015f\u0131 i\u015fl\u0259yir&quot;.<\/p>\n","protected":false},"excerpt":{"rendered":"<p>Az\u0259rbaycan\u0131n Xarici \u0130\u015fl\u0259r Nazirliyi (X\u0130N) Erm\u0259nistan Xarici \u0130\u015fl\u0259r naziri Z&ouml;hrab Mnatsakanyan\u0131n \u0130srailin KAN NEWS d&ouml;vl\u0259t televiziya kanal\u0131na a&ccedil;\u0131qlamas\u0131na m&uuml;nasib\u0259t bildirib. Bel\u0259 ki, erm\u0259ni nazir \u0130srailin silah ticar\u0259tinin erm\u0259ni xalq\u0131n\u0131n m\u0259hvin\u0259&hellip;<\/p>\n","protected":false},"author":1,"featured_media":251278,"comment_status":"open","ping_status":"open","sticky":false,"template":"","format":"standard","meta":{"_lmt_disableupdate":"","_lmt_disable":"","footnotes":""},"categories":[86],"tags":[],"class_list":["post-79272","post","type-post","status-publish","format-standard","has-post-thumbnail","hentry","category-siyaset"],"_links":{"self":[{"href":"https:\/\/ucnoqta.az\/index.php?rest_route=\/wp\/v2\/posts\/79272","targetHints":{"allow":["GET"]}}],"collection":[{"href":"https:\/\/ucnoqta.az\/index.php?rest_route=\/wp\/v2\/posts"}],"about":[{"href":"https:\/\/ucnoqta.az\/index.php?rest_route=\/wp\/v2\/types\/post"}],"author":[{"embeddable":true,"href":"https:\/\/ucnoqta.az\/index.php?rest_route=\/wp\/v2\/users\/1"}],"replies":[{"embeddable":true,"href":"https:\/\/ucnoqta.az\/index.php?rest_route=%2Fwp%2Fv2%2Fcomments&post=79272"}],"version-history":[{"count":0,"href":"https:\/\/ucnoqta.az\/index.php?rest_route=\/wp\/v2\/posts\/79272\/revisions"}],"wp:featuredmedia":[{"embeddable":true,"href":"https:\/\/ucnoqta.az\/index.php?rest_route=\/wp\/v2\/media\/251278"}],"wp:attachment":[{"href":"https:\/\/ucnoqta.az\/index.php?rest_route=%2Fwp%2Fv2%2Fmedia&parent=79272"}],"wp:term":[{"taxonomy":"category","embeddable":true,"href":"https:\/\/ucnoqta.az\/index.php?rest_route=%2Fwp%2Fv2%2Fcategories&post=79272"},{"taxonomy":"post_tag","embeddable":true,"href":"https:\/\/ucnoqta.az\/index.php?rest_route=%2Fwp%2Fv2%2Ftags&post=79272"}],"curies":[{"name":"wp","href":"https:\/\/api.w.org\/{rel}","templated":true}]}}