{"id":79264,"date":"2019-05-03T22:25:06","date_gmt":"2019-05-03T18:25:06","guid":{"rendered":""},"modified":"-0001-11-30T00:00:00","modified_gmt":"-0001-11-29T20:00:00","slug":"","status":"publish","type":"post","link":"https:\/\/ucnoqta.az\/?p=79264","title":{"rendered":"Heyd\u0259r \u018fliyev Fondu n\u00f6vb\u0259ti konsert proqram\u0131n\u0131 \u015e\u0259kid\u0259 t\u0259\u015fkil edib <font color=red><b>-Foto<\/b><\/font>"},"content":{"rendered":"<p><strong>Az\u0259rbaycan xalq\u0131n\u0131n &uuml;mummilli lideri Heyd\u0259r \u018fliyevin do\u011fum g&uuml;n&uuml; v\u0259 Heyd\u0259r \u018fliyev Fondunun 15 illiyi m&uuml;nasib\u0259til\u0259 n&ouml;vb\u0259ti konsert proqram\u0131 may\u0131n 3-d\u0259 \u015e\u0259ki \u015f\u0259h\u0259rind\u0259 realla\u015f\u0131b.<\/strong><\/p>\n<p>Fonddan Trend-\u0259 veril\u0259n m\u0259lumata g&ouml;r\u0259, Heyd\u0259r \u018fliyev M\u0259rk\u0259zinin qar\u015f\u0131s\u0131nda t\u0259\u015fkil olunan konsertd\u0259 tan\u0131nm\u0131\u015f m&uuml;\u011f\u0259nnil\u0259rin v\u0259 g\u0259nc istedadlar\u0131n ifas\u0131nda xalq, b\u0259st\u0259kar v\u0259 estrada mahn\u0131lar\u0131, m&uuml;xt\u0259lif r\u0259qsl\u0259r t\u0259qdim edilib.<\/p>\n<p>T\u0259dbird\u0259 bildirilib ki, yarand\u0131\u011f\u0131 ilk g&uuml;nd\u0259n ba\u015flayaraq Heyd\u0259r \u018fliyev Fondunun f\u0259aliyy\u0259tind\u0259 xeyirxahl\u0131q, m\u0259rh\u0259m\u0259t, humanistlik, milli-m\u0259n\u0259vi d\u0259y\u0259rl\u0259r\u0259 sadiqlik prioritet istiqam\u0259tl\u0259r kimi m&uuml;\u0259yy\u0259n edilib. On be\u015f illik f\u0259aliyy\u0259ti d&ouml;vr&uuml;nd\u0259 Fond &uuml;mummilli lider Heyd\u0259r \u018fliyevin Az\u0259rbaycan\u0131n sosial-iqtisadi, m\u0259d\u0259ni t\u0259r\u0259qqisi, d&uuml;nya birliyin\u0259 inteqrasiyas\u0131, xalq\u0131m\u0131z\u0131n maddi rifah\u0131n\u0131n yax\u015f\u0131la\u015fmas\u0131 namin\u0259 m&uuml;\u0259yy\u0259n etdiyi, i\u015fl\u0259yib haz\u0131rlad\u0131\u011f\u0131 siyas\u0259tin &ouml;yr\u0259nilm\u0259sin\u0259, t\u0259bli\u011fin\u0259 v\u0259 bu ideyalar\u0131n h\u0259yata ke&ccedil;irilm\u0259sin\u0259 b&ouml;y&uuml;k d\u0259st\u0259k verib.<\/p>\n<p>&Ouml;t\u0259n 15 ild\u0259 Heyd\u0259r \u018fliyev Fondu milli-m\u0259n\u0259vi d\u0259y\u0259rl\u0259rin qorunmas\u0131, Az\u0259rbaycan m\u0259d\u0259niyy\u0259tinin geni\u015f t\u0259bli\u011f olunmas\u0131 il\u0259 ba\u011fl\u0131 i\u015fl\u0259rin apar\u0131lmas\u0131 istiqam\u0259tind\u0259, o c&uuml;ml\u0259d\u0259n \u0259halinin rifah\u0131n\u0131n y&uuml;ks\u0259ldilm\u0259sin\u0259 xidm\u0259t ed\u0259n geni\u015fmiqyasl\u0131 proqram v\u0259 layih\u0259l\u0259r h\u0259yata ke&ccedil;irib. Fondun \u0259sas missiyas\u0131 &uuml;mummilli lider Heyd\u0259r \u018fliyevin h\u0259yat v\u0259 f\u0259aliyy\u0259tinin, ideyalar\u0131n\u0131n &ouml;yr\u0259nilm\u0259si v\u0259 t\u0259bli\u011fi il\u0259 yana\u015f\u0131, &ouml;lk\u0259 daxilind\u0259 v\u0259 xaricd\u0259 sosial-iqtisadi v\u0259 humanitar inki\u015faf\u0131 d\u0259st\u0259kl\u0259m\u0259kdir.<\/p>\n<p>Qeyd ed\u0259k ki, Az\u0259rbaycan xalq\u0131n\u0131n &uuml;mummilli lideri Heyd\u0259r \u018fliyevin do\u011fum g&uuml;n&uuml; v\u0259 Heyd\u0259r \u018fliyev Fondunun 15 illiyi m&uuml;nasib\u0259til\u0259 b&ouml;lg\u0259l\u0259rd\u0259 silsil\u0259 t\u0259dbirl\u0259r\u0259 may\u0131n 2-d\u0259 A\u011fdam rayonunun Quzanl\u0131 q\u0259s\u0259b\u0259sind\u0259n start verilib. \u015e\u0259kid\u0259n sonra may\u0131n 4-d\u0259 G\u0259nc\u0259d\u0259, may\u0131n 5-d\u0259 Xa&ccedil;mazda, may\u0131n 6-da \u015eamax\u0131da, may\u0131n 7-d\u0259 is\u0259 L\u0259nk\u0259ran v\u0259 Nax&ccedil;\u0131vanda konsertl\u0259r t\u0259\u015fkil olunacaq. Konsertl\u0259rd\u0259 mu\u011fam, folklor, a\u015f\u0131q, estrada v\u0259 pop musiqi n&uuml;mun\u0259l\u0259ri, m&uuml;xt\u0259lif r\u0259qsl\u0259r t\u0259qdim olunacaq.<\/p>\n","protected":false},"excerpt":{"rendered":"<p>Az\u0259rbaycan xalq\u0131n\u0131n &uuml;mummilli lideri Heyd\u0259r \u018fliyevin do\u011fum g&uuml;n&uuml; v\u0259 Heyd\u0259r \u018fliyev Fondunun 15 illiyi m&uuml;nasib\u0259til\u0259 n&ouml;vb\u0259ti konsert proqram\u0131 may\u0131n 3-d\u0259 \u015e\u0259ki \u015f\u0259h\u0259rind\u0259 realla\u015f\u0131b. Fonddan Trend-\u0259 veril\u0259n m\u0259lumata g&ouml;r\u0259, Heyd\u0259r \u018fliyev&hellip;<\/p>\n","protected":false},"author":1,"featured_media":251278,"comment_status":"open","ping_status":"open","sticky":false,"template":"","format":"standard","meta":{"_lmt_disableupdate":"","_lmt_disable":"","footnotes":""},"categories":[91],"tags":[],"class_list":["post-79264","post","type-post","status-publish","format-standard","has-post-thumbnail","hentry","category-olkeici"],"_links":{"self":[{"href":"https:\/\/ucnoqta.az\/index.php?rest_route=\/wp\/v2\/posts\/79264","targetHints":{"allow":["GET"]}}],"collection":[{"href":"https:\/\/ucnoqta.az\/index.php?rest_route=\/wp\/v2\/posts"}],"about":[{"href":"https:\/\/ucnoqta.az\/index.php?rest_route=\/wp\/v2\/types\/post"}],"author":[{"embeddable":true,"href":"https:\/\/ucnoqta.az\/index.php?rest_route=\/wp\/v2\/users\/1"}],"replies":[{"embeddable":true,"href":"https:\/\/ucnoqta.az\/index.php?rest_route=%2Fwp%2Fv2%2Fcomments&post=79264"}],"version-history":[{"count":0,"href":"https:\/\/ucnoqta.az\/index.php?rest_route=\/wp\/v2\/posts\/79264\/revisions"}],"wp:featuredmedia":[{"embeddable":true,"href":"https:\/\/ucnoqta.az\/index.php?rest_route=\/wp\/v2\/media\/251278"}],"wp:attachment":[{"href":"https:\/\/ucnoqta.az\/index.php?rest_route=%2Fwp%2Fv2%2Fmedia&parent=79264"}],"wp:term":[{"taxonomy":"category","embeddable":true,"href":"https:\/\/ucnoqta.az\/index.php?rest_route=%2Fwp%2Fv2%2Fcategories&post=79264"},{"taxonomy":"post_tag","embeddable":true,"href":"https:\/\/ucnoqta.az\/index.php?rest_route=%2Fwp%2Fv2%2Ftags&post=79264"}],"curies":[{"name":"wp","href":"https:\/\/api.w.org\/{rel}","templated":true}]}}