{"id":79258,"date":"2019-05-03T20:05:32","date_gmt":"2019-05-03T16:05:32","guid":{"rendered":""},"modified":"-0001-11-30T00:00:00","modified_gmt":"-0001-11-29T20:00:00","slug":"","status":"publish","type":"post","link":"https:\/\/ucnoqta.az\/?p=79258","title":{"rendered":"T\u00fcrkiy\u0259 NATO-nu t\u0259rk etdi \u2013 <font color=red><b>Bel\u00e7ikada KR\u0130T\u0130K Q\u018fRAR<\/b><\/font>"},"content":{"rendered":"<p><strong>NATO-da komandanl\u0131\u011f\u0131n t\u0259hvil-t\u0259slim t\u0259dbirind\u0259 skandal ya\u015fan\u0131b.<\/strong><\/p>\n<p>NATO &uuml;zv&uuml; olmamas\u0131na baxmayaraq, t\u0259dbir\u0259 Kiprin yunan t\u0259r\u0259fi d\u0259 d\u0259v\u0259t edilib. Buna etiraz olaraq t&uuml;rk zabitl\u0259r NATO-nun t\u0259dbirini t\u0259rk edib.<\/p>\n<p>Qeyd ed\u0259k ki, t\u0259dbir Bel&ccedil;ikan\u0131n Mons \u015f\u0259h\u0259rind\u0259 ba\u015f tutub v\u0259 NATO-nun Avropa M&uuml;tt\u0259fiq Komandanl\u0131\u011f\u0131n\u0131n t\u0259hvil-t\u0259slimi m\u0259qs\u0259dil\u0259 ke&ccedil;irilib. T\u0259dbird\u0259 NATO-nun Ba\u015f katibi d\u0259 i\u015ftirak edib.<\/p>\n<p>Toplant\u0131ya Kipr Respublikas\u0131n\u0131n hey\u0259tinin d\u0259v\u0259t olunmas\u0131 s\u0259b\u0259bind\u0259n t&uuml;rk diplomat v\u0259 zabitl\u0259r NATO-nun t\u0259dbirini t\u0259rk edib. (teleqraf.com)<\/p>\n","protected":false},"excerpt":{"rendered":"<p>NATO-da komandanl\u0131\u011f\u0131n t\u0259hvil-t\u0259slim t\u0259dbirind\u0259 skandal ya\u015fan\u0131b. NATO &uuml;zv&uuml; olmamas\u0131na baxmayaraq, t\u0259dbir\u0259 Kiprin yunan t\u0259r\u0259fi d\u0259 d\u0259v\u0259t edilib. Buna etiraz olaraq t&uuml;rk zabitl\u0259r NATO-nun t\u0259dbirini t\u0259rk edib. Qeyd ed\u0259k ki, t\u0259dbir&hellip;<\/p>\n","protected":false},"author":1,"featured_media":251278,"comment_status":"open","ping_status":"open","sticky":false,"template":"","format":"standard","meta":{"_lmt_disableupdate":"","_lmt_disable":"","footnotes":""},"categories":[89],"tags":[],"class_list":["post-79258","post","type-post","status-publish","format-standard","has-post-thumbnail","hentry","category-dunya-butun-xeberler"],"_links":{"self":[{"href":"https:\/\/ucnoqta.az\/index.php?rest_route=\/wp\/v2\/posts\/79258","targetHints":{"allow":["GET"]}}],"collection":[{"href":"https:\/\/ucnoqta.az\/index.php?rest_route=\/wp\/v2\/posts"}],"about":[{"href":"https:\/\/ucnoqta.az\/index.php?rest_route=\/wp\/v2\/types\/post"}],"author":[{"embeddable":true,"href":"https:\/\/ucnoqta.az\/index.php?rest_route=\/wp\/v2\/users\/1"}],"replies":[{"embeddable":true,"href":"https:\/\/ucnoqta.az\/index.php?rest_route=%2Fwp%2Fv2%2Fcomments&post=79258"}],"version-history":[{"count":0,"href":"https:\/\/ucnoqta.az\/index.php?rest_route=\/wp\/v2\/posts\/79258\/revisions"}],"wp:featuredmedia":[{"embeddable":true,"href":"https:\/\/ucnoqta.az\/index.php?rest_route=\/wp\/v2\/media\/251278"}],"wp:attachment":[{"href":"https:\/\/ucnoqta.az\/index.php?rest_route=%2Fwp%2Fv2%2Fmedia&parent=79258"}],"wp:term":[{"taxonomy":"category","embeddable":true,"href":"https:\/\/ucnoqta.az\/index.php?rest_route=%2Fwp%2Fv2%2Fcategories&post=79258"},{"taxonomy":"post_tag","embeddable":true,"href":"https:\/\/ucnoqta.az\/index.php?rest_route=%2Fwp%2Fv2%2Ftags&post=79258"}],"curies":[{"name":"wp","href":"https:\/\/api.w.org\/{rel}","templated":true}]}}