{"id":79252,"date":"2019-05-03T18:28:31","date_gmt":"2019-05-03T14:28:31","guid":{"rendered":""},"modified":"-0001-11-30T00:00:00","modified_gmt":"-0001-11-29T20:00:00","slug":"","status":"publish","type":"post","link":"https:\/\/ucnoqta.az\/?p=79252","title":{"rendered":"<font color=red><b>\u201cNormal adam olsayd\u0131n, \u018fliyevin m\u0259zar\u0131nda diz \u00e7\u00f6k\u00fcb \u00fczr ist\u0259y\u0259rdin\u201d<\/b><\/font>"},"content":{"rendered":"<p><strong>Az\u0259rbaycan\u0131n ke&ccedil;mi\u015f T\u0259hsil naziri Misir M\u0259rdanov yenic\u0259 h\u0259bsd\u0259n &ccedil;\u0131xan sabiq S\u0259hiyy\u0259 naziri \u018fli \u0130nsanova qar\u015f\u0131 b\u0259yanat verib.<\/strong><\/p>\n<p>M.M\u0259rdanov bildirib ki, \u018f.\u0130nsanov siyas\u0259t\u0259 qay\u0131tsa da, he&ccedil; n\u0259 ed\u0259 bilm\u0259y\u0259c\u0259k:<\/p>\n<p>&ldquo;\u018fli \u0130nsanov, vaxtil\u0259 d&ouml;yd&uuml;y&uuml;n, s&ouml;yd&uuml;y&uuml;n, t\u0259hqir etdiyin, a\u015fa\u011f\u0131lad\u0131\u011f\u0131n insanlarla indi nec\u0259 bir yerd\u0259 m\u0259sl\u0259h\u0259tl\u0259\u015fib, i\u015f aparacaqsan? Onda camaat\u0131n nifr\u0259tinin qar\u015f\u0131s\u0131nda dayana bil\u0259c\u0259ks\u0259nmi, \u018fli \u0130nsanov? H\u0259l\u0259 ki, gec deyil, bu yaramaz \u0259m\u0259ll\u0259rd\u0259n &ccedil;\u0259kinm\u0259k laz\u0131md\u0131r. 73 ya\u015f\u0131nda olan bir insan n\u0259v\u0259l\u0259ri, n\u0259tic\u0259l\u0259ri il\u0259 m\u0259\u015f\u011ful olsun. S\u0259n t\u0259z\u0259d\u0259n aktiv siyas\u0259t\u0259 qo\u015fula bilm\u0259zs\u0259n. Qo\u015fulsan da, he&ccedil; bir \u015fey ed\u0259 bilm\u0259zs\u0259n. M\u0259n s\u0259ni ba\u015fa d&uuml;\u015f\u0259 bilmir\u0259m. S\u0259n normal adam olsayd\u0131n, c\u0259nab prezidentin humanistliyi n\u0259tic\u0259sind\u0259 h\u0259bsd\u0259n &ccedil;\u0131xandan sonra vaxtil\u0259 s\u0259n\u0259 &ccedil;&ouml;r\u0259k vermi\u015f, s\u0259ni nazir etmi\u015f Heyd\u0259r \u018fliyevin m\u0259zar\u0131n\u0131 ziyar\u0259t ed\u0259rdin. Onun m\u0259zar\u0131 qar\u015f\u0131s\u0131nda diz &ccedil;&ouml;k&uuml;b &uuml;zr ist\u0259y\u0259rdin, dey\u0259rdin m\u0259ni ba\u011f\u0131\u015fla. Onda camaat s\u0259ni ba\u015fa d&uuml;\u015f\u0259rdi&rdquo;.\/qafqazinfo<\/p>\n","protected":false},"excerpt":{"rendered":"<p>Az\u0259rbaycan\u0131n ke&ccedil;mi\u015f T\u0259hsil naziri Misir M\u0259rdanov yenic\u0259 h\u0259bsd\u0259n &ccedil;\u0131xan sabiq S\u0259hiyy\u0259 naziri \u018fli \u0130nsanova qar\u015f\u0131 b\u0259yanat verib. M.M\u0259rdanov bildirib ki, \u018f.\u0130nsanov siyas\u0259t\u0259 qay\u0131tsa da, he&ccedil; n\u0259 ed\u0259 bilm\u0259y\u0259c\u0259k: &ldquo;\u018fli \u0130nsanov,&hellip;<\/p>\n","protected":false},"author":1,"featured_media":251278,"comment_status":"open","ping_status":"open","sticky":false,"template":"","format":"standard","meta":{"_lmt_disableupdate":"","_lmt_disable":"","footnotes":""},"categories":[],"tags":[],"class_list":["post-79252","post","type-post","status-publish","format-standard","has-post-thumbnail","hentry"],"_links":{"self":[{"href":"https:\/\/ucnoqta.az\/index.php?rest_route=\/wp\/v2\/posts\/79252","targetHints":{"allow":["GET"]}}],"collection":[{"href":"https:\/\/ucnoqta.az\/index.php?rest_route=\/wp\/v2\/posts"}],"about":[{"href":"https:\/\/ucnoqta.az\/index.php?rest_route=\/wp\/v2\/types\/post"}],"author":[{"embeddable":true,"href":"https:\/\/ucnoqta.az\/index.php?rest_route=\/wp\/v2\/users\/1"}],"replies":[{"embeddable":true,"href":"https:\/\/ucnoqta.az\/index.php?rest_route=%2Fwp%2Fv2%2Fcomments&post=79252"}],"version-history":[{"count":0,"href":"https:\/\/ucnoqta.az\/index.php?rest_route=\/wp\/v2\/posts\/79252\/revisions"}],"wp:featuredmedia":[{"embeddable":true,"href":"https:\/\/ucnoqta.az\/index.php?rest_route=\/wp\/v2\/media\/251278"}],"wp:attachment":[{"href":"https:\/\/ucnoqta.az\/index.php?rest_route=%2Fwp%2Fv2%2Fmedia&parent=79252"}],"wp:term":[{"taxonomy":"category","embeddable":true,"href":"https:\/\/ucnoqta.az\/index.php?rest_route=%2Fwp%2Fv2%2Fcategories&post=79252"},{"taxonomy":"post_tag","embeddable":true,"href":"https:\/\/ucnoqta.az\/index.php?rest_route=%2Fwp%2Fv2%2Ftags&post=79252"}],"curies":[{"name":"wp","href":"https:\/\/api.w.org\/{rel}","templated":true}]}}