{"id":79249,"date":"2019-05-03T18:09:01","date_gmt":"2019-05-03T14:09:01","guid":{"rendered":""},"modified":"-0001-11-30T00:00:00","modified_gmt":"-0001-11-29T20:00:00","slug":"","status":"publish","type":"post","link":"https:\/\/ucnoqta.az\/?p=79249","title":{"rendered":"Qay\u0131nanas\u0131n\u0131n yan\u0131nda \u0259rini \u00f6ld\u00fcr\u0259n qad\u0131na \u2014<font color=red><b> H\u00d6KM OXUNDU<\/b><\/font>"},"content":{"rendered":"<p><strong>Bu g&uuml;n Bak\u0131 A\u011f\u0131r Cinay\u0259tl\u0259r M\u0259hk\u0259m\u0259sind\u0259 Xa&ccedil;mazda q\u0259tl t&ouml;r\u0259tm\u0259kd\u0259 t\u0259qsirl\u0259ndiril\u0259n V&uuml;sal\u0259 Mirz\u0259yevan\u0131n cinay\u0259t i\u015fi &uuml;zr\u0259 m\u0259hk\u0259m\u0259 iclas\u0131 ba\u015fa &ccedil;at\u0131b.<\/strong><\/p>\n<p>Hakim Rasim Sad\u0131xovun s\u0259drliyi il\u0259 ke&ccedil;iril\u0259n prosesd\u0259 h&ouml;km oxunub.<\/p>\n<p>Qeyd ed\u0259k ki, q\u0259tl hadis\u0259si &ouml;t\u0259n ilin iyul ay\u0131nda Xa&ccedil;maz rayonunun Xudat \u015f\u0259h\u0259rind\u0259 ba\u015f verib.<\/p>\n<p>\u015e\u0259h\u0259r sakini Mirz\u0259yeva V&uuml;sal\u0259 Tahir q\u0131z\u0131 h\u0259yat yolda\u015f\u0131 Osmanov Maarif Tofiq o\u011flu v\u0259 onun anas\u0131 Osmanova Narxan\u0131m \u0130smay\u0131l q\u0131z\u0131 il\u0259 ail\u0259 m&uuml;naqi\u015f\u0259si z\u0259minind\u0259 m&uuml;bahis\u0259 edib.<\/p>\n<p>V.Mirz\u0259yeva m&uuml;bahis\u0259 n\u0259tic\u0259sind\u0259 m\u0259tb\u0259x b\u0131&ccedil;a\u011f\u0131 il\u0259 M.Osmanova d&ouml;\u015f q\u0259f\u0259sind\u0259n z\u0259rb\u0259l\u0259r endirib. Hadis\u0259 n\u0259tic\u0259sind\u0259 M.Osmanov hadis\u0259 yerind\u0259 &ouml;l&uuml;b.<\/p>\n<p>M\u0259hk\u0259m\u0259nin h&ouml;km&uuml; il\u0259 V&uuml;sal\u0259 Mirz\u0259yeva 11 il m&uuml;dd\u0259tin\u0259 azadl\u0131qdan m\u0259hrum edilib.\/olke.az<\/p>\n<p>&nbsp;<\/p>\n","protected":false},"excerpt":{"rendered":"<p>Bu g&uuml;n Bak\u0131 A\u011f\u0131r Cinay\u0259tl\u0259r M\u0259hk\u0259m\u0259sind\u0259 Xa&ccedil;mazda q\u0259tl t&ouml;r\u0259tm\u0259kd\u0259 t\u0259qsirl\u0259ndiril\u0259n V&uuml;sal\u0259 Mirz\u0259yevan\u0131n cinay\u0259t i\u015fi &uuml;zr\u0259 m\u0259hk\u0259m\u0259 iclas\u0131 ba\u015fa &ccedil;at\u0131b. Hakim Rasim Sad\u0131xovun s\u0259drliyi il\u0259 ke&ccedil;iril\u0259n prosesd\u0259 h&ouml;km oxunub. Qeyd ed\u0259k&hellip;<\/p>\n","protected":false},"author":1,"featured_media":251278,"comment_status":"open","ping_status":"open","sticky":false,"template":"","format":"standard","meta":{"_lmt_disableupdate":"","_lmt_disable":"","footnotes":""},"categories":[],"tags":[],"class_list":["post-79249","post","type-post","status-publish","format-standard","has-post-thumbnail","hentry"],"_links":{"self":[{"href":"https:\/\/ucnoqta.az\/index.php?rest_route=\/wp\/v2\/posts\/79249","targetHints":{"allow":["GET"]}}],"collection":[{"href":"https:\/\/ucnoqta.az\/index.php?rest_route=\/wp\/v2\/posts"}],"about":[{"href":"https:\/\/ucnoqta.az\/index.php?rest_route=\/wp\/v2\/types\/post"}],"author":[{"embeddable":true,"href":"https:\/\/ucnoqta.az\/index.php?rest_route=\/wp\/v2\/users\/1"}],"replies":[{"embeddable":true,"href":"https:\/\/ucnoqta.az\/index.php?rest_route=%2Fwp%2Fv2%2Fcomments&post=79249"}],"version-history":[{"count":0,"href":"https:\/\/ucnoqta.az\/index.php?rest_route=\/wp\/v2\/posts\/79249\/revisions"}],"wp:featuredmedia":[{"embeddable":true,"href":"https:\/\/ucnoqta.az\/index.php?rest_route=\/wp\/v2\/media\/251278"}],"wp:attachment":[{"href":"https:\/\/ucnoqta.az\/index.php?rest_route=%2Fwp%2Fv2%2Fmedia&parent=79249"}],"wp:term":[{"taxonomy":"category","embeddable":true,"href":"https:\/\/ucnoqta.az\/index.php?rest_route=%2Fwp%2Fv2%2Fcategories&post=79249"},{"taxonomy":"post_tag","embeddable":true,"href":"https:\/\/ucnoqta.az\/index.php?rest_route=%2Fwp%2Fv2%2Ftags&post=79249"}],"curies":[{"name":"wp","href":"https:\/\/api.w.org\/{rel}","templated":true}]}}