{"id":79237,"date":"2019-05-03T13:44:08","date_gmt":"2019-05-03T09:44:08","guid":{"rendered":""},"modified":"-0001-11-30T00:00:00","modified_gmt":"-0001-11-29T20:00:00","slug":"","status":"publish","type":"post","link":"https:\/\/ucnoqta.az\/?p=79237","title":{"rendered":"Deputat:<font color=red><b> &#8220;N\u0259v\u0259min m\u0259kt\u0259b \u00e7antas\u0131n\u0131 m\u0259n g\u00f6t\u00fcr\u0259 bilmir\u0259m, u\u015faq nec\u0259 apars\u0131n?!&#8221;<\/b><\/font>"},"content":{"rendered":"<p><strong>&ldquo;Bu gedi\u015fl\u0259 m\u0259kt\u0259b\u0259 ged\u0259n u\u015faqlar\u0131n bel s&uuml;tunu \u0259yil\u0259c\u0259k. Deyirik, xeyri yoxdur. U\u015faqlar\u0131n &ccedil;antalar\u0131n\u0131 g&ouml;t&uuml;r\u0259nd\u0259, h\u0259tta atalar\u0131n\u0131n beli \u0259yilir. Bu n\u0259 m\u0259cburiyy\u0259tdir. Biz d\u0259 oxumu\u015fuq&#8230; Kitablar el\u0259 haz\u0131rlanmal\u0131d\u0131r ki, y&uuml;ng&uuml;l olsun. U\u015faqlar\u0131 bu q\u0259d\u0259r y&uuml;kl\u0259m\u0259k olmaz&rdquo;.<\/strong><\/p>\n<p>Ucnoqta.az &ldquo;Report&rdquo;-a istinad\u0259n x\u0259b\u0259r verir ki, bunu&nbsp;Milli M\u0259clisin bu g&uuml;n ke&ccedil;iril\u0259n plenar iclas\u0131nda deputat&nbsp;Aqil Abbas&nbsp;deyib.<\/p>\n<p>&ldquo;Fikirl\u0259\u015fm\u0259k laz\u0131md\u0131r. T\u0259hsil Nazirliyi u\u015faqlar\u0131 qorumal\u0131d\u0131r. N\u0259v\u0259l\u0259rim m\u0259kt\u0259b\u0259 gedir, onlar\u0131n &ccedil;antalar\u0131n\u0131 g&ouml;t&uuml;r\u0259 bilmir\u0259m, u\u015faq nec\u0259 apars\u0131n?! Yeni t\u0259dris ilind\u0259n bu m\u0259s\u0259l\u0259 h\u0259llini tapmal\u0131d\u0131r&rdquo;, &#8211; deputat \u0259lav\u0259 edib.<\/p>\n<p>Parlamentin Elm v\u0259 t\u0259hsil komit\u0259sinin s\u0259dri&nbsp;\u0130sa H\u0259bibb\u0259yli&nbsp;is\u0259 deyib ki, haz\u0131rda &ldquo;d\u0259rs y&uuml;k&uuml;&rdquo; il\u0259 ba\u011fl\u0131 m&uuml;zakir\u0259l\u0259r apar\u0131l\u0131r.<\/p>\n","protected":false},"excerpt":{"rendered":"<p>&ldquo;Bu gedi\u015fl\u0259 m\u0259kt\u0259b\u0259 ged\u0259n u\u015faqlar\u0131n bel s&uuml;tunu \u0259yil\u0259c\u0259k. Deyirik, xeyri yoxdur. U\u015faqlar\u0131n &ccedil;antalar\u0131n\u0131 g&ouml;t&uuml;r\u0259nd\u0259, h\u0259tta atalar\u0131n\u0131n beli \u0259yilir. Bu n\u0259 m\u0259cburiyy\u0259tdir. Biz d\u0259 oxumu\u015fuq&#8230; Kitablar el\u0259 haz\u0131rlanmal\u0131d\u0131r ki, y&uuml;ng&uuml;l olsun.&hellip;<\/p>\n","protected":false},"author":1,"featured_media":251278,"comment_status":"open","ping_status":"open","sticky":false,"template":"","format":"standard","meta":{"_lmt_disableupdate":"","_lmt_disable":"","footnotes":""},"categories":[],"tags":[],"class_list":["post-79237","post","type-post","status-publish","format-standard","has-post-thumbnail","hentry"],"_links":{"self":[{"href":"https:\/\/ucnoqta.az\/index.php?rest_route=\/wp\/v2\/posts\/79237","targetHints":{"allow":["GET"]}}],"collection":[{"href":"https:\/\/ucnoqta.az\/index.php?rest_route=\/wp\/v2\/posts"}],"about":[{"href":"https:\/\/ucnoqta.az\/index.php?rest_route=\/wp\/v2\/types\/post"}],"author":[{"embeddable":true,"href":"https:\/\/ucnoqta.az\/index.php?rest_route=\/wp\/v2\/users\/1"}],"replies":[{"embeddable":true,"href":"https:\/\/ucnoqta.az\/index.php?rest_route=%2Fwp%2Fv2%2Fcomments&post=79237"}],"version-history":[{"count":0,"href":"https:\/\/ucnoqta.az\/index.php?rest_route=\/wp\/v2\/posts\/79237\/revisions"}],"wp:featuredmedia":[{"embeddable":true,"href":"https:\/\/ucnoqta.az\/index.php?rest_route=\/wp\/v2\/media\/251278"}],"wp:attachment":[{"href":"https:\/\/ucnoqta.az\/index.php?rest_route=%2Fwp%2Fv2%2Fmedia&parent=79237"}],"wp:term":[{"taxonomy":"category","embeddable":true,"href":"https:\/\/ucnoqta.az\/index.php?rest_route=%2Fwp%2Fv2%2Fcategories&post=79237"},{"taxonomy":"post_tag","embeddable":true,"href":"https:\/\/ucnoqta.az\/index.php?rest_route=%2Fwp%2Fv2%2Ftags&post=79237"}],"curies":[{"name":"wp","href":"https:\/\/api.w.org\/{rel}","templated":true}]}}