{"id":79236,"date":"2019-05-03T13:45:26","date_gmt":"2019-05-03T09:45:26","guid":{"rendered":""},"modified":"-0001-11-30T00:00:00","modified_gmt":"-0001-11-29T20:00:00","slug":"","status":"publish","type":"post","link":"https:\/\/ucnoqta.az\/?p=79236","title":{"rendered":"<font color=red><b>Prezident s\u0259r\u0259ncam imzalad\u0131<\/b><\/font>&#8211; Bu \u015f\u0259xsl\u0259rin t\u0259hsil haqq\u0131n\u0131 d\u00f6vl\u0259t \u00f6d\u0259y\u0259c\u0259k"},"content":{"rendered":"<p><strong>Az\u0259rbaycan Prezidenti \u0130lham \u018fliyev I v\u0259 II d\u0259r\u0259c\u0259 \u0259lilliyi olan \u015f\u0259xsl\u0259rin, habel\u0259 sa\u011flaml\u0131q imkanlar\u0131 m\u0259hdud 18 ya\u015f\u0131nad\u0259k u\u015faqlar\u0131n t\u0259hsil haqq\u0131 x\u0259rcl\u0259rinin &ouml;d\u0259nilm\u0259si haqq\u0131nda s\u0259r\u0259ncam imzalay\u0131b.&nbsp;<\/strong><\/p>\n<p>S\u0259r\u0259ncamda deyilir:<\/p>\n<p>1. Az\u0259rbaycan Respublikas\u0131n\u0131n ali t\u0259hsil m&uuml;\u0259ssis\u0259l\u0259rind\u0259 bakalavriat v\u0259 magistratura (\u0259sas (baza ali) tibb t\u0259hsili v\u0259 rezidentura) t\u0259hsil s\u0259viyy\u0259l\u0259rind\u0259, Az\u0259rbaycan Milli Elml\u0259r Akademiyas\u0131n\u0131n magistratura s\u0259viyy\u0259sind\u0259 v\u0259 orta ixtisas t\u0259hsili m&uuml;\u0259ssis\u0259l\u0259rind\u0259 &ouml;d\u0259ni\u015fli \u0259saslarla t\u0259hsil alan I v\u0259 II d\u0259r\u0259c\u0259 \u0259lilliyi olan \u015f\u0259xsl\u0259rin, habel\u0259 sa\u011flaml\u0131q imkanlar\u0131 m\u0259hdud 18 ya\u015f\u0131nad\u0259k u\u015faqlar\u0131n t\u0259hsil m&uuml;dd\u0259ti \u0259rzind\u0259 t\u0259hsil haqq\u0131 x\u0259rcl\u0259ri 2019\/2020-ci t\u0259dris ilind\u0259n etibar\u0259n d&ouml;vl\u0259t b&uuml;dc\u0259sinin v\u0259saiti hesab\u0131na &ouml;d\u0259nilsin.<\/p>\n<p>2. Az\u0259rbaycan Respublikas\u0131n\u0131n Nazirl\u0259r Kabineti bu S\u0259r\u0259ncamdan ir\u0259li g\u0259l\u0259n m\u0259s\u0259l\u0259l\u0259ri h\u0259ll etsin.<\/p>\n","protected":false},"excerpt":{"rendered":"<p>Az\u0259rbaycan Prezidenti \u0130lham \u018fliyev I v\u0259 II d\u0259r\u0259c\u0259 \u0259lilliyi olan \u015f\u0259xsl\u0259rin, habel\u0259 sa\u011flaml\u0131q imkanlar\u0131 m\u0259hdud 18 ya\u015f\u0131nad\u0259k u\u015faqlar\u0131n t\u0259hsil haqq\u0131 x\u0259rcl\u0259rinin &ouml;d\u0259nilm\u0259si haqq\u0131nda s\u0259r\u0259ncam imzalay\u0131b.&nbsp; S\u0259r\u0259ncamda deyilir: 1. Az\u0259rbaycan Respublikas\u0131n\u0131n&hellip;<\/p>\n","protected":false},"author":1,"featured_media":251278,"comment_status":"open","ping_status":"open","sticky":false,"template":"","format":"standard","meta":{"_lmt_disableupdate":"","_lmt_disable":"","footnotes":""},"categories":[],"tags":[],"class_list":["post-79236","post","type-post","status-publish","format-standard","has-post-thumbnail","hentry"],"_links":{"self":[{"href":"https:\/\/ucnoqta.az\/index.php?rest_route=\/wp\/v2\/posts\/79236","targetHints":{"allow":["GET"]}}],"collection":[{"href":"https:\/\/ucnoqta.az\/index.php?rest_route=\/wp\/v2\/posts"}],"about":[{"href":"https:\/\/ucnoqta.az\/index.php?rest_route=\/wp\/v2\/types\/post"}],"author":[{"embeddable":true,"href":"https:\/\/ucnoqta.az\/index.php?rest_route=\/wp\/v2\/users\/1"}],"replies":[{"embeddable":true,"href":"https:\/\/ucnoqta.az\/index.php?rest_route=%2Fwp%2Fv2%2Fcomments&post=79236"}],"version-history":[{"count":0,"href":"https:\/\/ucnoqta.az\/index.php?rest_route=\/wp\/v2\/posts\/79236\/revisions"}],"wp:featuredmedia":[{"embeddable":true,"href":"https:\/\/ucnoqta.az\/index.php?rest_route=\/wp\/v2\/media\/251278"}],"wp:attachment":[{"href":"https:\/\/ucnoqta.az\/index.php?rest_route=%2Fwp%2Fv2%2Fmedia&parent=79236"}],"wp:term":[{"taxonomy":"category","embeddable":true,"href":"https:\/\/ucnoqta.az\/index.php?rest_route=%2Fwp%2Fv2%2Fcategories&post=79236"},{"taxonomy":"post_tag","embeddable":true,"href":"https:\/\/ucnoqta.az\/index.php?rest_route=%2Fwp%2Fv2%2Ftags&post=79236"}],"curies":[{"name":"wp","href":"https:\/\/api.w.org\/{rel}","templated":true}]}}