{"id":79233,"date":"2019-05-03T13:01:28","date_gmt":"2019-05-03T09:01:28","guid":{"rendered":""},"modified":"-0001-11-30T00:00:00","modified_gmt":"-0001-11-29T20:00:00","slug":"","status":"publish","type":"post","link":"https:\/\/ucnoqta.az\/?p=79233","title":{"rendered":"G\u00fcrc\u00fcstandan Az\u0259rbaycana qanunsuz yolla g\u0259tiril\u0259n mobil telefonlar a\u015fkarlan\u0131b <font color=red><b>Foto<\/b><\/font>"},"content":{"rendered":"<p><strong>Q\u0259rb \u018frazi Ba\u015f G&ouml;mr&uuml;k \u0130dar\u0259sinin \u018fm\u0259liyyat v\u0259 T\u0259hqiqat \u0130dar\u0259sinin \u018fm\u0259liyyat \u015f&ouml;b\u0259sin\u0259 daxil olan m\u0259lumat \u0259sas\u0131nda, idar\u0259nin &quot;Q\u0131rm\u0131z\u0131 K&ouml;rp&uuml;&quot; g&ouml;mr&uuml;k postunda G&uuml;rc&uuml;standan g\u0259l\u0259n, Az\u0259rbaycan Respublikas\u0131 v\u0259t\u0259nda\u015f\u0131n\u0131n idar\u0259 etdiyi &quot;Mercedes Benz&quot; markal\u0131 avtomobil saxlan\u0131l\u0131b v\u0259 s&uuml;r&uuml;c&uuml;s&uuml; \u015fifahi sor\u011fu-sual edilib.<\/strong><\/p>\n<p>D&ouml;vl\u0259t G&ouml;mr&uuml;k Komit\u0259sind\u0259n veril\u0259n m\u0259lumata g&ouml;r\u0259, sor\u011fu-sual zaman\u0131 v\u0259t\u0259nda\u015f idar\u0259 etdiyi n\u0259qliyyat vasit\u0259sind\u0259 gizl\u0259dil\u0259n v\u0259 g&ouml;mr&uuml;k n\u0259zar\u0259tin\u0259 m&uuml;tl\u0259q b\u0259yan edilm\u0259li h\u0259r hans\u0131 predmetin olmad\u0131\u011f\u0131n\u0131 bildirib. Daha sonra avtomobil\u0259 g&ouml;mr&uuml;k bax\u0131\u015f\u0131 ke&ccedil;irilib. N\u0259tic\u0259d\u0259 avtomobilin salonunda arxa oturaca\u011f\u0131n i&ccedil;\u0259risind\u0259 x&uuml;susi d&uuml;z\u0259ldilmi\u015f saxlanc yerind\u0259n &uuml;z\u0259rind\u0259 &quot;Samsung Galaxy A50&quot; s&ouml;zl\u0259ri yaz\u0131lm\u0131\u015f 4 \u0259d\u0259d mobil telefonlar a\u015fkar edilib.<\/p>\n<p>Faktla ba\u011fl\u0131 ara\u015fd\u0131rma apar\u0131l\u0131r.\/trend<\/p>\n<p>&nbsp;<\/p>\n","protected":false},"excerpt":{"rendered":"<p>Q\u0259rb \u018frazi Ba\u015f G&ouml;mr&uuml;k \u0130dar\u0259sinin \u018fm\u0259liyyat v\u0259 T\u0259hqiqat \u0130dar\u0259sinin \u018fm\u0259liyyat \u015f&ouml;b\u0259sin\u0259 daxil olan m\u0259lumat \u0259sas\u0131nda, idar\u0259nin &quot;Q\u0131rm\u0131z\u0131 K&ouml;rp&uuml;&quot; g&ouml;mr&uuml;k postunda G&uuml;rc&uuml;standan g\u0259l\u0259n, Az\u0259rbaycan Respublikas\u0131 v\u0259t\u0259nda\u015f\u0131n\u0131n idar\u0259 etdiyi &quot;Mercedes Benz&quot; markal\u0131&hellip;<\/p>\n","protected":false},"author":1,"featured_media":251278,"comment_status":"open","ping_status":"open","sticky":false,"template":"","format":"standard","meta":{"_lmt_disableupdate":"","_lmt_disable":"","footnotes":""},"categories":[],"tags":[],"class_list":["post-79233","post","type-post","status-publish","format-standard","has-post-thumbnail","hentry"],"_links":{"self":[{"href":"https:\/\/ucnoqta.az\/index.php?rest_route=\/wp\/v2\/posts\/79233","targetHints":{"allow":["GET"]}}],"collection":[{"href":"https:\/\/ucnoqta.az\/index.php?rest_route=\/wp\/v2\/posts"}],"about":[{"href":"https:\/\/ucnoqta.az\/index.php?rest_route=\/wp\/v2\/types\/post"}],"author":[{"embeddable":true,"href":"https:\/\/ucnoqta.az\/index.php?rest_route=\/wp\/v2\/users\/1"}],"replies":[{"embeddable":true,"href":"https:\/\/ucnoqta.az\/index.php?rest_route=%2Fwp%2Fv2%2Fcomments&post=79233"}],"version-history":[{"count":0,"href":"https:\/\/ucnoqta.az\/index.php?rest_route=\/wp\/v2\/posts\/79233\/revisions"}],"wp:featuredmedia":[{"embeddable":true,"href":"https:\/\/ucnoqta.az\/index.php?rest_route=\/wp\/v2\/media\/251278"}],"wp:attachment":[{"href":"https:\/\/ucnoqta.az\/index.php?rest_route=%2Fwp%2Fv2%2Fmedia&parent=79233"}],"wp:term":[{"taxonomy":"category","embeddable":true,"href":"https:\/\/ucnoqta.az\/index.php?rest_route=%2Fwp%2Fv2%2Fcategories&post=79233"},{"taxonomy":"post_tag","embeddable":true,"href":"https:\/\/ucnoqta.az\/index.php?rest_route=%2Fwp%2Fv2%2Ftags&post=79233"}],"curies":[{"name":"wp","href":"https:\/\/api.w.org\/{rel}","templated":true}]}}