{"id":79227,"date":"2019-05-03T10:54:42","date_gmt":"2019-05-03T06:54:42","guid":{"rendered":""},"modified":"-0001-11-30T00:00:00","modified_gmt":"-0001-11-29T20:00:00","slug":"","status":"publish","type":"post","link":"https:\/\/ucnoqta.az\/?p=79227","title":{"rendered":"Bu g\u00fcn Milli M\u0259clisin n\u00f6vb\u0259ti plenar iclas\u0131 ke\u00e7iril\u0259c\u0259k"},"content":{"rendered":"<p>Bu g\u00fcn Milli M\u0259clisin n\u00f6vb\u0259ti plenar iclas\u0131 ke\u00e7iril\u0259c\u0259k.<\/p>\n<p>\u0130clas\u0131n g\u00fcnd\u0259liyin\u0259 22 m\u0259s\u0259l\u0259 daxildir.<\/p>\n<p>\u0130clasda \u0259vv\u0259lc\u0259 Az\u0259rbaycan\u0131n \u0130nsan Alverin\u0259 Qar\u015f\u0131 M\u00fcbariz\u0259 \u00fczr\u0259 Milli Koordinatorunun illik m\u0259lumat\u0131 t\u0259qdim olunacaq. M\u0259lumat\u0131 Milli Koordinator, Daxili \u0130\u015fl\u0259r nazirinin birinci m\u00fcavini Vilay\u0259t Eyvazov t\u0259qdim ed\u0259c\u0259k.<\/p>\n<p>G\u00fcnd\u0259liy\u0259 &#8220;K\u0259\u015ffiyyat v\u0259 \u0259ks-k\u0259\u015ffiyyat f\u0259aliyy\u0259ti haqq\u0131nda&#8221;, &#8220;Yetkinlik ya\u015f\u0131na \u00e7atmayanlar\u0131n i\u015fl\u0259ri v\u0259 h\u00fcquqlar\u0131n\u0131n m\u00fcdafi\u0259si \u00fczr\u0259 komissiyalar haqq\u0131nda \u018fsasnam\u0259&#8221;, &#8220;S\u0131\u011forta f\u0259aliyy\u0259ti haqq\u0131nda&#8221;, &#8220;D\u00f6vl\u0259t r\u00fcsumu haqq\u0131nda&#8221; v\u0259 s. qanunlara, o c\u00fcml\u0259d\u0259n M\u00fclki, M\u0259nzil, Vergi, G\u00f6mr\u00fck, Su, \u0130nzibati X\u0259talar m\u0259c\u0259ll\u0259l\u0259rin\u0259 d\u0259yi\u015fiklik layih\u0259l\u0259ri daxildir.<\/p>\n<p>Deputatlar yeni haz\u0131rlanan &#8220;Aqrar s\u0131\u011forta haqq\u0131nda&#8221; qanun layih\u0259sin\u0259 d\u0259 baxacaqlar.<\/p>\n","protected":false},"excerpt":{"rendered":"<p>Bu g\u00fcn Milli M\u0259clisin n\u00f6vb\u0259ti plenar iclas\u0131 ke\u00e7iril\u0259c\u0259k. \u0130clas\u0131n g\u00fcnd\u0259liyin\u0259 22 m\u0259s\u0259l\u0259 daxildir. \u0130clasda \u0259vv\u0259lc\u0259 Az\u0259rbaycan\u0131n \u0130nsan Alverin\u0259 Qar\u015f\u0131 M\u00fcbariz\u0259 \u00fczr\u0259 Milli Koordinatorunun illik m\u0259lumat\u0131 t\u0259qdim olunacaq. M\u0259lumat\u0131 Milli Koordinator,&hellip;<\/p>\n","protected":false},"author":1,"featured_media":251278,"comment_status":"open","ping_status":"open","sticky":false,"template":"","format":"standard","meta":{"_lmt_disableupdate":"","_lmt_disable":"","footnotes":""},"categories":[],"tags":[],"class_list":["post-79227","post","type-post","status-publish","format-standard","has-post-thumbnail","hentry"],"_links":{"self":[{"href":"https:\/\/ucnoqta.az\/index.php?rest_route=\/wp\/v2\/posts\/79227","targetHints":{"allow":["GET"]}}],"collection":[{"href":"https:\/\/ucnoqta.az\/index.php?rest_route=\/wp\/v2\/posts"}],"about":[{"href":"https:\/\/ucnoqta.az\/index.php?rest_route=\/wp\/v2\/types\/post"}],"author":[{"embeddable":true,"href":"https:\/\/ucnoqta.az\/index.php?rest_route=\/wp\/v2\/users\/1"}],"replies":[{"embeddable":true,"href":"https:\/\/ucnoqta.az\/index.php?rest_route=%2Fwp%2Fv2%2Fcomments&post=79227"}],"version-history":[{"count":0,"href":"https:\/\/ucnoqta.az\/index.php?rest_route=\/wp\/v2\/posts\/79227\/revisions"}],"wp:featuredmedia":[{"embeddable":true,"href":"https:\/\/ucnoqta.az\/index.php?rest_route=\/wp\/v2\/media\/251278"}],"wp:attachment":[{"href":"https:\/\/ucnoqta.az\/index.php?rest_route=%2Fwp%2Fv2%2Fmedia&parent=79227"}],"wp:term":[{"taxonomy":"category","embeddable":true,"href":"https:\/\/ucnoqta.az\/index.php?rest_route=%2Fwp%2Fv2%2Fcategories&post=79227"},{"taxonomy":"post_tag","embeddable":true,"href":"https:\/\/ucnoqta.az\/index.php?rest_route=%2Fwp%2Fv2%2Ftags&post=79227"}],"curies":[{"name":"wp","href":"https:\/\/api.w.org\/{rel}","templated":true}]}}