{"id":79220,"date":"2019-05-03T08:02:23","date_gmt":"2019-05-03T04:02:23","guid":{"rendered":""},"modified":"-0001-11-30T00:00:00","modified_gmt":"-0001-11-29T20:00:00","slug":"","status":"publish","type":"post","link":"https:\/\/ucnoqta.az\/?p=79220","title":{"rendered":"Ukraynada prezident se\u00e7kil\u0259rinin r\u0259smi n\u0259tic\u0259l\u0259ri d\u0259rc edilib"},"content":{"rendered":"<p><strong>Ukrayndan\u0131n Ali Radas\u0131n\u0131n q\u0259zeti &quot;Ukraynan\u0131n s\u0259si&quot; prezident se&ccedil;kil\u0259rinin r\u0259smi n\u0259tic\u0259l\u0259rini d\u0259rc edib.<\/strong><\/p>\n<p>Q\u0259zetin d\u0259rc etdiyi m\u0259qal\u0259d\u0259 bildirilir ki, aprelin 21-i ke&ccedil;iril\u0259n t\u0259krar s\u0259sverm\u0259nin n\u0259tic\u0259l\u0259rin\u0259 \u0259sas\u0259n, V.Zelenki Ukrayna prezidenti se&ccedil;ilib.<\/p>\n<p>Qanuna \u0259sas\u0259n, yeni prezidentin andi&ccedil;m\u0259 m\u0259rasimi r\u0259smi n\u0259tic\u0259l\u0259rin &quot;Ukraynan\u0131n s\u0259si&quot; q\u0259zetind\u0259 d\u0259rc edilm\u0259sind\u0259n sonra 30 g&uuml;n \u0259rzind\u0259 ke&ccedil;irilm\u0259lidir. D\u0259qiq tarixi parlament ayr\u0131ca q\u0259rar il\u0259 t\u0259yin edir.<\/p>\n<p>Qeyd ed\u0259k ki, aprelin 30-u Ukraynan\u0131n M\u0259rk\u0259zi Se&ccedil;ki Komissiyas\u0131 V.Zelensikini r\u0259smi olaraq prezident se&ccedil;kil\u0259rinin qalibi elan edib. \u0130kinci turda V.Zelenski 73,22 faiz, haz\u0131rk\u0131 prezident Petro Poro\u015fenko is\u0259 24,45 faiz s\u0259s toplay\u0131blar.\/trend<\/p>\n","protected":false},"excerpt":{"rendered":"<p>Ukrayndan\u0131n Ali Radas\u0131n\u0131n q\u0259zeti &quot;Ukraynan\u0131n s\u0259si&quot; prezident se&ccedil;kil\u0259rinin r\u0259smi n\u0259tic\u0259l\u0259rini d\u0259rc edib. Q\u0259zetin d\u0259rc etdiyi m\u0259qal\u0259d\u0259 bildirilir ki, aprelin 21-i ke&ccedil;iril\u0259n t\u0259krar s\u0259sverm\u0259nin n\u0259tic\u0259l\u0259rin\u0259 \u0259sas\u0259n, V.Zelenki Ukrayna prezidenti se&ccedil;ilib. Qanuna&hellip;<\/p>\n","protected":false},"author":1,"featured_media":251278,"comment_status":"open","ping_status":"open","sticky":false,"template":"","format":"standard","meta":{"_lmt_disableupdate":"","_lmt_disable":"","footnotes":""},"categories":[89],"tags":[],"class_list":["post-79220","post","type-post","status-publish","format-standard","has-post-thumbnail","hentry","category-dunya-butun-xeberler"],"_links":{"self":[{"href":"https:\/\/ucnoqta.az\/index.php?rest_route=\/wp\/v2\/posts\/79220","targetHints":{"allow":["GET"]}}],"collection":[{"href":"https:\/\/ucnoqta.az\/index.php?rest_route=\/wp\/v2\/posts"}],"about":[{"href":"https:\/\/ucnoqta.az\/index.php?rest_route=\/wp\/v2\/types\/post"}],"author":[{"embeddable":true,"href":"https:\/\/ucnoqta.az\/index.php?rest_route=\/wp\/v2\/users\/1"}],"replies":[{"embeddable":true,"href":"https:\/\/ucnoqta.az\/index.php?rest_route=%2Fwp%2Fv2%2Fcomments&post=79220"}],"version-history":[{"count":0,"href":"https:\/\/ucnoqta.az\/index.php?rest_route=\/wp\/v2\/posts\/79220\/revisions"}],"wp:featuredmedia":[{"embeddable":true,"href":"https:\/\/ucnoqta.az\/index.php?rest_route=\/wp\/v2\/media\/251278"}],"wp:attachment":[{"href":"https:\/\/ucnoqta.az\/index.php?rest_route=%2Fwp%2Fv2%2Fmedia&parent=79220"}],"wp:term":[{"taxonomy":"category","embeddable":true,"href":"https:\/\/ucnoqta.az\/index.php?rest_route=%2Fwp%2Fv2%2Fcategories&post=79220"},{"taxonomy":"post_tag","embeddable":true,"href":"https:\/\/ucnoqta.az\/index.php?rest_route=%2Fwp%2Fv2%2Ftags&post=79220"}],"curies":[{"name":"wp","href":"https:\/\/api.w.org\/{rel}","templated":true}]}}