{"id":79213,"date":"2019-05-02T23:04:24","date_gmt":"2019-05-02T19:04:24","guid":{"rendered":""},"modified":"-0001-11-30T00:00:00","modified_gmt":"-0001-11-29T20:00:00","slug":"","status":"publish","type":"post","link":"https:\/\/ucnoqta.az\/?p=79213","title":{"rendered":"Avropa \u015euras\u0131 Ba\u015f katibinin m\u00fcavini: <font color=red><b>&#8220;Az\u0259rbaycan bizim z\u0259ruri \u00fczv \u00f6lk\u0259mizdir&#8221;<\/b><\/font>"},"content":{"rendered":"<p><strong>&quot;Az\u0259rbaycana g\u0259lm\u0259kd\u0259n b&ouml;y&uuml;k \u015f\u0259r\u0259f hissi ke&ccedil;irir\u0259m. Az\u0259rbaycan bizim z\u0259ruri &uuml;zv &ouml;lk\u0259mizdir. Bizim g\u0259nc, dinamik, demokratik d&ouml;vl\u0259tdir. Avropan\u0131n bu hiss\u0259sind\u0259 yerl\u0259\u015f\u0259n bir m\u0259ml\u0259k\u0259tdir. Habel\u0259 n\u0259inki m\u0259d\u0259niyy\u0259tl\u0259raras\u0131 dialoq, h\u0259m&ccedil;inin m\u0259xsusi olaraq m&uuml;zakir\u0259 etdiyimiz m&ouml;vzu il\u0259 ba\u011fl\u0131 apar\u0131c\u0131 d&ouml;vl\u0259tdir. Odur ki, qeyd etm\u0259k ist\u0259yir\u0259m, burada &#8211; bu Forumda bir daha &ccedil;\u0131x\u0131\u015f etm\u0259k m\u0259nim &uuml;&ccedil;&uuml;n b&ouml;y&uuml;k f\u0259xrdir&quot;.<\/strong><\/p>\n<p>Ucnoqta.az &quot;Report&quot;a istinad\u0259n x\u0259b\u0259r verir ki, bu s&ouml;zl\u0259ri&nbsp;Avropa \u015euras\u0131n\u0131n Ba\u015f katibinin m&uuml;avini Qabriella Battaini-Draqoni Bak\u0131da &ldquo;Ayr\u0131-se&ccedil;kilik, qeyri-b\u0259rab\u0259rlik v\u0259 zorak\u0131 m&uuml;naqi\u015f\u0259y\u0259 qar\u015f\u0131 f\u0259aliyy\u0259t namin\u0259 dialoq quraq&rdquo; \u015f&uuml;ar\u0131 alt\u0131nda V &Uuml;mumd&uuml;nya M\u0259d\u0259niyy\u0259tl\u0259raras\u0131 Dialoq Forumunda deyib.<\/p>\n<p>O, Az\u0259rbaycan h&ouml;kum\u0259tin\u0259 t\u0259dbirin t\u0259\u015fkilat&ccedil;\u0131l\u0131\u011f\u0131na g&ouml;r\u0259 t\u0259\u015f\u0259kk&uuml;r edib: &quot;Az\u0259rbaycan h&ouml;kum\u0259tin\u0259 n\u0259inki bu t\u0259dbirin t\u0259\u015fkilat&ccedil;\u0131l\u0131\u011f\u0131na g&ouml;r\u0259 &ouml;z minn\u0259tdarl\u0131\u011f\u0131m\u0131 bildirm\u0259k ist\u0259yir\u0259m, h\u0259m&ccedil;inin &uuml;mumi &ldquo;Bak\u0131 Prosesi&rdquo;nin t\u0259\u015fkilin\u0259 g&ouml;r\u0259 minn\u0259tdarl\u0131\u011f\u0131m\u0131 bildirm\u0259k ist\u0259yir\u0259m. H\u0259qiq\u0259t\u0259n, \u0259vv\u0259lki m\u0259ruz\u0259&ccedil;il\u0259rin qeyd etdiyi kimi, m\u0259n onlar\u0131n fikrini payla\u015fmaq ist\u0259yir\u0259m. Y\u0259ni, &ldquo;Bak\u0131 Prosesi&rdquo; \u0259slind\u0259 u\u011fur tarix&ccedil;\u0259sin\u0259 &ccedil;evrilib. Bu proses t\u0259hsil\u0259 y&ouml;n\u0259lib. Ekspertl\u0259r, m\u0259d\u0259niyy\u0259tl\u0259raras\u0131 dialoq sah\u0259sind\u0259 &ccedil;al\u0131\u015fan m&uuml;t\u0259x\u0259ssisl\u0259r &uuml;&ccedil;&uuml;n t\u0259cr&uuml;b\u0259l\u0259rini, bilikl\u0259rini v\u0259 anlay\u0131\u015flar\u0131 payla\u015fmaq &uuml;&ccedil;&uuml;n m&uuml;qayis\u0259olunmaz bir f&uuml;rs\u0259tdir.<\/p>\n<p>Bildiyiniz kimi, m\u0259n bu g&uuml;n Avropa \u015euras\u0131n\u0131 t\u0259msil edir\u0259m. Avropa \u015euras\u0131 m\u0259d\u0259niyy\u0259tl\u0259raras\u0131 dialoq sah\u0259sind\u0259 &ccedil;al\u0131\u015f\u0131r v\u0259 bundan sonra biz b&ouml;y&uuml;k nailiyy\u0259tl\u0259r\u0259 imza atma\u011fa &ccedil;al\u0131\u015f\u0131r\u0131q.<\/p>\n<p>Biz bu proses\u0259 minn\u0259tdar\u0131q. N\u0259y\u0259 g&ouml;r\u0259 minn\u0259tdar\u0131q? &Ccedil;&uuml;nki m\u0259d\u0259niyy\u0259tl\u0259raras\u0131 dialoq yana\u015fmas\u0131 h\u0259dd\u0259n ziyad\u0259 m&uuml;h&uuml;m v\u0259 vacibdir. Bu yana\u015fma ya\u015fad\u0131\u011f\u0131m\u0131z &ccedil;a\u011fda\u015f m&uuml;r\u0259kk\u0259b d&uuml;nya &uuml;&ccedil;&uuml;n s\u0259ciyy\u0259vidir&quot;.<\/p>\n<p>Avropa \u015euras\u0131n\u0131n Ba\u015f katibinin m&uuml;avini Qabriella Battaini-Draqoni deyib ki, m\u0259d\u0259niyy\u0259tl\u0259raras\u0131 dialoqun t\u0259\u015fviq olunmas\u0131 bir anl\u0131q hadis\u0259 deyil. Bu, he&ccedil; vaxt bitm\u0259y\u0259n bir &ccedil;a\u011f\u0131r\u0131\u015fd\u0131r: &quot;M\u0259d\u0259niyy\u0259tl\u0259raras\u0131 dialoq, sosial inkl&uuml;zivlik, habel\u0259 azl\u0131q h&uuml;quqlar\u0131n\u0131n qorunmas\u0131 h\u0259dd\u0259n ziyad\u0259 vacibdir. Yekunda t\u0259r\u0259qqi siyasi irad\u0259 \u0259sas\u0131nda t\u0259min olunacaq. Biz bununla ba\u011fl\u0131 m\u0259hz bu hisl\u0259ri ke&ccedil;iririk. Sizin vasit\u0259nizl\u0259, m&ouml;ht\u0259r\u0259m c\u0259nab Prezident, biz g&uuml;cl&uuml; liderliyi v\u0259 siyasi irad\u0259ni sez\u0259 bilirik v\u0259 bu, bizim planlar\u0131m\u0131z\u0131 ir\u0259li apara bil\u0259r. Bir fakt\u0131 qeyd etm\u0259liyik ki, biz &ouml;z inam\u0131m\u0131z\u0131 v\u0259 d\u0259y\u0259rl\u0259rimizi qorumal\u0131y\u0131q. Biz s&uuml;lh &uuml;&ccedil;&uuml;n dialoq qurmal\u0131y\u0131q, l\u0259yaq\u0259t v\u0259 qar\u015f\u0131l\u0131ql\u0131 h&ouml;rm\u0259t\u0259 \u0259saslanan r\u0259\u011fb\u0259t g&ouml;st\u0259rm\u0259liyik. Bu, bizim f\u0259aliyy\u0259timizin veril\u0259c\u0259k qiym\u0259tdir. &ldquo;Bak\u0131 Prosesi&rdquo; m\u0259hz buna h\u0259sr olunur&quot;.<\/p>\n","protected":false},"excerpt":{"rendered":"<p>&quot;Az\u0259rbaycana g\u0259lm\u0259kd\u0259n b&ouml;y&uuml;k \u015f\u0259r\u0259f hissi ke&ccedil;irir\u0259m. Az\u0259rbaycan bizim z\u0259ruri &uuml;zv &ouml;lk\u0259mizdir. Bizim g\u0259nc, dinamik, demokratik d&ouml;vl\u0259tdir. Avropan\u0131n bu hiss\u0259sind\u0259 yerl\u0259\u015f\u0259n bir m\u0259ml\u0259k\u0259tdir. Habel\u0259 n\u0259inki m\u0259d\u0259niyy\u0259tl\u0259raras\u0131 dialoq, h\u0259m&ccedil;inin m\u0259xsusi olaraq m&uuml;zakir\u0259&hellip;<\/p>\n","protected":false},"author":1,"featured_media":251278,"comment_status":"open","ping_status":"open","sticky":false,"template":"","format":"standard","meta":{"_lmt_disableupdate":"","_lmt_disable":"","footnotes":""},"categories":[86],"tags":[],"class_list":["post-79213","post","type-post","status-publish","format-standard","has-post-thumbnail","hentry","category-siyaset"],"_links":{"self":[{"href":"https:\/\/ucnoqta.az\/index.php?rest_route=\/wp\/v2\/posts\/79213","targetHints":{"allow":["GET"]}}],"collection":[{"href":"https:\/\/ucnoqta.az\/index.php?rest_route=\/wp\/v2\/posts"}],"about":[{"href":"https:\/\/ucnoqta.az\/index.php?rest_route=\/wp\/v2\/types\/post"}],"author":[{"embeddable":true,"href":"https:\/\/ucnoqta.az\/index.php?rest_route=\/wp\/v2\/users\/1"}],"replies":[{"embeddable":true,"href":"https:\/\/ucnoqta.az\/index.php?rest_route=%2Fwp%2Fv2%2Fcomments&post=79213"}],"version-history":[{"count":0,"href":"https:\/\/ucnoqta.az\/index.php?rest_route=\/wp\/v2\/posts\/79213\/revisions"}],"wp:featuredmedia":[{"embeddable":true,"href":"https:\/\/ucnoqta.az\/index.php?rest_route=\/wp\/v2\/media\/251278"}],"wp:attachment":[{"href":"https:\/\/ucnoqta.az\/index.php?rest_route=%2Fwp%2Fv2%2Fmedia&parent=79213"}],"wp:term":[{"taxonomy":"category","embeddable":true,"href":"https:\/\/ucnoqta.az\/index.php?rest_route=%2Fwp%2Fv2%2Fcategories&post=79213"},{"taxonomy":"post_tag","embeddable":true,"href":"https:\/\/ucnoqta.az\/index.php?rest_route=%2Fwp%2Fv2%2Ftags&post=79213"}],"curies":[{"name":"wp","href":"https:\/\/api.w.org\/{rel}","templated":true}]}}