{"id":79209,"date":"2019-05-02T20:51:47","date_gmt":"2019-05-02T16:51:47","guid":{"rendered":""},"modified":"-0001-11-30T00:00:00","modified_gmt":"-0001-11-29T20:00:00","slug":"","status":"publish","type":"post","link":"https:\/\/ucnoqta.az\/?p=79209","title":{"rendered":"\u0130lham \u018fliyev: <font color=red><b>\u018fsrl\u0259r boyu Az\u0259rbaycan dini d\u00f6z\u00fcml\u00fcl\u00fck v\u0259 m\u00fcxt\u0259lif mill\u0259tl\u0259rin birg\u0259 ya\u015fad\u0131\u011f\u0131 torpaq olmu\u015fdur<\/b><\/font>"},"content":{"rendered":"<p><strong>May\u0131n 2-d\u0259 Bak\u0131da &ldquo;Ayr\u0131-se&ccedil;kilik, qeyri-b\u0259rab\u0259rlik v\u0259 zorak\u0131 m&uuml;naqi\u015f\u0259y\u0259 qar\u015f\u0131 f\u0259aliyy\u0259t namin\u0259 dialoq quraq&rdquo; \u015f&uuml;ar\u0131 alt\u0131nda V &Uuml;mumd&uuml;nya M\u0259d\u0259niyy\u0259tl\u0259raras\u0131 Dialoq Forumu i\u015f\u0259 ba\u015flay\u0131b.<\/strong><\/p>\n<p>&nbsp;Az\u0259rbaycan Respublikas\u0131n\u0131n Prezidenti \u0130lham \u018fliyev v\u0259 birinci xan\u0131m Mehriban \u018fliyeva Forumun a&ccedil;\u0131l\u0131\u015f m\u0259rasimind\u0259 i\u015ftirak edibl\u0259r.<\/p>\n<p>Forum Az\u0259rbaycan h&ouml;kum\u0259tinin t\u0259\u015fkilat&ccedil;\u0131l\u0131\u011f\u0131, UNESCO, BMT-nin Sivilizasiyalar Alyans\u0131, D&uuml;nya Turizm T\u0259\u015fkilat\u0131, Avropa \u015euras\u0131 v\u0259 ISESCO-nun t\u0259r\u0259fda\u015fl\u0131\u011f\u0131 il\u0259 ke&ccedil;irilir. T\u0259dbird\u0259 100-d\u0259n &ccedil;ox &ouml;lk\u0259nin v\u0259 30-dan &ccedil;ox beyn\u0259lxalq t\u0259\u015fkilat\u0131n y&uuml;ks\u0259k s\u0259viyy\u0259li r\u0259smil\u0259ri i\u015ftirak edirl\u0259r.<\/p>\n<p>2008-ci ild\u0259n Az\u0259rbaycan Prezidenti \u0130lham \u018fliyevin t\u0259\u015f\u0259bb&uuml;s&uuml; il\u0259 h\u0259yata ke&ccedil;iril\u0259n &ldquo;Bak\u0131 Prosesi&rdquo; 10 il \u0259rzind\u0259 m&uuml;xt\u0259lif qit\u0259l\u0259rd\u0259 ya\u015fayan f\u0259rqli etnik, m\u0259d\u0259ni, dini v\u0259 linqvistik m\u0259nsubiyy\u0259ti olan ayr\u0131-ayr\u0131 insanlar v\u0259 qruplar aras\u0131nda qar\u015f\u0131l\u0131ql\u0131 anlay\u0131\u015f &ccedil;\u0259r&ccedil;iv\u0259sind\u0259 s\u0259mimiyy\u0259t v\u0259 h&ouml;rm\u0259t\u0259 \u0259saslanan fikir m&uuml;badil\u0259si &uuml;&ccedil;&uuml;n m&uuml;sb\u0259t platforma yarada bilib. &Ouml;t\u0259n m&uuml;dd\u0259t \u0259rzind\u0259 Forumun co\u011frafiyas\u0131 &ccedil;ox geni\u015fl\u0259nib. N\u0259tic\u0259d\u0259 t\u0259dbir\u0259 qo\u015fulan qurumlar\u0131n say\u0131 xeyli art\u0131b.<\/p>\n<p>Bud\u0259f\u0259ki Foruma Lat\u0131n Amerikas\u0131 &ouml;lk\u0259l\u0259rind\u0259n tutmu\u015f S\u0259udiyy\u0259 \u018fr\u0259bistan\u0131, B&ouml;y&uuml;k Britaniya kimi d&ouml;vl\u0259tl\u0259rin t\u0259msil&ccedil;il\u0259ri qat\u0131l\u0131blar. Be\u015finci &Uuml;mumd&uuml;nya M\u0259d\u0259niyy\u0259tl\u0259raras\u0131 Dialoq Forumu &ccedil;\u0259r&ccedil;iv\u0259sind\u0259 insanlar aras\u0131nda h\u0259mr\u0259ylik yaratmaqda v\u0259 m&uuml;xt\u0259lif icmalarda zorak\u0131l\u0131\u011fa v\u0259 ayr\u0131-se&ccedil;kiliy\u0259 qar\u015f\u0131 m&uuml;bariz\u0259d\u0259 m\u0259d\u0259niyy\u0259tl\u0259raras\u0131 dialoqun m&uuml;h&uuml;m rolu &ouml;yr\u0259nilir. Forum &uuml;&ccedil; istiqam\u0259td\u0259 davam ed\u0259c\u0259k.<\/p>\n<p>D&ouml;vl\u0259timizin ba\u015f&ccedil;\u0131s\u0131 V &Uuml;mumd&uuml;nya M\u0259d\u0259niyy\u0259tl\u0259raras\u0131 Dialoq Forumunun a&ccedil;\u0131l\u0131\u015f m\u0259rasimind\u0259 nitq s&ouml;yl\u0259di.<\/p>\n<p>-H&ouml;rm\u0259tli xan\u0131mlar v\u0259 c\u0259nablar.<\/p>\n<p>H&ouml;rm\u0259tli qonaqlar.<br \/>\n\u018fvv\u0259lc\u0259 Forumun b&uuml;t&uuml;n i\u015ftirak&ccedil;\u0131lar\u0131n\u0131 salamlay\u0131r, bu g&uuml;n biziml\u0259 birlikd\u0259 olduqlar\u0131na g&ouml;r\u0259 qonaqlar\u0131m\u0131za t\u0259\u015f\u0259kk&uuml;r&uuml;m&uuml; bildirir\u0259m. Burada 100-d\u0259n art\u0131q &ouml;lk\u0259d\u0259n 500-d\u0259n &ccedil;ox qona\u011f\u0131m\u0131z var. Bu, onu g&ouml;st\u0259rir ki, bu Forum nisb\u0259t\u0259n q\u0131sa zaman \u0259rzind\u0259 cari g&uuml;nd\u0259likd\u0259 duran m&ouml;vzulardan biri olan m\u0259d\u0259niyy\u0259tl\u0259raras\u0131 dialoqun m&uuml;zakir\u0259si bax\u0131m\u0131ndan qlobal platformaya &ccedil;evrilib.<\/p>\n<p>Xatirimd\u0259dir, 8 il \u0259vv\u0259l ilk forum t\u0259\u015fkil edil\u0259nd\u0259 biz onun bu q\u0259d\u0259r geni\u015f beyn\u0259lxalq d\u0259st\u0259k qazanaca\u011f\u0131n\u0131 t\u0259s\u0259vv&uuml;r ed\u0259 bilm\u0259zdik. 2011-ci ild\u0259 bizim m\u0259d\u0259niyy\u0259tl\u0259raras\u0131 dialoqa h\u0259sr edilmi\u015f d&uuml;nya forumunun t\u0259\u015fkil edilm\u0259si t\u0259\u015f\u0259bb&uuml;s&uuml;m&uuml;z tariximiz, co\u011frafiyam\u0131z v\u0259 d&uuml;\u015f&uuml;nc\u0259mizd\u0259n qaynaqlan\u0131rd\u0131 ki, d&uuml;nyan\u0131 t\u0259hl&uuml;k\u0259siz etm\u0259k &uuml;&ccedil;&uuml;n biz sivilizasiyalar, m\u0259d\u0259niyy\u0259tl\u0259r v\u0259 m&uuml;xt\u0259lif etnik qrup v\u0259 dinl\u0259rin n&uuml;may\u0259nd\u0259l\u0259ri aras\u0131nda dialoqun t\u0259\u015fviqi sah\u0259sind\u0259 &ccedil;ox f\u0259al olmal\u0131y\u0131q.<\/p>\n<p>Foruma g&ouml;st\u0259ril\u0259n geni\u015f beyn\u0259lxalq d\u0259st\u0259k bizi ruhland\u0131r\u0131r. Bu g&uuml;n Forumun h\u0259mt\u0259\u015fkilat&ccedil;\u0131lar\u0131 aras\u0131nda d&uuml;nyan\u0131n apar\u0131c\u0131 beyn\u0259lxalq t\u0259\u015fkilatlar\u0131 var v\u0259 bizim birg\u0259 s\u0259yl\u0259rimiz m\u0259d\u0259niyy\u0259tl\u0259raras\u0131 dialoqun t\u0259\u015fviqi i\u015fin\u0259 t&ouml;hf\u0259 verir.<\/p>\n<p>Az\u0259rbaycan \u0259srl\u0259r boyu m&uuml;xt\u0259lif m\u0259d\u0259niyy\u0259tl\u0259rin, etnik qruplar\u0131n v\u0259 dinl\u0259rin n&uuml;may\u0259nd\u0259l\u0259rinin birg\u0259 ya\u015fay\u0131b-yaratd\u0131\u011f\u0131 v\u0259 t\u0259masda oldu\u011fu bir m\u0259kand\u0131r. \u018fsrl\u0259r boyu Az\u0259rbaycan dini d&ouml;z&uuml;ml&uuml;l&uuml;k v\u0259 m&uuml;xt\u0259lif mill\u0259tl\u0259rin birg\u0259 ya\u015fad\u0131\u011f\u0131 torpaq olmu\u015fdur.<\/p>\n<p>Tarix v\u0259 co\u011frafiyam\u0131z n&uuml;mayi\u015f etdirir ki, biz yaln\u0131z t\u0259r\u0259fda\u015fl\u0131q v\u0259 qar\u015f\u0131l\u0131ql\u0131 h&ouml;rm\u0259t ruhunda u\u011fura nail ola bil\u0259rik. Az\u0259rbaycan\u0131n bug&uuml;nk&uuml; s&uuml;r\u0259tli inki\u015faf\u0131 da m\u0259hz bu m\u0259d\u0259ni irsimiz\u0259 v\u0259 c\u0259miyy\u0259timizin b&uuml;t&uuml;n n&uuml;may\u0259nd\u0259l\u0259rinin n&uuml;mayi\u015f etdirdiyi h\u0259mr\u0259yliy\u0259 \u0259saslan\u0131r. Biz tariximiz, tarixi abid\u0259l\u0259rimizl\u0259 f\u0259xr edirik. Onlar da \u0259srl\u0259r boyu m&uuml;xt\u0259lif dinl\u0259rin n&uuml;may\u0259nd\u0259l\u0259rinin Az\u0259rbaycanda ya\u015fay\u0131b-yaratd\u0131qlar\u0131n\u0131 g&ouml;st\u0259rir. Biz q\u0259dim tariximizl\u0259 f\u0259xr edirik. D&uuml;nyan\u0131n \u0259n q\u0259dim m\u0259scidl\u0259rind\u0259n biri q\u0259dim \u015eamax\u0131 \u015f\u0259h\u0259rind\u0259 yerl\u0259\u015fir. Qafqaz\u0131n \u0259n q\u0259dim kils\u0259l\u0259rind\u0259n biri olan Qafqaz Albaniyas\u0131na m\u0259xsus kils\u0259 bizim q\u0259dim \u015e\u0259ki \u015f\u0259h\u0259rind\u0259dir.<\/p>\n<p>Bizim tariximiz m\u0259d\u0259ni m&uuml;xt\u0259liflik tarixidir v\u0259 bu g&uuml;n h\u0259min tarixi irs \u0259sas\u0131nda Az\u0259rbaycan d&uuml;nyaya m\u0259d\u0259niyy\u0259tl\u0259raras\u0131 dialoqun &ouml;lk\u0259l\u0259ri yax\u0131nla\u015fd\u0131rma\u011f\u0131n, m&uuml;xt\u0259lif m\u0259d\u0259niyy\u0259t v\u0259 sivilizasiya n&uuml;may\u0259nd\u0259l\u0259ri aras\u0131nda yeni k&ouml;rp&uuml;l\u0259rin qurulmas\u0131n\u0131n yegan\u0259 yol oldu\u011funu n&uuml;mayi\u015f etdirir.<\/p>\n<p>M&uuml;ltikulturalizm bizim &uuml;&ccedil;&uuml;n h\u0259yat t\u0259rzidir. Bu s&ouml;z nisb\u0259t\u0259n yeni olsa da, biz h\u0259min ab-havada \u0259srl\u0259r boyu ya\u015fam\u0131\u015f\u0131q. 2016-c\u0131 ilin Az\u0259rbaycanda &ldquo;Multikulturalizm \u0130li&rdquo; elan olunmas\u0131 onu s&uuml;but edir ki, biz d&uuml;nyan\u0131n diqq\u0259tini bu m&uuml;h&uuml;m ideyaya c\u0259lb etm\u0259k ist\u0259yirik. 2017-ci il is\u0259 &ldquo;\u0130slam H\u0259mr\u0259yliyi \u0130li&rdquo; elan edilib. Bu da bizim tarixi irsimiz, k&ouml;k&uuml;m&uuml;z v\u0259 d&uuml;nyaya a&ccedil;\u0131q oldu\u011fumuzu n&uuml;mayi\u015f etdir\u0259n, r\u0259mzi m\u0259na da\u015f\u0131yan add\u0131m idi. Hesab edir\u0259m ki, bu meyill\u0259r d&uuml;nyada &uuml;st&uuml;nl&uuml;k t\u0259\u015fkil ets\u0259, d&uuml;nyada t\u0259hl&uuml;k\u0259sizlik, proqnozla\u015fd\u0131r\u0131la bilm\u0259 v\u0259 s&uuml;lh b\u0259rq\u0259rar olar.<\/p>\n<p>Bizim &uuml;&ccedil;&uuml;n multikulturalizm h\u0259m d\u0259 siyas\u0259timizin m&uuml;h&uuml;m elementl\u0259rind\u0259ndir. Az\u0259rbaycanda multikulturalizm &uuml;zr\u0259 beyn\u0259lxalq m\u0259rk\u0259z yarad\u0131l\u0131b. Biz bu d\u0259y\u0259rl\u0259ri t\u0259\u015fviq edir v\u0259 multikulturalizmin b&ouml;y&uuml;k g\u0259l\u0259c\u0259yinin oldu\u011funu n&uuml;mayi\u015f etdiririk. Bilirik ki, bu m&ouml;vzu il\u0259 ba\u011fl\u0131 m&uuml;xt\u0259lif fikirl\u0259r var. Ancaq hesab edir\u0259m ki, bizim forum v\u0259 bu m&ouml;vzuda Az\u0259rbaycanda v\u0259 d&uuml;nyan\u0131n dig\u0259r yerl\u0259rind\u0259 t\u0259\u015fkil olunan &ccedil;oxsayl\u0131 beyn\u0259lxalq t\u0259dbirl\u0259r multikulturalizm d\u0259y\u0259rl\u0259rinin t\u0259\u015fviqi il\u0259 ba\u011fl\u0131 s\u0259yl\u0259r g&ouml;st\u0259rdiyimizi ayd\u0131n n&uuml;mayi\u015f etdirir.<\/p>\n<p>&Uuml;mumd&uuml;nya M\u0259d\u0259niyy\u0259tl\u0259raras\u0131 Dialoq Forumu qlobal miqyasda v\u0259 \u0259lb\u0259tt\u0259, bizim &ouml;lk\u0259miz &uuml;&ccedil;&uuml;n m&uuml;h&uuml;m beyn\u0259lxalq t\u0259dbirl\u0259rd\u0259n biridir. Son ill\u0259r \u0259rzind\u0259 Az\u0259rbaycan &ccedil;oxsayl\u0131 beyn\u0259lxalq t\u0259birl\u0259r\u0259 ev sahibliyi edib. D&uuml;nya Dini Liderl\u0259rinin Forumunu, \u0259n\u0259n\u0259vi Bak\u0131 Humanitar Forumunu, yeddi d\u0259f\u0259 Bak\u0131 Qlobal Forumunu t\u0259\u015fkil etmi\u015fik. Nizami G\u0259nc\u0259vi M\u0259rk\u0259zi t\u0259r\u0259find\u0259n t\u0259\u015fkil edil\u0259n h\u0259min forum da siyasi inki\u015faf v\u0259 m\u0259d\u0259niyy\u0259t dialoqu m&ouml;vzular\u0131n\u0131n m&uuml;zakir\u0259si &uuml;&ccedil;&uuml;n &ccedil;ox vacib platformad\u0131r. Dig\u0259r t\u0259dbirl\u0259r d\u0259 t\u0259\u015fkil edilir v\u0259 bununla da biz d&uuml;nya ictimaiyy\u0259tinin diqq\u0259tini bu m&uuml;h&uuml;m m\u0259s\u0259l\u0259l\u0259r\u0259 y&ouml;n\u0259ltm\u0259y\u0259 &ccedil;al\u0131\u015f\u0131r\u0131q.<\/p>\n<p>\u018fmin\u0259m ki, bu g&uuml;n v\u0259 sabah Forum &ccedil;\u0259r&ccedil;iv\u0259sind\u0259 apar\u0131lan m&uuml;zakir\u0259l\u0259r probleml\u0259ri a\u015fkar ed\u0259r\u0259k &ccedil;\u0131x\u0131\u015f&ccedil;\u0131lara fikirl\u0259rini bildirm\u0259k imkan\u0131 verm\u0259kl\u0259 yana\u015f\u0131, t\u0259r\u0259fda\u015fl\u0131q, h\u0259mr\u0259ylik v\u0259 \u0259m\u0259kda\u015fl\u0131\u011f\u0131 g&uuml;cl\u0259ndir\u0259c\u0259k, n\u0259tic\u0259d\u0259 m\u0259d\u0259niyy\u0259tl\u0259r aras\u0131nda k&ouml;rp&uuml; yaradacaq.<\/p>\n<p>&Ouml;t\u0259n il biz &ldquo;Bak\u0131 Prosesi&rdquo;nin 10 illiyini qeyd etdik. Bu da bizim f\u0259xr etdiyimiz bir t\u0259\u015f\u0259bb&uuml;sd&uuml;r. Yad\u0131mdad\u0131r, 2008-ci ild\u0259 bu t\u0259\u015f\u0259bb&uuml;s ir\u0259li s&uuml;r&uuml;l\u0259n kimi, o, d\u0259rhal beyn\u0259lxalq diqq\u0259ti &ouml;z&uuml;n\u0259 c\u0259lb etdi. \u0130lk d\u0259f\u0259 m\u0259hz Az\u0259rbaycan Avropa \u015euras\u0131na v\u0259 \u0130slam \u018fm\u0259kda\u015fl\u0131q T\u0259\u015fkilat\u0131na &uuml;zv olan d&ouml;vl\u0259tl\u0259rin m\u0259d\u0259niyy\u0259t nazirl\u0259rini bir araya g\u0259tirdi. 100-d\u0259n art\u0131q d&ouml;vl\u0259tin n&uuml;may\u0259nd\u0259si Bak\u0131da topla\u015fd\u0131 v\u0259 \u0259m\u0259kda\u015fl\u0131q perspektivl\u0259rini m&uuml;zakir\u0259 etdi. Biz eyni t\u0259rkibd\u0259 nazirl\u0259rin i\u015ftirak\u0131 il\u0259 daha bir t\u0259dbiri 2009-cu ild\u0259 t\u0259\u015fkil etdik. Bu t\u0259\u015f\u0259bb&uuml;s &ldquo;Bak\u0131 Prosesi&rdquo; adland\u0131r\u0131ld\u0131 v\u0259 bu g&uuml;n h\u0259min proses Avropa il\u0259 m&uuml;s\u0259lman d&uuml;nyas\u0131 aras\u0131nda dialoq &uuml;&ccedil;&uuml;n m&uuml;h&uuml;m vasit\u0259dir.<\/p>\n<p>H\u0259m \u0130slam \u018fm\u0259kda\u015fl\u0131q T\u0259\u015fkilat\u0131, h\u0259m d\u0259 Avropa t\u0259sisatlar\u0131na eyni zamanda &uuml;zv olan nadir &ouml;lk\u0259l\u0259rd\u0259n biri olan Az\u0259rbaycan t\u0259maslar\u0131n qurulmas\u0131 v\u0259 dialoq &uuml;&ccedil;&uuml;n imkanlar\u0131n yarad\u0131lmas\u0131nda &ouml;z&uuml;n&uuml;n t\u0259bii v\u0259 \u0259min\u0259m ki, m&uuml;sb\u0259t rolunu oynay\u0131r. Bizim dialoqa ehtiyac\u0131m\u0131z var. M\u0259d\u0259niyy\u0259t v\u0259 dinl\u0259raras\u0131 m&uuml;nasib\u0259tl\u0259r, siyasi g&uuml;nd\u0259lik, iqtisadi \u0259m\u0259kda\u015fl\u0131q v\u0259 t\u0259hl&uuml;k\u0259sizlik m\u0259s\u0259l\u0259l\u0259rind\u0259 dialoq z\u0259ruridir. Forumun ad\u0131 bel\u0259 dialoq adlan\u0131r. Y\u0259ni, biz m\u0259hz bunu d&uuml;nyaya t\u0259qdim edirik v\u0259 bu t\u0259\u015f\u0259bb&uuml;s geni\u015f beyn\u0259lxalq d\u0259st\u0259y\u0259 malikdir.<\/p>\n<p>Bu g&uuml;n &ldquo;Bak\u0131 Prosesi&rdquo; BMT v\u0259 dig\u0259r beyn\u0259lxalq t\u0259\u015fkilatlar t\u0259r\u0259find\u0259n d\u0259st\u0259kl\u0259nir. \u018fmin\u0259m ki, &ldquo;Bak\u0131 Prosesi&rdquo;nin b&ouml;y&uuml;k g\u0259l\u0259c\u0259yi var.<\/p>\n<p>Bu q\u0259bild\u0259n olan forumlar m\u0259d\u0259niyy\u0259tl\u0259raras\u0131 dialoq m&ouml;vzusuna diqq\u0259ti c\u0259lb edir, yeni ideyalar v\u0259 yana\u015fmalar ortaya qoyulur. M&uuml;xt\u0259lif &ouml;lk\u0259l\u0259rd\u0259 v\u0259 beyn\u0259lxalq t\u0259\u015fkilatlarda m&uuml;h&uuml;m q\u0259rar q\u0259bul ed\u0259nl\u0259r &uuml;&ccedil;&uuml;n bu, d&uuml;zg&uuml;n q\u0259rarlar\u0131n verilm\u0259si m\u0259qs\u0259dil\u0259 yax\u015f\u0131 v\u0259 m&uuml;sb\u0259t platformad\u0131r. Bu bax\u0131mdan Az\u0259rbaycan h\u0259m daxild\u0259, h\u0259m d\u0259 xaricd\u0259 qar\u015f\u0131l\u0131ql\u0131 anla\u015fma v\u0259 \u0259m\u0259kda\u015fl\u0131\u011fa s&ouml;yk\u0259n\u0259n siyas\u0259t y&uuml;r&uuml;d&uuml;r. Biz k&ouml;rp&uuml;l\u0259r qururuq. Biz Avropa il\u0259 Asiya aras\u0131nda yerl\u0259\u015firik. \u018flb\u0259tt\u0259, bizim co\u011frafiyam\u0131z tariximiz\u0259 t\u0259sir edib v\u0259 bug&uuml;nk&uuml; inki\u015faf\u0131m\u0131za da t\u0259sir etm\u0259kd\u0259dir.<\/p>\n<p>Bu g&uuml;n nisb\u0259t\u0259n g\u0259nc m&uuml;st\u0259qil d&ouml;vl\u0259t olan Az\u0259rbaycan Avropa il\u0259 Asiya aras\u0131nda k&ouml;rp&uuml;l\u0259rin yarad\u0131lmas\u0131nda m&uuml;h&uuml;m rol oynay\u0131r. Siyasi, iqtisadi, m\u0259d\u0259ni k&ouml;rp&uuml;l\u0259r, eyni zamanda, praktiki bax\u0131mdan da n\u0259qliyyat ba\u011fl\u0131l\u0131\u011f\u0131 yaradan k&ouml;rp&uuml;l\u0259r.<\/p>\n<p>&Ouml;t\u0259n il biz m&uuml;st\u0259qilliyimizin 27-ci ild&ouml;n&uuml;m&uuml;n&uuml; qeyd etdik. Bu m&uuml;dd\u0259t \u0259rzind\u0259 Az\u0259rbaycan m&uuml;asir infrastruktura v\u0259 g\u0259l\u0259c\u0259kl\u0259 ba\u011fl\u0131 ayd\u0131n bax\u0131\u015fa malik, inki\u015faf ed\u0259n &ouml;lk\u0259y\u0259 &ccedil;evrilib. Uzun ill\u0259r &uuml;zl\u0259\u015fdiyimiz \u0259sas probleml\u0259rd\u0259n biri Erm\u0259nistan\u0131n &ouml;lk\u0259mizin \u0259razisini i\u015f\u011fal etm\u0259sidir. \u0130yirmi be\u015f ild\u0259n art\u0131qd\u0131r ki, Erm\u0259nistan bizim tarixi torpa\u011f\u0131m\u0131z olan Da\u011fl\u0131q Qaraba\u011f\u0131 v\u0259 Az\u0259rbaycan\u0131n dig\u0259r 7 rayonunu i\u015f\u011fal etm\u0259kd\u0259 davam edir. Bu, beyn\u0259lxalq h&uuml;ququn kobud pozulmas\u0131d\u0131r. Bizim xalqa qar\u015f\u0131 etnik t\u0259mizl\u0259nm\u0259 apar\u0131l\u0131b, Erm\u0259nistan\u0131n t\u0259cav&uuml;z&uuml; v\u0259 i\u015f\u011fal\u0131 n\u0259tic\u0259sind\u0259 bir milyondan art\u0131q insan evl\u0259rind\u0259n did\u0259rgin sal\u0131n\u0131b. AT\u018fT i\u015f\u011fal edilmi\u015f \u0259razil\u0259r\u0259 2 d\u0259f\u0259 faktara\u015fd\u0131r\u0131c\u0131 missiya g&ouml;nd\u0259rib v\u0259 h\u0259min hesabatlar tarixi irsimizin v\u0259 dini abid\u0259l\u0259rimizin da\u011f\u0131d\u0131ld\u0131\u011f\u0131n\u0131 ayd\u0131n \u015f\u0259kild\u0259 g&ouml;st\u0259rir.<\/p>\n<p>BMT T\u0259hl&uuml;k\u0259sizlik \u015euras\u0131 Erm\u0259nistan qo\u015funlar\u0131n\u0131n i\u015f\u011fal edilmi\u015f \u0259razil\u0259rimizd\u0259n d\u0259rhal, tam v\u0259 qeyd-\u015f\u0259rtsiz &ccedil;\u0131xar\u0131lmas\u0131n\u0131 t\u0259l\u0259b ed\u0259n d&ouml;rd q\u0259tnam\u0259 q\u0259bul edib. Bu q\u0259tnam\u0259l\u0259r ka\u011f\u0131z &uuml;z\u0259rind\u0259 qal\u0131b. Bu, onun g&ouml;st\u0259ricisidir ki, b\u0259z\u0259n BMT T\u0259hl&uuml;k\u0259sizlik \u015euras\u0131n\u0131n q\u0259tnam\u0259l\u0259ri uzun ill\u0259r \u0259rzind\u0259 icra edilmir. Onlar\u0131n yerin\u0259 yetirilm\u0259 mexanizmi ya m&ouml;vcud deyil, ya da t\u0259tbiq edilmir. Bunun n\u0259tic\u0259sind\u0259 is\u0259 Az\u0259rbaycan\u0131n torpaqlar\u0131 i\u015f\u011fal alt\u0131nda qalmaqdad\u0131r.<\/p>\n<p>\u0130slam \u018fm\u0259kda\u015fl\u0131q T\u0259\u015fkilat\u0131, Qo\u015fulmama H\u0259r\u0259kat\u0131, AT\u018fT, Avropa \u015euras\u0131 v\u0259 dig\u0259r beyn\u0259lxalq t\u0259\u015fkilatlar Az\u0259rbaycan\u0131n \u0259razi b&uuml;t&ouml;vl&uuml;y&uuml; il\u0259 ba\u011fl\u0131 q\u0259tnam\u0259 v\u0259 q\u0259rarlar q\u0259bul edibl\u0259r. Az\u0259rbaycan\u0131n \u0259razi b&uuml;t&ouml;vl&uuml;y&uuml; b&uuml;t&uuml;n d&uuml;nya t\u0259r\u0259find\u0259n tan\u0131n\u0131r. Bizim \u0259razi b&uuml;t&ouml;vl&uuml;y&uuml;m&uuml;z b\u0259rpa edilm\u0259lidir v\u0259 m&uuml;naqi\u015f\u0259 beyn\u0259lxalq h&uuml;ququn normalar\u0131, BMT Nizamnam\u0259si, T\u0259hl&uuml;k\u0259sizlik \u015euras\u0131n\u0131n m&uuml;vafiq q\u0259tnam\u0259l\u0259ri v\u0259 Helsinki Yekun Akt\u0131na \u0259sas\u0259n h\u0259ll edilm\u0259lidir.<\/p>\n<p>Bu b&ouml;y&uuml;k problem v\u0259 humanitar f\u0259lak\u0259t\u0259 baxmayaraq, Az\u0259rbaycan m&uuml;asir &ouml;lk\u0259y\u0259 &ccedil;evril\u0259 bilib. Bizim f\u0259al xarici siyas\u0259timiz var. \u0130qtisadi siyas\u0259timiz &ouml;lk\u0259 \u0259halisinin ya\u015fay\u0131\u015f s\u0259viyy\u0259sinin yax\u015f\u0131la\u015fd\u0131r\u0131lmas\u0131na imkan yarad\u0131b. Xarici siyas\u0259t sah\u0259sind\u0259 Az\u0259rbaycan etibarl\u0131 t\u0259r\u0259fda\u015fd\u0131r. Biz \u0130slam \u018fm\u0259kda\u015fl\u0131\u011f\u0131 T\u0259\u015fkilat\u0131n\u0131n f\u0259al &uuml;zv&uuml;y&uuml;k. Bizim Avropa \u0130ttifaq\u0131 il\u0259 yax\u0131n m&uuml;nasib\u0259tl\u0259rimiz var. Avropa \u0130ttifaq\u0131n\u0131n 9 &uuml;zv&uuml; il\u0259 Az\u0259rbaycan aras\u0131nda strateji t\u0259r\u0259fda\u015fl\u0131q haqq\u0131nda s\u0259n\u0259dl\u0259r q\u0259bul edilib. Qeyd etdiyim kimi, &ldquo;Bak\u0131 Prosesi&rdquo; Avropa il\u0259 m&uuml;s\u0259lman d&uuml;nyas\u0131 aras\u0131nda k&ouml;rp&uuml;l\u0259rin qurulmas\u0131 bax\u0131m\u0131ndan bizim t&ouml;hf\u0259mizdir.<\/p>\n<p>Y\u0259ni, bizim xarici siyas\u0259t g&uuml;nd\u0259liyimiz \u0259m\u0259kda\u015fl\u0131\u011f\u0131n, t\u0259r\u0259fda\u015fl\u0131\u011f\u0131n g&uuml;cl\u0259ndirilm\u0259si v\u0259 qar\u015f\u0131l\u0131ql\u0131 fayda &uuml;z\u0259rind\u0259 qurulub. Bizim xarici siyas\u0259timiz biz\u0259 \u0259h\u0259miyy\u0259tli beyn\u0259lxalq n\u0259qliyyat layih\u0259l\u0259rini realla\u015fdr\u0131ma\u011fa imkan yarad\u0131r. M&uuml;xt\u0259lif &ouml;lk\u0259l\u0259rl\u0259 v\u0259 t\u0259r\u0259fda\u015flarla yax\u015f\u0131 \u0259m\u0259kda\u015fl\u0131q olmadan bu layih\u0259l\u0259rin icras\u0131 m&uuml;mk&uuml;ns&uuml;z olard\u0131. Son ill\u0259r \u0259rzind\u0259 bizim iqtisadi inki\u015faf\u0131m\u0131z enerji layih\u0259l\u0259rimiz\u0259 s&ouml;yk\u0259nib. Qon\u015fular\u0131m\u0131z v\u0259 t\u0259r\u0259fda\u015flar\u0131m\u0131zla birlikd\u0259 biz \u015fax\u0259l\u0259ndirilmi\u015f neft-qaz k\u0259m\u0259rl\u0259ri vasit\u0259sil\u0259 X\u0259z\u0259r d\u0259nizini Qara d\u0259nizl\u0259 v\u0259 X\u0259z\u0259ri Aral\u0131q d\u0259nizi il\u0259 birl\u0259\u015fdir\u0259 bildik. Bu is\u0259 bizim, qon\u015fular\u0131m\u0131z\u0131n v\u0259 d&uuml;nyan\u0131n bir s\u0131ra &ouml;lk\u0259l\u0259rinin enerji t\u0259hl&uuml;k\u0259sizliyinin t\u0259min edilm\u0259si dem\u0259kdir. Bu g&uuml;n biz C\u0259nub Qaz D\u0259hlizinin h\u0259yata ke&ccedil;irilm\u0259si &uuml;z\u0259rind\u0259 f\u0259al &ccedil;al\u0131\u015f\u0131r\u0131q. Bu, art\u0131q yeni miqyasda h\u0259yata ke&ccedil;iril\u0259n layih\u0259dir. O, 7 &ouml;lk\u0259ni birl\u0259\u015fdirir v\u0259 h\u0259min &ouml;lk\u0259l\u0259r\u0259 layih\u0259d\u0259n faydalanma\u011fa imkan yarad\u0131r.<\/p>\n<p>Son 15 ild\u0259 bizim iqtisadiyyat\u0131m\u0131z \u0259n s&uuml;r\u0259tl\u0259 inki\u015faf ed\u0259n iqtisadiyyatlar s\u0131ras\u0131nda olub. Biz m&uuml;h&uuml;m islahatlar h\u0259yata ke&ccedil;irmi\u015fik ki, bu da biz\u0259 &ouml;lk\u0259d\u0259 biznes m&uuml;hitinin yax\u015f\u0131la\u015fd\u0131r\u0131lmas\u0131 v\u0259 s\u0259rmay\u0259 c\u0259lb etm\u0259k imkan\u0131 yarad\u0131b. D&uuml;nya Bank\u0131n\u0131n sonuncu &ldquo;Doing Business&rdquo; hesabat\u0131na g&ouml;r\u0259, Az\u0259rbaycan d&uuml;nyada 25-ci yerd\u0259 q\u0259rarla\u015f\u0131b. &Ouml;lk\u0259d\u0259 xarici s\u0259rmay\u0259l\u0259r &uuml;&ccedil;&uuml;n m&uuml;nbit biznes m&uuml;hiti m&ouml;vcuddur.<\/p>\n<p>Biz xarici borcumuzun azald\u0131lmas\u0131 strategiyas\u0131 &uuml;z\u0259rind\u0259 &ccedil;al\u0131\u015f\u0131r\u0131q. O, onsuz da a\u015fa\u011f\u0131 s\u0259viyy\u0259d\u0259dir &ndash; &uuml;mumi daxili m\u0259hsulumuzun 19 faizi s\u0259viyy\u0259sind\u0259. Eyni zamanda, biz iqtisadiyyat\u0131m\u0131z\u0131n \u015fax\u0259l\u0259ndirilm\u0259si, yoxsulluq v\u0259 i\u015fsizliyin tamamil\u0259 aradan qald\u0131r\u0131lmas\u0131 &uuml;z\u0259rind\u0259 &ccedil;al\u0131\u015f\u0131r\u0131q. Bu, g&uuml;nd\u0259liyimizd\u0259 duran ba\u015fl\u0131ca m\u0259s\u0259l\u0259l\u0259rd\u0259ndir. &Ccedil;&uuml;nki bizim iqtisadi inki\u015faf\u0131m\u0131z insanlar\u0131m\u0131z\u0131n ya\u015fay\u0131\u015f s\u0259viyy\u0259sinin yax\u015f\u0131la\u015fd\u0131r\u0131lmas\u0131 il\u0259 n\u0259tic\u0259l\u0259nir. On be\u015f il &ouml;nc\u0259 \u0259halinin 50 faizi yoxsulluq s\u0259viyy\u0259sind\u0259 ya\u015fay\u0131rd\u0131. Bu g&uuml;n bu g&ouml;st\u0259rici 5-6 faiz s\u0259viyy\u0259sind\u0259dir.<\/p>\n<p>Yoxsulluq, i\u015fsizlik, sosial b\u0259rab\u0259rsizlik v\u0259 savads\u0131zl\u0131q radikalizmin v\u0259 ekstremizmin m\u0259nb\u0259l\u0259rind\u0259ndir. Az\u0259rbaycan beyn\u0259lxalq terrorizm, radikalizm v\u0259 ekstremizml\u0259 m&uuml;bariz\u0259d\u0259 &ccedil;ox f\u0259al t\u0259r\u0259fda\u015fd\u0131r. Bununla yana\u015f\u0131, biz d&uuml;nyada \u0130slam sivilizasiyas\u0131n\u0131n d\u0259y\u0259rl\u0259rini t\u0259bli\u011f edirik. Biz d&uuml;nyan\u0131n m&uuml;xt\u0259lif yerl\u0259rind\u0259 &ouml;z m\u0259d\u0259niyy\u0259timizi v\u0259 dig\u0259r t\u0259r\u0259fda\u015f m&uuml;s\u0259lman d&ouml;vl\u0259tl\u0259rinin m\u0259d\u0259niyy\u0259tini \u0259ks etdir\u0259n &ccedil;oxsayl\u0131 s\u0259rgi v\u0259 t\u0259qdimatlar ke&ccedil;iririk.<\/p>\n<p>Ba\u011fl\u0131l\u0131q haqq\u0131nda dan\u0131\u015fark\u0259n ist\u0259rdim Az\u0259rbaycan\u0131n i\u015ftirak etdiyi n\u0259qliyyat layih\u0259l\u0259rini x&uuml;susi qeyd edim. Biz bu layih\u0259l\u0259r\u0259 yaln\u0131z n\u0259qliyyat ba\u011fl\u0131l\u0131\u011f\u0131 kimi baxm\u0131r\u0131q. \u018fslind\u0259, bu layih\u0259l\u0259r regionda ab-havan\u0131 d\u0259yi\u015fir. Onlar geni\u015f beyn\u0259lxalq \u0259m\u0259kda\u015fl\u0131q format\u0131n\u0131 yarad\u0131r. Az\u0259rbaycan q\u0259dim \u0130p\u0259k Yolu &uuml;z\u0259rind\u0259 yerl\u0259\u015fir. Son ill\u0259r yaratd\u0131\u011f\u0131m\u0131z m&uuml;asir n\u0259qliyyat infrastrukturu art\u0131q Az\u0259rbaycan\u0131 vacib tranzit &ouml;lk\u0259y\u0259 &ccedil;evirib. Yax\u0131n qon\u015fular\u0131m\u0131z v\u0259 dig\u0259r t\u0259r\u0259fda\u015flar\u0131m\u0131zla s\u0131x \u0259m\u0259kda\u015fl\u0131q olmasa idi, biz tranzit &ouml;lk\u0259y\u0259 &ccedil;evril\u0259 bilm\u0259zdik. Bunun &uuml;&ccedil;&uuml;n qon\u015fular v\u0259 t\u0259r\u0259fda\u015flar t\u0259l\u0259b olunur.<\/p>\n<p>N\u0259qliyyat sah\u0259sin\u0259 qoyulan s\u0259rmay\u0259l\u0259r avtomatik olaraq regionda daha da proqnozla\u015fd\u0131r\u0131la bil\u0259n v\u0259ziyy\u0259t yarad\u0131r ki, burada &ouml;lk\u0259l\u0259r birg\u0259 faydalan\u0131r. Bizim siyas\u0259timiz \u0259m\u0259kda\u015fl\u0131q, qar\u015f\u0131l\u0131ql\u0131 anla\u015fma v\u0259 qar\u015f\u0131l\u0131ql\u0131 fayda vasit\u0259sil\u0259 m\u0259qs\u0259dl\u0259rimiz\u0259 nail olmaq v\u0259 &ouml;lk\u0259ni g&uuml;cl\u0259ndirm\u0259kd\u0259n ibar\u0259tdir.<\/p>\n<p>Enerji t\u0259hl&uuml;k\u0259sizliyi il\u0259 ba\u011fl\u0131 siyas\u0259timizd\u0259 d\u0259 biz h\u0259r zaman istehsal&ccedil;\u0131, tranzit d&ouml;vl\u0259tl\u0259r v\u0259 istehlak&ccedil;\u0131lar aras\u0131nda laz\u0131mi balans\u0131 tapma\u011fa &ccedil;al\u0131\u015f\u0131r\u0131q. Burada h\u0259r bir t\u0259r\u0259f fayda g&ouml;rm\u0259s\u0259, u\u011furdan s&ouml;hb\u0259t ged\u0259 bilm\u0259z. Biz h\u0259r zaman t\u0259r\u0259fda\u015flar\u0131m\u0131z\u0131n ehtiyac\u0131 oldu\u011fu vaxt onlara d\u0259st\u0259k verm\u0259y\u0259 haz\u0131r olmal\u0131y\u0131q. Eyni zamanda, laz\u0131m g\u0259ldikd\u0259 onlardan da eyni d\u0259st\u0259yi g&ouml;zl\u0259yirik.<\/p>\n<p>Az\u0259rbaycan, h\u0259m&ccedil;inin \u015eimal-C\u0259nub n\u0259qliyyat d\u0259hlizinin f\u0259al i\u015ftirak&ccedil;\u0131s\u0131d\u0131r. X\u0259rit\u0259y\u0259 baxsan\u0131z \u015e\u0259rqd\u0259n-Q\u0259rb\u0259, \u015eimaldan-C\u0259nuba ged\u0259n n\u0259qliyyat mar\u015frutlar\u0131n\u0131n &ouml;lk\u0259mizin \u0259razisind\u0259n ke&ccedil;diyini g&ouml;r\u0259rsiniz. Buna nail olmaq &uuml;&ccedil;&uuml;n is\u0259 g\u0259rgin i\u015fl\u0259m\u0259li olduq. Burada co\u011frafiya kifay\u0259t deyil, bu, yaln\u0131z ilkin \u015f\u0259rt, z\u0259ruri element say\u0131la bil\u0259r. Biz n\u0259qliyyat infrastrukturuna &#8211; d\u0259niz limanlar\u0131, d\u0259mir yollar\u0131, hava limanlar\u0131 v\u0259 magistral yollara b&ouml;y&uuml;k s\u0259rmay\u0259 yat\u0131rd\u0131q. Bel\u0259likl\u0259, bu g&uuml;n co\u011frafi v\u0259 n\u0259qliyyat m\u0259rk\u0259zi olmaq bax\u0131m\u0131ndan Az\u0259rbaycan t\u0259r\u0259fda\u015flar\u0131na &ccedil;oxlu imkanlar t\u0259klif edir.<\/p>\n<p>\u018fziz dostlar, Az\u0259rbaycanda ke&ccedil;iril\u0259n bug&uuml;nk&uuml; Forum \u0259lam\u0259tdar hadis\u0259dir. Bir daha bu Forumda i\u015ftirak ed\u0259n b&uuml;t&uuml;n t\u0259r\u0259fda\u015flar, t\u0259r\u0259fda\u015f t\u0259\u015fkilatlar, ziyal\u0131lar, aliml\u0259r, siyas\u0259t&ccedil;il\u0259r, ictimai xadiml\u0259r, QHT v\u0259 media n&uuml;may\u0259nd\u0259l\u0259rin\u0259 minn\u0259tdarl\u0131\u011f\u0131m\u0131 bildirir\u0259m. \u018fmin\u0259m ki, m&uuml;zakir\u0259l\u0259r s\u0259m\u0259r\u0259li olacaq v\u0259 bunun n\u0259tic\u0259sind\u0259 m&uuml;vafiq t&ouml;vsiy\u0259l\u0259r veril\u0259c\u0259k v\u0259 &ouml;lk\u0259l\u0259rin g\u0259l\u0259c\u0259yi v\u0259 regional inki\u015fafla ba\u011fl\u0131 q\u0259rar q\u0259bul ed\u0259n \u015f\u0259xsl\u0259r bizim t&ouml;vsiy\u0259l\u0259rimizi n\u0259z\u0259r\u0259 alacaq, bel\u0259likl\u0259, d&uuml;nya daha sabit v\u0259 t\u0259hl&uuml;k\u0259siz olacaq.<\/p>\n<p>&Ccedil;ox sa\u011f olun.<\/p>\n<p><strong>X X X<\/strong><\/p>\n<p>Sonra q\u0259dim sivilizasiyalara v\u0259 m&uuml;asir Az\u0259rbaycandak\u0131 tolerantl\u0131q m&uuml;hitin\u0259 h\u0259sr edilmi\u015f video&ccedil;arx n&uuml;mayi\u015f olundu.<\/p>\n<p>T\u0259dbirin moderatoru Forumun y&uuml;ks\u0259k s\u0259viyy\u0259d\u0259 t\u0259\u015fkilin\u0259 v\u0259 d\u0259rin m\u0259zmunlu &ccedil;\u0131x\u0131\u015f\u0131na g&ouml;r\u0259 Prezident \u0130lham \u018fliyev\u0259 minn\u0259tdarl\u0131\u011f\u0131n\u0131 bildirdi. Qeyd etdi ki, &ldquo;Bak\u0131 Prosesi&rdquo; s&uuml;lhsev\u0259r q&uuml;vv\u0259l\u0259ri g&uuml;cl\u0259ndirm\u0259kl\u0259 m&uuml;naqi\u015f\u0259l\u0259ri aradan qald\u0131rma\u011fa k&ouml;m\u0259k ed\u0259n prosesdir.<\/p>\n<p>Forumda &ccedil;\u0131x\u0131\u015f ed\u0259n BMT-nin Sivilizasiyalar Alyans\u0131 &uuml;zr\u0259 Ali n&uuml;may\u0259nd\u0259si Migel Anxel Moratinos ilk d\u0259f\u0259 m&ouml;ht\u0259\u015f\u0259m Bak\u0131 \u015f\u0259h\u0259rind\u0259 olmas\u0131ndan son d\u0259r\u0259c\u0259 m\u0259mnunlu\u011funu ifad\u0259 etdi. Bildirdi ki, BMT-nin Sivilizasiyalararas\u0131 Alyans\u0131 Az\u0259rbaycan Prezidentinin t\u0259\u015f\u0259bb&uuml;s&uuml; il\u0259 yarad\u0131lm\u0131\u015f &ldquo;Bak\u0131 Prosesi&rdquo;nin t\u0259r\u0259fda\u015f\u0131d\u0131r. &ldquo;Birlik Bak\u0131 Prosesi&rdquo;nin ruhudur&rdquo;, &#8211; dey\u0259n Migel Moratinos \u0259lav\u0259 etdi ki, Bak\u0131 BMT-nin Sivilizasiyalararas\u0131 Alyans\u0131n\u0131n hab\u0131na &ccedil;evril\u0259 bil\u0259r. O, d&uuml;nyada ba\u015f ver\u0259n hadis\u0259l\u0259r fonunda bu beyn\u0259lxalq m&ouml;t\u0259b\u0259r t\u0259dbirin vaxt\u0131nda ke&ccedil;irildiyini vur\u011fulad\u0131 v\u0259 Forumda m&uuml;zakir\u0259 olunacaq m\u0259s\u0259l\u0259l\u0259rin \u0259sas istiqam\u0259tl\u0259rind\u0259n dan\u0131\u015fd\u0131.<\/p>\n<p>UNESCO-nun Ba\u015f direktorunun sosial v\u0259 humanitar elml\u0259r &uuml;zr\u0259 m&uuml;avini Nada Al-Na\u015fif d&uuml;nyada multikulturalizmin t\u0259bli\u011find\u0259 v\u0259 b\u0259\u015f\u0259ri d\u0259y\u0259rl\u0259rin b\u0259rq\u0259rar olmas\u0131nda Prezident \u0130lham \u018fliyevin v\u0259 &ouml;lk\u0259mizin rolunu x&uuml;susi vur\u011fulad\u0131. Bildirdi ki, b\u0259\u015f\u0259riyy\u0259tin ba\u015fl\u0131ca h\u0259d\u0259fl\u0259ri m&uuml;sb\u0259t d\u0259yi\u015fiklikl\u0259r, insan h&uuml;quqlar\u0131, dayan\u0131ql\u0131 inki\u015faf v\u0259 m&uuml;xt\u0259lifliyin t\u0259min edilm\u0259si olmal\u0131d\u0131r. Nada Al-Na\u015fif bu istiqam\u0259td\u0259 UNESCO x\u0259tti il\u0259 d\u0259 silsil\u0259 t\u0259dbirl\u0259rin h\u0259yata ke&ccedil;irildiyini dedi, h\u0259min m&ouml;t\u0259b\u0259r beyn\u0259lxalq qurumun m\u0259d\u0259niyy\u0259tl\u0259raras\u0131 dialoqun daha s\u0259m\u0259r\u0259li olmas\u0131na t&ouml;hf\u0259l\u0259rini \u0259sirg\u0259m\u0259diyini diqq\u0259t\u0259 &ccedil;atd\u0131rd\u0131.<\/p>\n<p>\u0130slam \u018fm\u0259kda\u015fl\u0131q T\u0259\u015fkilat\u0131n\u0131n Ba\u015f katibi Yusif bin \u018fhm\u0259d \u018fl-Osaymin Bak\u0131 Forumunun y&uuml;ks\u0259k s\u0259viyy\u0259d\u0259 t\u0259\u015fkilin\u0259 v\u0259 bu m&uuml;h&uuml;m t\u0259dbir\u0259 d\u0259v\u0259t\u0259 g&ouml;r\u0259 Prezident \u0130lham \u018fliyev\u0259 d\u0259rin minn\u0259tdarl\u0131\u011f\u0131n\u0131 bildirdi. O, bu t\u0259dbirin Q\u0259rbl\u0259 \u0130slam d&uuml;nyas\u0131 aras\u0131nda m\u0259d\u0259niyy\u0259tl\u0259raras\u0131 dialoqa m&uuml;h&uuml;m t&ouml;hf\u0259 oldu\u011funu vur\u011fulad\u0131. \u0130slam \u018fm\u0259kda\u015fl\u0131q T\u0259\u015fkilat\u0131n\u0131n Ba\u015f katibi m\u0259d\u0259niyy\u0259tl\u0259raras\u0131 v\u0259 sivilizasiyalararas\u0131 dialoqun &ccedil;ox z\u0259ruri oldu\u011funu v\u0259 b&uuml;t&uuml;n &ouml;lk\u0259l\u0259rin bu istiqam\u0259td\u0259 s\u0259yl\u0259rini birl\u0259\u015fdirm\u0259l\u0259rinin vacibliyini dedi. O, Prezident \u0130lham \u018fliyevin m\u0259d\u0259niyy\u0259tl\u0259raras\u0131 dialoqun g&uuml;cl\u0259ndirilm\u0259si i\u015fin\u0259 daim sadiqlik n&uuml;mayi\u015f etdirdiyini vur\u011fulad\u0131 v\u0259 Foruma u\u011furlar arzulad\u0131.<\/p>\n<p>Avropa \u015euras\u0131n\u0131n Ba\u015f katibinin m&uuml;avini Qabriella Battaini-Draqoni Az\u0259rbaycan\u0131n m\u0259d\u0259niyy\u0259tl\u0259raras\u0131 dialoqda apar\u0131c\u0131 d&ouml;vl\u0259tl\u0259rd\u0259n biri oldu\u011funu bildirdi. O, &ldquo;Bak\u0131 Prosesi&rdquo;nin u\u011fur tarix&ccedil;\u0259sin\u0259 &ccedil;evrildiyini x&uuml;susi vur\u011fulad\u0131. Avropa \u015euras\u0131n\u0131n d&uuml;nyada m\u0259d\u0259niyy\u0259tl\u0259raras\u0131 v\u0259 sivilizasiyalararas\u0131 dialoqun g&uuml;cl\u0259ndirilm\u0259si, g\u0259ncl\u0259rin maarifl\u0259ndirilm\u0259si v\u0259 dig\u0259r istiqam\u0259tl\u0259rd\u0259 kompleks i\u015f apard\u0131\u011f\u0131n\u0131 dey\u0259n Qabriella Battaini-Draqoni bu bax\u0131mdan Bak\u0131 Forumunun m&uuml;h&uuml;m \u0259h\u0259miyy\u0259t k\u0259sb etdiyini diqq\u0259t\u0259 &ccedil;atd\u0131rd\u0131.<\/p>\n<p>ISESCO-nun Ba\u015f direktoru \u018fbd&uuml;l\u0259ziz Osman \u0259l-Tuveycri Bak\u0131 Forumunun d&uuml;nyan\u0131n \u0259n n&uuml;fuzlu t\u0259dbirl\u0259rind\u0259n biri oldu\u011funu dedi. O, indiki d&ouml;vrd\u0259 d&uuml;nya liderl\u0259rinin siyasi irad\u0259 g&ouml;st\u0259rm\u0259sinin vacibliyini diqq\u0259t\u0259 &ccedil;atd\u0131rd\u0131, bu bax\u0131mdan Prezident \u0130lham \u018fliyevin n&uuml;mun\u0259vi m&ouml;vqe n&uuml;mayi\u015f etdirdiyini x&uuml;susi vur\u011fulad\u0131. Erm\u0259nistan-Az\u0259rbaycan Da\u011fl\u0131q Qaraba\u011f m&uuml;naqi\u015f\u0259si il\u0259 ba\u011fl\u0131 beyn\u0259lxalq birliyin \u0259dal\u0259tsiz m&ouml;vqe tutdu\u011funu, bunun yolverilm\u0259z oldu\u011funu dey\u0259n \u018fbd&uuml;l\u0259ziz Osman \u0259l-Tuveycri d&uuml;nyan\u0131 Az\u0259rbaycan\u0131n \u0259razi b&uuml;t&ouml;vl&uuml;y&uuml;n&uuml;n b\u0259rpa olunmas\u0131na d\u0259st\u0259k verm\u0259y\u0259 &ccedil;a\u011f\u0131rd\u0131 v\u0259 Forumun i\u015fin\u0259 u\u011furlar arzulad\u0131.<br \/>\n\/Az\u0259rTac<\/p>\n","protected":false},"excerpt":{"rendered":"<p>May\u0131n 2-d\u0259 Bak\u0131da &ldquo;Ayr\u0131-se&ccedil;kilik, qeyri-b\u0259rab\u0259rlik v\u0259 zorak\u0131 m&uuml;naqi\u015f\u0259y\u0259 qar\u015f\u0131 f\u0259aliyy\u0259t namin\u0259 dialoq quraq&rdquo; \u015f&uuml;ar\u0131 alt\u0131nda V &Uuml;mumd&uuml;nya M\u0259d\u0259niyy\u0259tl\u0259raras\u0131 Dialoq Forumu i\u015f\u0259 ba\u015flay\u0131b. &nbsp;Az\u0259rbaycan Respublikas\u0131n\u0131n Prezidenti \u0130lham \u018fliyev v\u0259 birinci xan\u0131m&hellip;<\/p>\n","protected":false},"author":1,"featured_media":251278,"comment_status":"open","ping_status":"open","sticky":false,"template":"","format":"standard","meta":{"_lmt_disableupdate":"","_lmt_disable":"","footnotes":""},"categories":[],"tags":[],"class_list":["post-79209","post","type-post","status-publish","format-standard","has-post-thumbnail","hentry"],"_links":{"self":[{"href":"https:\/\/ucnoqta.az\/index.php?rest_route=\/wp\/v2\/posts\/79209","targetHints":{"allow":["GET"]}}],"collection":[{"href":"https:\/\/ucnoqta.az\/index.php?rest_route=\/wp\/v2\/posts"}],"about":[{"href":"https:\/\/ucnoqta.az\/index.php?rest_route=\/wp\/v2\/types\/post"}],"author":[{"embeddable":true,"href":"https:\/\/ucnoqta.az\/index.php?rest_route=\/wp\/v2\/users\/1"}],"replies":[{"embeddable":true,"href":"https:\/\/ucnoqta.az\/index.php?rest_route=%2Fwp%2Fv2%2Fcomments&post=79209"}],"version-history":[{"count":0,"href":"https:\/\/ucnoqta.az\/index.php?rest_route=\/wp\/v2\/posts\/79209\/revisions"}],"wp:featuredmedia":[{"embeddable":true,"href":"https:\/\/ucnoqta.az\/index.php?rest_route=\/wp\/v2\/media\/251278"}],"wp:attachment":[{"href":"https:\/\/ucnoqta.az\/index.php?rest_route=%2Fwp%2Fv2%2Fmedia&parent=79209"}],"wp:term":[{"taxonomy":"category","embeddable":true,"href":"https:\/\/ucnoqta.az\/index.php?rest_route=%2Fwp%2Fv2%2Fcategories&post=79209"},{"taxonomy":"post_tag","embeddable":true,"href":"https:\/\/ucnoqta.az\/index.php?rest_route=%2Fwp%2Fv2%2Ftags&post=79209"}],"curies":[{"name":"wp","href":"https:\/\/api.w.org\/{rel}","templated":true}]}}